{"id":98,"date":"2014-02-04T02:06:39","date_gmt":"2014-02-04T01:06:39","guid":{"rendered":"http:\/\/blog.swt-sports.de\/?p=98"},"modified":"2020-08-11T19:46:24","modified_gmt":"2020-08-11T18:46:24","slug":"ein-winterfest-mit-5000-motorradfahrern","status":"publish","type":"post","link":"https:\/\/blog.swt-sports.de\/index.php\/ein-winterfest-mit-5000-motorradfahrern\/","title":{"rendered":"Ein Winterfest mit 5000 Motorradfahrern"},"content":{"rendered":"<figure style=\"width: 617px\" class=\"wp-caption aligncenter\"><a href=\"https:\/\/plus.google.com\/photos\/111521186839069639078\/albums\/5976197701753962625\/5976197701916471282?banner=pwa&amp;pid=5976197701916471282&amp;oid=111521186839069639078\" target=\"_blank\" rel=\"noopener noreferrer\"><img decoding=\"async\" title=\"Eingang zum Treffen\" src=\"https:\/\/lh4.googleusercontent.com\/-hlL5gZ6o3_Q\/Uu-4OcK4RbI\/AAAAAAAALEw\/mZTT8-heiXU\/w791-h593-no\/DSCN0054.JPG\" alt=\"Elefantentreffen im Bayrischen Wald\" width=\"617\" height=\"463\" \/><\/a><figcaption class=\"wp-caption-text\">58. Elefantentreffen in Solla bei Thumansbang<\/figcaption><\/figure>\n<p style=\"text-align: center;\">war das diesj\u00e4hrige <strong>58. Elefantentreffen<\/strong> bei Loh (Landkreis Freyung-Grafenau).<\/p>\n<p>Bei unserer Ankunft mit meinem Mercedes Transporter ( IGLHAUT 4&#215;4 ), den man dort auch gut gebrauchen konnte, war vom Schnee der letzten Tage nicht mehr viel \u00fcbrig geblieben. Auch die Anreise verlief nicht so sch\u00f6n wie wir es geplant hatten. Eigentlich wollten wir schon um die Mittagszeit auf dem gr\u00f6\u00dften Wintertreffen der Biker in Deutschland sein. Ein kleiner Defekt am Zugfahrzeug und ein Lieferant, der zu sp\u00e4t lieferte, machten den Zeitplan kaputt.<\/p>\n<figure style=\"width: 600px\" class=\"wp-caption aligncenter\"><a href=\"https:\/\/plus.google.com\/photos\/111521186839069639078\/albums\/5976197701753962625?banner=pwa\" target=\"_blank\" rel=\"noopener noreferrer\"><img decoding=\"async\" src=\"https:\/\/lh5.googleusercontent.com\/-PwjM3qu9Pbo\/Uu-4g2uLNVI\/AAAAAAAALII\/zRg06cUPkg4\/w791-h593-no\/DSCN0108.JPG\" alt=\"Elefantentreffen im bayerischen Wald\" width=\"600\" height=\"450\" \/><\/a><figcaption class=\"wp-caption-text\">Harte Jungs beim Elefantentreffen in Solla<\/figcaption><\/figure>\n<p style=\"text-align: center;\">Dort angekommen, war ich erst einmal \u00fcberrascht \u00fcber die vielen Besucher, die schon auf dem Platz campierten obwohl das Treffen doch erst am darauffolgenden Tag begann. Von der Orga erfuhr ich, dass viele der Anwesenden schon am Montag ihr Lager am Hexenkessel aufgeschlagen hatten, um sich dort einen guten Platz zu sichern. Fasziniert war ich von der Freundlichkeit und Hilfsbereitschaft, die auf diesem Treffen gelebt wird. Jeder hilft jedem, auch bei der Herkunft und Hautfarbe gibt es trotz der oft sehr militant aussehenden Verkleidung der Teilnehmer keine Probleme.<\/p>\n<p>Hier lernt man wie richtig gefeiert wird.<\/p>\n<p>Am Samstag Nachmittag gab es eine Pokalverleihung. Unter anderem wurde f\u00fcr die weiteste Anreise einer Frau aus Moskau, die mit ihrer Maschine angereist war, der Pokal f\u00fcr die weiteste Anreise verliehen. Ich konnte den zweiten Platz f\u00fcr den \u201esch\u00f6nsten Umbau mit Stra\u00dfenzulassung\u201c , f\u00fcr meine Wettbewerbs <a title=\"BMW Boxer 2-Ventiler\" href=\"http:\/\/www.swt-sports.de\/\" target=\"_blank\" rel=\"noopener noreferrer\"><strong>BMW GS<\/strong><\/a> erzielen. Es war ein tolles Gef\u00fchl, diesen Preis vom Bundesverband der Motorradfahrer ( <em>BVDM<\/em> ) entgegen zu nehmen.<\/p>\n<p>Am Abend gab es einen Fackelzug und einen Gedenkgottesdienst. Leider wurde dieser bewusst von anwesenden St\u00f6renfrieden mit B\u00f6llern und Motorenger\u00e4uschen gest\u00f6rt. Au\u00dferdem gab es eine Auseinandersetzung, bei der zwei Br\u00fcder aus dem Landkreis Regen aufeinander los gegangen sind. Als ein Rettungssanit\u00e4ter eingriff, wurde auch dieser von dem 20 j\u00e4hrigen Wandalen angegriffen.<\/p>\n<p>Als wir als Helfer im Kessel eintrafen sa\u00dfen beide schon \u00fcberw\u00e4ltigt am Boden. Beide waren augenscheinlich betrunken und verletzt und wurden mit Hilfe der \u00f6rtlichen Feuerwehr zum am Ausgang geparkten Sanit\u00e4tsfahrzeug gebracht. Beide wurden vorl\u00e4ufig von der Polizei in Gewahrsam genommen. Meines Erachtens waren diese Streitv\u00f6gel auf dieser Veranstaltung fehl am Platz.<\/p>\n<figure style=\"width: 621px\" class=\"wp-caption aligncenter\"><a href=\"http:\/\/c90adventures.co.uk\/\" target=\"_blank\" rel=\"noopener noreferrer\"><img decoding=\"async\" class=\" \" src=\"https:\/\/lh4.googleusercontent.com\/-PfDamKFA4Ac\/Uu-4rCK9lhI\/AAAAAAAALJ8\/yfzE6NaHmC4\/w791-h593-no\/DSCN0144.JPG\" alt=\"\" width=\"621\" height=\"466\" \/><\/a><figcaption class=\"wp-caption-text\">Ed March auf seiner C 90 HONDA<\/figcaption><\/figure>\n<p>F\u00fcr diese Art von Motorradtreffen muss man geboren sein. Es gibt nur zwei Arten von Besuchern, die einen kommen nie mehr, die anderen sind jedes Jahr dabei, beim Wintertreffen der Superlative. Ich m\u00f6chte mich hier f\u00fcr die freundliche Aufnahme beim BVDM bedanken. Nat\u00fcrlich werde ich auch im n\u00e4chsten Jahr den Reifenservice in Thrumansbang wieder \u00fcbernehmen.<\/p>\n<p><a href=\"https:\/\/plus.google.com\/photos\/111521186839069639078\/albums\/5976197701753962625?banner=pwa\" target=\"_blank\" rel=\"noopener noreferrer\">Weitere Bilder&#8230;..<\/a><\/p>\n","protected":false},"excerpt":{"rendered":"<p>war das diesj\u00e4hrige 58. Elefantentreffen bei Loh (Landkreis Freyung-Grafenau). Bei unserer Ankunft mit meinem Mercedes Transporter ( IGLHAUT 4&#215;4 ), [&hellip;]<\/p>\n","protected":false},"author":26194,"featured_media":0,"comment_status":"open","ping_status":"closed","sticky":false,"template":"","format":"standard","meta":{"footnotes":""},"categories":[1306],"tags":[557,558,567,3,5,8,11],"class_list":["post-98","post","type-post","status-publish","format-standard","hentry","category-events","tag-thumansbang","tag-wintertreffen","tag-motorradtreffen","tag-bmw","tag-2-ventiler","tag-bmw-boxer","tag-elefantentreffen"],"yoast_head":"<!-- This site is optimized with the Yoast SEO plugin v27.5 - https:\/\/yoast.com\/product\/yoast-seo-wordpress\/ -->\n<title>Ein Winterfest mit 5000 Motorradfahrern - SWT-SPORTS Blog<\/title>\n<meta name=\"robots\" content=\"index, follow, max-snippet:-1, max-image-preview:large, max-video-preview:-1\" \/>\n<link rel=\"canonical\" href=\"https:\/\/blog.swt-sports.de\/index.php\/ein-winterfest-mit-5000-motorradfahrern\/\" \/>\n<meta property=\"og:locale\" content=\"de_DE\" \/>\n<meta property=\"og:type\" content=\"article\" \/>\n<meta property=\"og:title\" content=\"Ein Winterfest mit 5000 Motorradfahrern - SWT-SPORTS Blog\" \/>\n<meta property=\"og:description\" content=\"war das diesj\u00e4hrige 58. Elefantentreffen bei Loh (Landkreis Freyung-Grafenau). Bei unserer Ankunft mit meinem Mercedes Transporter ( IGLHAUT 4&#215;4 ), [&hellip;]\" \/>\n<meta property=\"og:url\" content=\"https:\/\/blog.swt-sports.de\/index.php\/ein-winterfest-mit-5000-motorradfahrern\/\" \/>\n<meta property=\"og:site_name\" content=\"SWT-SPORTS Blog\" \/>\n<meta property=\"article:publisher\" content=\"https:\/\/www.facebook.com\/\" \/>\n<meta property=\"article:published_time\" content=\"2014-02-04T01:06:39+00:00\" \/>\n<meta property=\"article:modified_time\" content=\"2020-08-11T18:46:24+00:00\" \/>\n<meta property=\"og:image\" content=\"https:\/\/lh4.googleusercontent.com\/-hlL5gZ6o3_Q\/Uu-4OcK4RbI\/AAAAAAAALEw\/mZTT8-heiXU\/w791-h593-no\/DSCN0054.JPG\" \/>\n<meta name=\"author\" content=\"Lutz Lindemann\" \/>\n<meta name=\"twitter:card\" content=\"summary_large_image\" \/>\n<meta name=\"twitter:creator\" content=\"@swtsports\" \/>\n<meta name=\"twitter:site\" content=\"@swtsports\" \/>\n<meta name=\"twitter:label1\" content=\"Verfasst von\" \/>\n\t<meta name=\"twitter:data1\" content=\"Lutz Lindemann\" \/>\n\t<meta name=\"twitter:label2\" content=\"Gesch\u00e4tzte Lesezeit\" \/>\n\t<meta name=\"twitter:data2\" content=\"2\u00a0Minuten\" \/>\n<script type=\"application\/ld+json\" class=\"yoast-schema-graph\">{\"@context\":\"https:\\\/\\\/schema.org\",\"@graph\":[{\"@type\":\"Article\",\"@id\":\"https:\\\/\\\/blog.swt-sports.de\\\/index.php\\\/ein-winterfest-mit-5000-motorradfahrern\\\/#article\",\"isPartOf\":{\"@id\":\"https:\\\/\\\/blog.swt-sports.de\\\/index.php\\\/ein-winterfest-mit-5000-motorradfahrern\\\/\"},\"author\":{\"name\":\"Lutz Lindemann\",\"@id\":\"https:\\\/\\\/blog.swt-sports.de\\\/#\\\/schema\\\/person\\\/b1fb20850ef709b5efbd2510a27b50ec\"},\"headline\":\"Ein Winterfest mit 5000 Motorradfahrern\",\"datePublished\":\"2014-02-04T01:06:39+00:00\",\"dateModified\":\"2020-08-11T18:46:24+00:00\",\"mainEntityOfPage\":{\"@id\":\"https:\\\/\\\/blog.swt-sports.de\\\/index.php\\\/ein-winterfest-mit-5000-motorradfahrern\\\/\"},\"wordCount\":464,\"commentCount\":1,\"publisher\":{\"@id\":\"https:\\\/\\\/blog.swt-sports.de\\\/#organization\"},\"image\":{\"@id\":\"https:\\\/\\\/blog.swt-sports.de\\\/index.php\\\/ein-winterfest-mit-5000-motorradfahrern\\\/#primaryimage\"},\"thumbnailUrl\":\"https:\\\/\\\/lh4.googleusercontent.com\\\/-hlL5gZ6o3_Q\\\/Uu-4OcK4RbI\\\/AAAAAAAALEw\\\/mZTT8-heiXU\\\/w791-h593-no\\\/DSCN0054.JPG\",\"keywords\":[\"Thumansbang\",\"Wintertreffen\",\"Motorradtreffen\",\"BMW\",\"2-Ventiler\",\"BMW Boxer\",\"Elefantentreffen\"],\"articleSection\":[\"Events\"],\"inLanguage\":\"de\",\"potentialAction\":[{\"@type\":\"CommentAction\",\"name\":\"Comment\",\"target\":[\"https:\\\/\\\/blog.swt-sports.de\\\/index.php\\\/ein-winterfest-mit-5000-motorradfahrern\\\/#respond\"]}]},{\"@type\":\"WebPage\",\"@id\":\"https:\\\/\\\/blog.swt-sports.de\\\/index.php\\\/ein-winterfest-mit-5000-motorradfahrern\\\/\",\"url\":\"https:\\\/\\\/blog.swt-sports.de\\\/index.php\\\/ein-winterfest-mit-5000-motorradfahrern\\\/\",\"name\":\"Ein Winterfest mit 5000 Motorradfahrern - SWT-SPORTS Blog\",\"isPartOf\":{\"@id\":\"https:\\\/\\\/blog.swt-sports.de\\\/#website\"},\"primaryImageOfPage\":{\"@id\":\"https:\\\/\\\/blog.swt-sports.de\\\/index.php\\\/ein-winterfest-mit-5000-motorradfahrern\\\/#primaryimage\"},\"image\":{\"@id\":\"https:\\\/\\\/blog.swt-sports.de\\\/index.php\\\/ein-winterfest-mit-5000-motorradfahrern\\\/#primaryimage\"},\"thumbnailUrl\":\"https:\\\/\\\/lh4.googleusercontent.com\\\/-hlL5gZ6o3_Q\\\/Uu-4OcK4RbI\\\/AAAAAAAALEw\\\/mZTT8-heiXU\\\/w791-h593-no\\\/DSCN0054.JPG\",\"datePublished\":\"2014-02-04T01:06:39+00:00\",\"dateModified\":\"2020-08-11T18:46:24+00:00\",\"breadcrumb\":{\"@id\":\"https:\\\/\\\/blog.swt-sports.de\\\/index.php\\\/ein-winterfest-mit-5000-motorradfahrern\\\/#breadcrumb\"},\"inLanguage\":\"de\",\"potentialAction\":[{\"@type\":\"ReadAction\",\"target\":[\"https:\\\/\\\/blog.swt-sports.de\\\/index.php\\\/ein-winterfest-mit-5000-motorradfahrern\\\/\"]}]},{\"@type\":\"ImageObject\",\"inLanguage\":\"de\",\"@id\":\"https:\\\/\\\/blog.swt-sports.de\\\/index.php\\\/ein-winterfest-mit-5000-motorradfahrern\\\/#primaryimage\",\"url\":\"https:\\\/\\\/lh4.googleusercontent.com\\\/-hlL5gZ6o3_Q\\\/Uu-4OcK4RbI\\\/AAAAAAAALEw\\\/mZTT8-heiXU\\\/w791-h593-no\\\/DSCN0054.JPG\",\"contentUrl\":\"https:\\\/\\\/lh4.googleusercontent.com\\\/-hlL5gZ6o3_Q\\\/Uu-4OcK4RbI\\\/AAAAAAAALEw\\\/mZTT8-heiXU\\\/w791-h593-no\\\/DSCN0054.JPG\"},{\"@type\":\"BreadcrumbList\",\"@id\":\"https:\\\/\\\/blog.swt-sports.de\\\/index.php\\\/ein-winterfest-mit-5000-motorradfahrern\\\/#breadcrumb\",\"itemListElement\":[{\"@type\":\"ListItem\",\"position\":1,\"name\":\"Startseite\",\"item\":\"https:\\\/\\\/blog.swt-sports.de\\\/\"},{\"@type\":\"ListItem\",\"position\":2,\"name\":\"Ein Winterfest mit 5000 Motorradfahrern\"}]},{\"@type\":\"WebSite\",\"@id\":\"https:\\\/\\\/blog.swt-sports.de\\\/#website\",\"url\":\"https:\\\/\\\/blog.swt-sports.de\\\/\",\"name\":\"SWT-SPORTS Blog\",\"description\":\"BMW Motorrad | 2-Ventiler | R80 \\\/ R100GS G\\\/S | Paris Dakar | BMW-Boxer\",\"publisher\":{\"@id\":\"https:\\\/\\\/blog.swt-sports.de\\\/#organization\"},\"potentialAction\":[{\"@type\":\"SearchAction\",\"target\":{\"@type\":\"EntryPoint\",\"urlTemplate\":\"https:\\\/\\\/blog.swt-sports.de\\\/?s={search_term_string}\"},\"query-input\":{\"@type\":\"PropertyValueSpecification\",\"valueRequired\":true,\"valueName\":\"search_term_string\"}}],\"inLanguage\":\"de\"},{\"@type\":\"Organization\",\"@id\":\"https:\\\/\\\/blog.swt-sports.de\\\/#organization\",\"name\":\"SWT Sports\",\"url\":\"https:\\\/\\\/blog.swt-sports.de\\\/\",\"logo\":{\"@type\":\"ImageObject\",\"inLanguage\":\"de\",\"@id\":\"https:\\\/\\\/blog.swt-sports.de\\\/#\\\/schema\\\/logo\\\/image\\\/\",\"url\":\"https:\\\/\\\/blog.swt-sports.de\\\/wp-content\\\/uploads\\\/2020\\\/08\\\/swt_sports_logo.svg\",\"contentUrl\":\"https:\\\/\\\/blog.swt-sports.de\\\/wp-content\\\/uploads\\\/2020\\\/08\\\/swt_sports_logo.svg\",\"width\":306,\"height\":247,\"caption\":\"SWT Sports\"},\"image\":{\"@id\":\"https:\\\/\\\/blog.swt-sports.de\\\/#\\\/schema\\\/logo\\\/image\\\/\"},\"sameAs\":[\"https:\\\/\\\/www.facebook.com\\\/\",\"https:\\\/\\\/x.com\\\/swtsports\",\"https:\\\/\\\/www.instagram.com\\\/swt_sports\\\/\",\"https:\\\/\\\/www.youtube.com\\\/user\\\/SWTsports\"]},{\"@type\":\"Person\",\"@id\":\"https:\\\/\\\/blog.swt-sports.de\\\/#\\\/schema\\\/person\\\/b1fb20850ef709b5efbd2510a27b50ec\",\"name\":\"Lutz Lindemann\",\"image\":{\"@type\":\"ImageObject\",\"inLanguage\":\"de\",\"@id\":\"https:\\\/\\\/secure.gravatar.com\\\/avatar\\\/734a9bedc494f6dc8377999f4d8a7d95539d24428aae22d6a7a829f916324968?s=96&r=g\",\"url\":\"https:\\\/\\\/secure.gravatar.com\\\/avatar\\\/734a9bedc494f6dc8377999f4d8a7d95539d24428aae22d6a7a829f916324968?s=96&r=g\",\"contentUrl\":\"https:\\\/\\\/secure.gravatar.com\\\/avatar\\\/734a9bedc494f6dc8377999f4d8a7d95539d24428aae22d6a7a829f916324968?s=96&r=g\",\"caption\":\"Lutz Lindemann\"},\"sameAs\":[\"http:\\\/\\\/lutzlindemann.com\"]}]}<\/script>\n<!-- \/ Yoast SEO plugin. -->","yoast_head_json":{"title":"Ein Winterfest mit 5000 Motorradfahrern - SWT-SPORTS Blog","robots":{"index":"index","follow":"follow","max-snippet":"max-snippet:-1","max-image-preview":"max-image-preview:large","max-video-preview":"max-video-preview:-1"},"canonical":"https:\/\/blog.swt-sports.de\/index.php\/ein-winterfest-mit-5000-motorradfahrern\/","og_locale":"de_DE","og_type":"article","og_title":"Ein Winterfest mit 5000 Motorradfahrern - SWT-SPORTS Blog","og_description":"war das diesj\u00e4hrige 58. Elefantentreffen bei Loh (Landkreis Freyung-Grafenau). Bei unserer Ankunft mit meinem Mercedes Transporter ( IGLHAUT 4&#215;4 ), [&hellip;]","og_url":"https:\/\/blog.swt-sports.de\/index.php\/ein-winterfest-mit-5000-motorradfahrern\/","og_site_name":"SWT-SPORTS Blog","article_publisher":"https:\/\/www.facebook.com\/","article_published_time":"2014-02-04T01:06:39+00:00","article_modified_time":"2020-08-11T18:46:24+00:00","og_image":[{"url":"https:\/\/lh4.googleusercontent.com\/-hlL5gZ6o3_Q\/Uu-4OcK4RbI\/AAAAAAAALEw\/mZTT8-heiXU\/w791-h593-no\/DSCN0054.JPG","type":"","width":"","height":""}],"author":"Lutz Lindemann","twitter_card":"summary_large_image","twitter_creator":"@swtsports","twitter_site":"@swtsports","twitter_misc":{"Verfasst von":"Lutz Lindemann","Gesch\u00e4tzte Lesezeit":"2\u00a0Minuten"},"schema":{"@context":"https:\/\/schema.org","@graph":[{"@type":"Article","@id":"https:\/\/blog.swt-sports.de\/index.php\/ein-winterfest-mit-5000-motorradfahrern\/#article","isPartOf":{"@id":"https:\/\/blog.swt-sports.de\/index.php\/ein-winterfest-mit-5000-motorradfahrern\/"},"author":{"name":"Lutz Lindemann","@id":"https:\/\/blog.swt-sports.de\/#\/schema\/person\/b1fb20850ef709b5efbd2510a27b50ec"},"headline":"Ein Winterfest mit 5000 Motorradfahrern","datePublished":"2014-02-04T01:06:39+00:00","dateModified":"2020-08-11T18:46:24+00:00","mainEntityOfPage":{"@id":"https:\/\/blog.swt-sports.de\/index.php\/ein-winterfest-mit-5000-motorradfahrern\/"},"wordCount":464,"commentCount":1,"publisher":{"@id":"https:\/\/blog.swt-sports.de\/#organization"},"image":{"@id":"https:\/\/blog.swt-sports.de\/index.php\/ein-winterfest-mit-5000-motorradfahrern\/#primaryimage"},"thumbnailUrl":"https:\/\/lh4.googleusercontent.com\/-hlL5gZ6o3_Q\/Uu-4OcK4RbI\/AAAAAAAALEw\/mZTT8-heiXU\/w791-h593-no\/DSCN0054.JPG","keywords":["Thumansbang","Wintertreffen","Motorradtreffen","BMW","2-Ventiler","BMW Boxer","Elefantentreffen"],"articleSection":["Events"],"inLanguage":"de","potentialAction":[{"@type":"CommentAction","name":"Comment","target":["https:\/\/blog.swt-sports.de\/index.php\/ein-winterfest-mit-5000-motorradfahrern\/#respond"]}]},{"@type":"WebPage","@id":"https:\/\/blog.swt-sports.de\/index.php\/ein-winterfest-mit-5000-motorradfahrern\/","url":"https:\/\/blog.swt-sports.de\/index.php\/ein-winterfest-mit-5000-motorradfahrern\/","name":"Ein Winterfest mit 5000 Motorradfahrern - SWT-SPORTS Blog","isPartOf":{"@id":"https:\/\/blog.swt-sports.de\/#website"},"primaryImageOfPage":{"@id":"https:\/\/blog.swt-sports.de\/index.php\/ein-winterfest-mit-5000-motorradfahrern\/#primaryimage"},"image":{"@id":"https:\/\/blog.swt-sports.de\/index.php\/ein-winterfest-mit-5000-motorradfahrern\/#primaryimage"},"thumbnailUrl":"https:\/\/lh4.googleusercontent.com\/-hlL5gZ6o3_Q\/Uu-4OcK4RbI\/AAAAAAAALEw\/mZTT8-heiXU\/w791-h593-no\/DSCN0054.JPG","datePublished":"2014-02-04T01:06:39+00:00","dateModified":"2020-08-11T18:46:24+00:00","breadcrumb":{"@id":"https:\/\/blog.swt-sports.de\/index.php\/ein-winterfest-mit-5000-motorradfahrern\/#breadcrumb"},"inLanguage":"de","potentialAction":[{"@type":"ReadAction","target":["https:\/\/blog.swt-sports.de\/index.php\/ein-winterfest-mit-5000-motorradfahrern\/"]}]},{"@type":"ImageObject","inLanguage":"de","@id":"https:\/\/blog.swt-sports.de\/index.php\/ein-winterfest-mit-5000-motorradfahrern\/#primaryimage","url":"https:\/\/lh4.googleusercontent.com\/-hlL5gZ6o3_Q\/Uu-4OcK4RbI\/AAAAAAAALEw\/mZTT8-heiXU\/w791-h593-no\/DSCN0054.JPG","contentUrl":"https:\/\/lh4.googleusercontent.com\/-hlL5gZ6o3_Q\/Uu-4OcK4RbI\/AAAAAAAALEw\/mZTT8-heiXU\/w791-h593-no\/DSCN0054.JPG"},{"@type":"BreadcrumbList","@id":"https:\/\/blog.swt-sports.de\/index.php\/ein-winterfest-mit-5000-motorradfahrern\/#breadcrumb","itemListElement":[{"@type":"ListItem","position":1,"name":"Startseite","item":"https:\/\/blog.swt-sports.de\/"},{"@type":"ListItem","position":2,"name":"Ein Winterfest mit 5000 Motorradfahrern"}]},{"@type":"WebSite","@id":"https:\/\/blog.swt-sports.de\/#website","url":"https:\/\/blog.swt-sports.de\/","name":"SWT-SPORTS Blog","description":"BMW Motorrad | 2-Ventiler | R80 \/ R100GS G\/S | Paris Dakar | BMW-Boxer","publisher":{"@id":"https:\/\/blog.swt-sports.de\/#organization"},"potentialAction":[{"@type":"SearchAction","target":{"@type":"EntryPoint","urlTemplate":"https:\/\/blog.swt-sports.de\/?s={search_term_string}"},"query-input":{"@type":"PropertyValueSpecification","valueRequired":true,"valueName":"search_term_string"}}],"inLanguage":"de"},{"@type":"Organization","@id":"https:\/\/blog.swt-sports.de\/#organization","name":"SWT Sports","url":"https:\/\/blog.swt-sports.de\/","logo":{"@type":"ImageObject","inLanguage":"de","@id":"https:\/\/blog.swt-sports.de\/#\/schema\/logo\/image\/","url":"https:\/\/blog.swt-sports.de\/wp-content\/uploads\/2020\/08\/swt_sports_logo.svg","contentUrl":"https:\/\/blog.swt-sports.de\/wp-content\/uploads\/2020\/08\/swt_sports_logo.svg","width":306,"height":247,"caption":"SWT Sports"},"image":{"@id":"https:\/\/blog.swt-sports.de\/#\/schema\/logo\/image\/"},"sameAs":["https:\/\/www.facebook.com\/","https:\/\/x.com\/swtsports","https:\/\/www.instagram.com\/swt_sports\/","https:\/\/www.youtube.com\/user\/SWTsports"]},{"@type":"Person","@id":"https:\/\/blog.swt-sports.de\/#\/schema\/person\/b1fb20850ef709b5efbd2510a27b50ec","name":"Lutz Lindemann","image":{"@type":"ImageObject","inLanguage":"de","@id":"https:\/\/secure.gravatar.com\/avatar\/734a9bedc494f6dc8377999f4d8a7d95539d24428aae22d6a7a829f916324968?s=96&r=g","url":"https:\/\/secure.gravatar.com\/avatar\/734a9bedc494f6dc8377999f4d8a7d95539d24428aae22d6a7a829f916324968?s=96&r=g","contentUrl":"https:\/\/secure.gravatar.com\/avatar\/734a9bedc494f6dc8377999f4d8a7d95539d24428aae22d6a7a829f916324968?s=96&r=g","caption":"Lutz Lindemann"},"sameAs":["http:\/\/lutzlindemann.com"]}]}},"_links":{"self":[{"href":"https:\/\/blog.swt-sports.de\/index.php\/wp-json\/wp\/v2\/posts\/98","targetHints":{"allow":["GET"]}}],"collection":[{"href":"https:\/\/blog.swt-sports.de\/index.php\/wp-json\/wp\/v2\/posts"}],"about":[{"href":"https:\/\/blog.swt-sports.de\/index.php\/wp-json\/wp\/v2\/types\/post"}],"author":[{"embeddable":true,"href":"https:\/\/blog.swt-sports.de\/index.php\/wp-json\/wp\/v2\/users\/26194"}],"replies":[{"embeddable":true,"href":"https:\/\/blog.swt-sports.de\/index.php\/wp-json\/wp\/v2\/comments?post=98"}],"version-history":[{"count":9,"href":"https:\/\/blog.swt-sports.de\/index.php\/wp-json\/wp\/v2\/posts\/98\/revisions"}],"predecessor-version":[{"id":83324,"href":"https:\/\/blog.swt-sports.de\/index.php\/wp-json\/wp\/v2\/posts\/98\/revisions\/83324"}],"wp:attachment":[{"href":"https:\/\/blog.swt-sports.de\/index.php\/wp-json\/wp\/v2\/media?parent=98"}],"wp:term":[{"taxonomy":"category","embeddable":true,"href":"https:\/\/blog.swt-sports.de\/index.php\/wp-json\/wp\/v2\/categories?post=98"},{"taxonomy":"post_tag","embeddable":true,"href":"https:\/\/blog.swt-sports.de\/index.php\/wp-json\/wp\/v2\/tags?post=98"}],"curies":[{"name":"wp","href":"https:\/\/api.w.org\/{rel}","templated":true}]}}