{"id":967,"date":"2015-07-05T19:05:48","date_gmt":"2015-07-05T18:05:48","guid":{"rendered":"http:\/\/blog.swt-sports.de\/?p=967"},"modified":"2020-08-11T20:06:54","modified_gmt":"2020-08-11T19:06:54","slug":"enduroboxer-team-bei-den-bmw-motorrad-days-in-garmisch-partenkirchen-2015","status":"publish","type":"post","link":"https:\/\/blog.swt-sports.de\/index.php\/enduroboxer-team-bei-den-bmw-motorrad-days-in-garmisch-partenkirchen-2015\/","title":{"rendered":"EnduroBoxer \u2013 Team bei den BMW Motorrad Days in Garmisch \u2013 Partenkirchen 2015"},"content":{"rendered":"<figure id=\"attachment_968\" aria-describedby=\"caption-attachment-968\" style=\"width: 640px\" class=\"wp-caption aligncenter\"><a href=\"http:\/\/blog.swt-sports.de\/wp-content\/uploads\/2015\/07\/IMG_1323.jpg\"><img decoding=\"async\" class=\"wp-image-968 size-large\" src=\"http:\/\/blog.swt-sports.de\/wp-content\/uploads\/2015\/07\/IMG_1323-1024x768.jpg\" alt=\"BMW Motorrad Days 2015\" width=\"640\" height=\"480\" srcset=\"https:\/\/blog.swt-sports.de\/wp-content\/uploads\/2015\/07\/IMG_1323-1024x768.jpg 1024w, https:\/\/blog.swt-sports.de\/wp-content\/uploads\/2015\/07\/IMG_1323-300x225.jpg 300w, https:\/\/blog.swt-sports.de\/wp-content\/uploads\/2015\/07\/IMG_1323.jpg 1200w\" sizes=\"(max-width: 640px) 100vw, 640px\" \/><\/a><figcaption id=\"caption-attachment-968\" class=\"wp-caption-text\">Tor zum BMW Motorrad Treffen 2015<\/figcaption><\/figure>\n<p>Am Freitag begr\u00fc\u00dfte <strong>Garmisch<\/strong> seine Zweiradbesucher mit einem ordentlichen Wolkenbruch und Gewitter, w\u00e4hrend der Rest Deutschlands unter knapp 40 Grad \u00e4chzte. Trotz tropischer Hitze fanden sich dennoch Tausende Wei\u00df &#8211; Blaue Fans an der Hausbergbahn ein. Das Programm und die Messest\u00e4nde entsprachen weitestgehend dem Vorjahresportfolio. <strong>GARMIN, Ortema, <a title=\"Siebenrock Shop Page\" href=\"http:\/\/shop.siebenrock.com\/\" target=\"_blank\" rel=\"noopener noreferrer\">Siebenrock<\/a>, Touratech<\/strong> und zahlreiche Tuner, Customizer und Zubeh\u00f6r- sowie Reiseaussteller rund um das <a title=\"BMW Motorrad Homepage\" href=\"http:\/\/www.bmw-motorrad.de\" target=\"_blank\" rel=\"noopener noreferrer\"><strong>BMW MOTORRAD<\/strong><\/a> waren wieder zugegen. Aufgrund der starken Hitze war das Festzelt eher die zweite Wahl und das Open Air am Lagerfeuer erfreute sich gr\u00f6\u00dfter Beliebtheit.<\/p>\n<figure id=\"attachment_969\" aria-describedby=\"caption-attachment-969\" style=\"width: 640px\" class=\"wp-caption aligncenter\"><a href=\"http:\/\/blog.swt-sports.de\/wp-content\/uploads\/2015\/07\/IMG_1318.jpg\"><img decoding=\"async\" class=\"wp-image-969 size-large\" src=\"http:\/\/blog.swt-sports.de\/wp-content\/uploads\/2015\/07\/IMG_1318-1024x768.jpg\" alt=\"BMW Challenge Bike in Garmisch\" width=\"640\" height=\"480\" srcset=\"https:\/\/blog.swt-sports.de\/wp-content\/uploads\/2015\/07\/IMG_1318-1024x768.jpg 1024w, https:\/\/blog.swt-sports.de\/wp-content\/uploads\/2015\/07\/IMG_1318-300x225.jpg 300w, https:\/\/blog.swt-sports.de\/wp-content\/uploads\/2015\/07\/IMG_1318.jpg 1200w\" sizes=\"(max-width: 640px) 100vw, 640px\" \/><\/a><figcaption id=\"caption-attachment-969\" class=\"wp-caption-text\">BMW Motorrad R 1200 GS LC Trophy Bike<\/figcaption><\/figure>\n<figure id=\"attachment_970\" aria-describedby=\"caption-attachment-970\" style=\"width: 640px\" class=\"wp-caption aligncenter\"><a href=\"http:\/\/blog.swt-sports.de\/wp-content\/uploads\/2015\/07\/IMG_1320.jpg\"><img decoding=\"async\" class=\"wp-image-970 size-large\" src=\"http:\/\/blog.swt-sports.de\/wp-content\/uploads\/2015\/07\/IMG_1320-1024x768.jpg\" alt=\"Zeltlager am Hausberg bei den BMW Days\" width=\"640\" height=\"480\" srcset=\"https:\/\/blog.swt-sports.de\/wp-content\/uploads\/2015\/07\/IMG_1320-1024x768.jpg 1024w, https:\/\/blog.swt-sports.de\/wp-content\/uploads\/2015\/07\/IMG_1320-300x225.jpg 300w, https:\/\/blog.swt-sports.de\/wp-content\/uploads\/2015\/07\/IMG_1320.jpg 1200w\" sizes=\"(max-width: 640px) 100vw, 640px\" \/><\/a><figcaption id=\"caption-attachment-970\" class=\"wp-caption-text\">Das Zeltlager in Gramisch bei den BMW Days<\/figcaption><\/figure>\n<figure id=\"attachment_971\" aria-describedby=\"caption-attachment-971\" style=\"width: 640px\" class=\"wp-caption aligncenter\"><a href=\"http:\/\/blog.swt-sports.de\/wp-content\/uploads\/2015\/07\/IMG_1321.jpg\"><img decoding=\"async\" class=\"wp-image-971 size-large\" src=\"http:\/\/blog.swt-sports.de\/wp-content\/uploads\/2015\/07\/IMG_1321-1024x614.jpg\" alt=\"Parkplatz am Hausberg BMW Days\" width=\"640\" height=\"384\" srcset=\"https:\/\/blog.swt-sports.de\/wp-content\/uploads\/2015\/07\/IMG_1321-1024x614.jpg 1024w, https:\/\/blog.swt-sports.de\/wp-content\/uploads\/2015\/07\/IMG_1321-300x180.jpg 300w, https:\/\/blog.swt-sports.de\/wp-content\/uploads\/2015\/07\/IMG_1321.jpg 1200w\" sizes=\"(max-width: 640px) 100vw, 640px\" \/><\/a><figcaption id=\"caption-attachment-971\" class=\"wp-caption-text\">Parkplatz vor dem Festzelt bei den BMW Days 2015<\/figcaption><\/figure>\n<figure id=\"attachment_972\" aria-describedby=\"caption-attachment-972\" style=\"width: 640px\" class=\"wp-caption aligncenter\"><a href=\"http:\/\/blog.swt-sports.de\/wp-content\/uploads\/2015\/07\/IMG_1322.jpg\"><img decoding=\"async\" class=\"wp-image-972 size-large\" src=\"http:\/\/blog.swt-sports.de\/wp-content\/uploads\/2015\/07\/IMG_1322-1024x768.jpg\" alt=\"Zahlreiche BMW Motorr\u00e4der am Hausberg 2015\" width=\"640\" height=\"480\" srcset=\"https:\/\/blog.swt-sports.de\/wp-content\/uploads\/2015\/07\/IMG_1322-1024x768.jpg 1024w, https:\/\/blog.swt-sports.de\/wp-content\/uploads\/2015\/07\/IMG_1322-300x225.jpg 300w, https:\/\/blog.swt-sports.de\/wp-content\/uploads\/2015\/07\/IMG_1322.jpg 1200w\" sizes=\"(max-width: 640px) 100vw, 640px\" \/><\/a><figcaption id=\"caption-attachment-972\" class=\"wp-caption-text\">Gut besucht war auch in diesem Jahr das BMW Biker Meeting<\/figcaption><\/figure>\n<p>Am Samstag war es dann weniger tropisch, sondern eher Sahara! Bei Temperaturen \u00fcber 35 GRAD waren die <strong>Enduropark<\/strong> Runden weniger gefragt als in den Vorjahren. Die Sonneneinstrahlung war einfach zu brutal. Daf\u00fcr waren die K\u00fchlwesten bei <strong>ORTEMA<\/strong> , sonst eher kein Verkaufsschlager, rasend schnell ausverkauft. Viele nutzten die Wetterlage, um sich auf den umliegenden P\u00e4ssen und Strecken ordentlich mit ihrem <strong>Motorrad<\/strong> auszutoben. Das Timmelsjoch bot noch 25.5 Grad mit wundervoller Schneelandschaft rechts und links von der Strecke.<\/p>\n<figure id=\"attachment_974\" aria-describedby=\"caption-attachment-974\" style=\"width: 576px\" class=\"wp-caption aligncenter\"><a href=\"http:\/\/blog.swt-sports.de\/wp-content\/uploads\/2015\/07\/IMG_1328.jpg\"><img decoding=\"async\" class=\"wp-image-974 size-large\" src=\"http:\/\/blog.swt-sports.de\/wp-content\/uploads\/2015\/07\/IMG_1328-576x1024.jpg\" alt=\"Alpentour mit der HP2 BMW bei den BMW Days\" width=\"576\" height=\"1024\" srcset=\"https:\/\/blog.swt-sports.de\/wp-content\/uploads\/2015\/07\/IMG_1328-576x1024.jpg 576w, https:\/\/blog.swt-sports.de\/wp-content\/uploads\/2015\/07\/IMG_1328-169x300.jpg 169w, https:\/\/blog.swt-sports.de\/wp-content\/uploads\/2015\/07\/IMG_1328.jpg 675w\" sizes=\"(max-width: 576px) 100vw, 576px\" \/><\/a><figcaption id=\"caption-attachment-974\" class=\"wp-caption-text\">Tour durch die Alpen mit der HP2 bei den BMW Days<\/figcaption><\/figure>\n<p>Das Hahntennjoch und das Namlostal gl\u00e4nzten mit warmem griffigem zum Teil nagelneuem Asphalt. Leider \u00fcberschattete auf dieser Strecke ein schwerer Motorradunfall die Fahrfreude. Hier waren zwei <strong>BMW K1600GT<\/strong> frontal zusammengesto\u00dfen und hatten einen weiteren Biker mitgerissen. Ein Toter und drei Schwerverletzte waren zu beklagen. Das machte uns nachdenklich.<\/p>\n<figure id=\"attachment_975\" aria-describedby=\"caption-attachment-975\" style=\"width: 640px\" class=\"wp-caption aligncenter\"><a href=\"http:\/\/blog.swt-sports.de\/wp-content\/uploads\/2015\/07\/IMG_1319.jpg\"><img decoding=\"async\" class=\"wp-image-975 size-large\" src=\"http:\/\/blog.swt-sports.de\/wp-content\/uploads\/2015\/07\/IMG_1319-1024x768.jpg\" alt=\"BMW Motorrad Days 2015 in voller Stimmung\" width=\"640\" height=\"480\" srcset=\"https:\/\/blog.swt-sports.de\/wp-content\/uploads\/2015\/07\/IMG_1319-1024x768.jpg 1024w, https:\/\/blog.swt-sports.de\/wp-content\/uploads\/2015\/07\/IMG_1319-300x225.jpg 300w, https:\/\/blog.swt-sports.de\/wp-content\/uploads\/2015\/07\/IMG_1319.jpg 1200w\" sizes=\"(max-width: 640px) 100vw, 640px\" \/><\/a><figcaption id=\"caption-attachment-975\" class=\"wp-caption-text\">Live Musik and Party bei den BMW Motorrad Days 2015<\/figcaption><\/figure>\n<p>Auf dem Platz bot die Abendveranstaltung wieder zahlreiche Live Gigs. Im Festzelt brodelte die Party wieder ohne R\u00fccksicht auf die Temperaturen. O- Ton der Band:&#8220; Ihr m\u00fcsste einfach bis morgens durchsaufen dann haltet ihr durch.&#8220;<\/p>\n<figure id=\"attachment_973\" aria-describedby=\"caption-attachment-973\" style=\"width: 640px\" class=\"wp-caption aligncenter\"><a href=\"http:\/\/blog.swt-sports.de\/wp-content\/uploads\/2015\/07\/IMG_1326.jpg\"><img decoding=\"async\" class=\"wp-image-973 size-large\" src=\"http:\/\/blog.swt-sports.de\/wp-content\/uploads\/2015\/07\/IMG_1326-1024x576.jpg\" alt=\"Garmisch Partenkirchen, \u00d6lwechsel HP2 an den BMW Days\" width=\"640\" height=\"360\" srcset=\"https:\/\/blog.swt-sports.de\/wp-content\/uploads\/2015\/07\/IMG_1326-1024x576.jpg 1024w, https:\/\/blog.swt-sports.de\/wp-content\/uploads\/2015\/07\/IMG_1326-300x169.jpg 300w, https:\/\/blog.swt-sports.de\/wp-content\/uploads\/2015\/07\/IMG_1326.jpg 1200w\" sizes=\"(max-width: 640px) 100vw, 640px\" \/><\/a><figcaption id=\"caption-attachment-973\" class=\"wp-caption-text\">\u00d6lwechsel an der HP2 in Garmisch bei den BMW Days<\/figcaption><\/figure>\n<figure id=\"attachment_981\" aria-describedby=\"caption-attachment-981\" style=\"width: 952px\" class=\"wp-caption aligncenter\"><a href=\"http:\/\/blog.swt-sports.de\/wp-content\/uploads\/2015\/07\/IMG_1747.jpg\"><img decoding=\"async\" class=\"wp-image-981 size-full\" src=\"http:\/\/blog.swt-sports.de\/wp-content\/uploads\/2015\/07\/IMG_1747.jpg\" alt=\"In Garmisch mit unserem EnduroBoxer Shirt\" width=\"952\" height=\"658\" srcset=\"https:\/\/blog.swt-sports.de\/wp-content\/uploads\/2015\/07\/IMG_1747.jpg 952w, https:\/\/blog.swt-sports.de\/wp-content\/uploads\/2015\/07\/IMG_1747-300x207.jpg 300w\" sizes=\"(max-width: 952px) 100vw, 952px\" \/><\/a><figcaption id=\"caption-attachment-981\" class=\"wp-caption-text\">EnduroBoxer Tour Shirt 2015, getragen in Garmisch<\/figcaption><\/figure>\n<figure id=\"attachment_982\" aria-describedby=\"caption-attachment-982\" style=\"width: 640px\" class=\"wp-caption aligncenter\"><a href=\"http:\/\/blog.swt-sports.de\/wp-content\/uploads\/2015\/07\/IMG_1682.jpg\"><img decoding=\"async\" class=\"wp-image-982 size-large\" src=\"http:\/\/blog.swt-sports.de\/wp-content\/uploads\/2015\/07\/IMG_1682-768x1024.jpg\" alt=\"Die Fahne hoch beim BMW Motorrad Club Russia\" width=\"640\" height=\"853\" srcset=\"https:\/\/blog.swt-sports.de\/wp-content\/uploads\/2015\/07\/IMG_1682-768x1024.jpg 768w, https:\/\/blog.swt-sports.de\/wp-content\/uploads\/2015\/07\/IMG_1682-225x300.jpg 225w, https:\/\/blog.swt-sports.de\/wp-content\/uploads\/2015\/07\/IMG_1682.jpg 900w\" sizes=\"(max-width: 640px) 100vw, 640px\" \/><\/a><figcaption id=\"caption-attachment-982\" class=\"wp-caption-text\">BMW Motorrad Club Russia<\/figcaption><\/figure>\n<p>Auch am Sonntag war erneut Sahara angesagt. In den Messezelten schmolz das Personal vor sich hin. Wir nutzten noch schnell die Chance f\u00fcr einen g\u00fcnstigen \u00d6lwechsel beim BMW Werksservice, hatte die<strong> HP2<\/strong> doch in der vorhergehenden Woche auf der <a title=\"BMW EnduroBoxer Tour\" href=\"http:\/\/enduroboxer.swt-sports.de\/index.php\/bmw-motorrad-enduroboxer-touren\/\" target=\"_blank\" rel=\"noopener noreferrer\"><strong>EnduroBoxer<\/strong> <strong>Tour Finnland &#8211; Russland<\/strong><\/a> einiges leisten m\u00fcssen. Im Sporteinsatz verk\u00fcrzt sich der Wechselintervall des Schmiermittels ja doch erheblich. Zum Abschluss haben wir uns dann noch ein sch\u00f6nes Eventshirt unserer russischen Freunde vom<strong> BMW Club RUSSIA<\/strong> geg\u00f6nnt. Damit sind wir dann f\u00fcr unsere Tour 2016 wieder gut angezogen. Alles in Allem waren die <strong>BMW Motorrad Days 2015<\/strong> ein toller Event bei historischen Witterungsbedingungen. Danke an <strong>BMW Motorrad<\/strong> und Garmisch f\u00fcr das sch\u00f6ne Wochenende.<\/p>\n<figure id=\"attachment_976\" aria-describedby=\"caption-attachment-976\" style=\"width: 640px\" class=\"wp-caption aligncenter\"><a href=\"http:\/\/blog.swt-sports.de\/wp-content\/uploads\/2015\/07\/IMG_1327.jpg\"><img decoding=\"async\" class=\"wp-image-976 size-large\" src=\"http:\/\/blog.swt-sports.de\/wp-content\/uploads\/2015\/07\/IMG_1327-1024x576.jpg\" alt=\"Kohlenwerk BMW stand zum Test bereit\" width=\"640\" height=\"360\" srcset=\"https:\/\/blog.swt-sports.de\/wp-content\/uploads\/2015\/07\/IMG_1327-1024x576.jpg 1024w, https:\/\/blog.swt-sports.de\/wp-content\/uploads\/2015\/07\/IMG_1327-300x169.jpg 300w, https:\/\/blog.swt-sports.de\/wp-content\/uploads\/2015\/07\/IMG_1327.jpg 1200w\" sizes=\"(max-width: 640px) 100vw, 640px\" \/><\/a><figcaption id=\"caption-attachment-976\" class=\"wp-caption-text\">Auch die Kohlenwerk BMW war wieder vertreten , in diesem Jahr konnten Ausgew\u00e4hlte diese probefahren.<\/figcaption><\/figure>\n<p>N\u00e4chstes Event ist unser <a title=\"Bilder EnduroBoxer Treffen 2014\" href=\"http:\/\/enduroboxer.swt-sports.de\/index.php\/bmw-enduroboxer-treffen\/\" target=\"_blank\" rel=\"noopener noreferrer\">EnduroBoxer Treffen vom 24. bis 26. Juli 2015<\/a><\/p>\n<p><a href=\"http:\/\/blog.swt-sports.de\/wp-content\/uploads\/2015\/07\/IMG_1618.jpg\"><img decoding=\"async\" class=\"alignnone size-medium wp-image-983\" src=\"http:\/\/blog.swt-sports.de\/wp-content\/uploads\/2015\/07\/IMG_1618-300x225.jpg\" alt=\"IMG_1618\" width=\"300\" height=\"225\" srcset=\"https:\/\/blog.swt-sports.de\/wp-content\/uploads\/2015\/07\/IMG_1618-300x225.jpg 300w, https:\/\/blog.swt-sports.de\/wp-content\/uploads\/2015\/07\/IMG_1618-1024x768.jpg 1024w, https:\/\/blog.swt-sports.de\/wp-content\/uploads\/2015\/07\/IMG_1618.jpg 1200w\" sizes=\"(max-width: 300px) 100vw, 300px\" \/><\/a> <a href=\"http:\/\/blog.swt-sports.de\/wp-content\/uploads\/2015\/07\/IMG_1619.jpg\"><img decoding=\"async\" class=\"alignnone size-medium wp-image-984\" src=\"http:\/\/blog.swt-sports.de\/wp-content\/uploads\/2015\/07\/IMG_1619-300x225.jpg\" alt=\"IMG_1619\" width=\"300\" height=\"225\" srcset=\"https:\/\/blog.swt-sports.de\/wp-content\/uploads\/2015\/07\/IMG_1619-300x225.jpg 300w, https:\/\/blog.swt-sports.de\/wp-content\/uploads\/2015\/07\/IMG_1619-1024x768.jpg 1024w, https:\/\/blog.swt-sports.de\/wp-content\/uploads\/2015\/07\/IMG_1619.jpg 1200w\" sizes=\"(max-width: 300px) 100vw, 300px\" \/><\/a> <a href=\"http:\/\/blog.swt-sports.de\/wp-content\/uploads\/2015\/07\/IMG_1620.jpg\"><img decoding=\"async\" class=\"alignnone size-medium wp-image-985\" src=\"http:\/\/blog.swt-sports.de\/wp-content\/uploads\/2015\/07\/IMG_1620-300x225.jpg\" alt=\"IMG_1620\" width=\"300\" height=\"225\" srcset=\"https:\/\/blog.swt-sports.de\/wp-content\/uploads\/2015\/07\/IMG_1620-300x225.jpg 300w, https:\/\/blog.swt-sports.de\/wp-content\/uploads\/2015\/07\/IMG_1620-1024x768.jpg 1024w, https:\/\/blog.swt-sports.de\/wp-content\/uploads\/2015\/07\/IMG_1620.jpg 1200w\" sizes=\"(max-width: 300px) 100vw, 300px\" \/><\/a> <a href=\"http:\/\/blog.swt-sports.de\/wp-content\/uploads\/2015\/07\/IMG_1781.jpg\"><img decoding=\"async\" class=\"alignnone size-medium wp-image-986\" src=\"http:\/\/blog.swt-sports.de\/wp-content\/uploads\/2015\/07\/IMG_1781-300x225.jpg\" alt=\"IMG_1781\" width=\"300\" height=\"225\" srcset=\"https:\/\/blog.swt-sports.de\/wp-content\/uploads\/2015\/07\/IMG_1781-300x225.jpg 300w, https:\/\/blog.swt-sports.de\/wp-content\/uploads\/2015\/07\/IMG_1781-1024x768.jpg 1024w, https:\/\/blog.swt-sports.de\/wp-content\/uploads\/2015\/07\/IMG_1781.jpg 1200w\" sizes=\"(max-width: 300px) 100vw, 300px\" \/><\/a><\/p>\n","protected":false},"excerpt":{"rendered":"<p>Am Freitag begr\u00fc\u00dfte Garmisch seine Zweiradbesucher mit einem ordentlichen Wolkenbruch und Gewitter, w\u00e4hrend der Rest Deutschlands unter knapp 40 Grad [&hellip;]<\/p>\n","protected":false},"author":26194,"featured_media":971,"comment_status":"open","ping_status":"closed","sticky":false,"template":"","format":"standard","meta":{"footnotes":""},"categories":[1306],"tags":[304,306,307,308,309,310,311,312,301,303],"class_list":["post-967","post","type-post","status-publish","format-standard","has-post-thumbnail","hentry","category-events","tag-bmw-meeting-partenkirchen","tag-bmw-motorrad-days-2015","tag-bmw-treffen-2015","tag-bmw-motorrad-treffen-2015","tag-kohlenwerk-bmw","tag-bmw-gs-challenge","tag-bmw-party-garmisch-2015","tag-enduroboxer-team-in-garmisch","tag-garmisch-partenkirchen-bmw","tag-bmw-meeting-garmisch"],"yoast_head":"<!-- This site is optimized with the Yoast SEO plugin v27.5 - https:\/\/yoast.com\/product\/yoast-seo-wordpress\/ -->\n<title>EnduroBoxer \u2013 Team bei den BMW Motorrad Days in Garmisch \u2013 Partenkirchen 2015 - SWT-SPORTS Blog<\/title>\n<meta name=\"robots\" content=\"index, follow, max-snippet:-1, max-image-preview:large, max-video-preview:-1\" \/>\n<link rel=\"canonical\" href=\"https:\/\/blog.swt-sports.de\/index.php\/enduroboxer-team-bei-den-bmw-motorrad-days-in-garmisch-partenkirchen-2015\/\" \/>\n<meta property=\"og:locale\" content=\"de_DE\" \/>\n<meta property=\"og:type\" content=\"article\" \/>\n<meta property=\"og:title\" content=\"EnduroBoxer \u2013 Team bei den BMW Motorrad Days in Garmisch \u2013 Partenkirchen 2015 - SWT-SPORTS Blog\" \/>\n<meta property=\"og:description\" content=\"Am Freitag begr\u00fc\u00dfte Garmisch seine Zweiradbesucher mit einem ordentlichen Wolkenbruch und Gewitter, w\u00e4hrend der Rest Deutschlands unter knapp 40 Grad [&hellip;]\" \/>\n<meta property=\"og:url\" content=\"https:\/\/blog.swt-sports.de\/index.php\/enduroboxer-team-bei-den-bmw-motorrad-days-in-garmisch-partenkirchen-2015\/\" \/>\n<meta property=\"og:site_name\" content=\"SWT-SPORTS Blog\" \/>\n<meta property=\"article:publisher\" content=\"https:\/\/www.facebook.com\/\" \/>\n<meta property=\"article:published_time\" content=\"2015-07-05T18:05:48+00:00\" \/>\n<meta property=\"article:modified_time\" content=\"2020-08-11T19:06:54+00:00\" \/>\n<meta property=\"og:image\" content=\"https:\/\/blog.swt-sports.de\/wp-content\/uploads\/2015\/07\/IMG_1321.jpg\" \/>\n\t<meta property=\"og:image:width\" content=\"1200\" \/>\n\t<meta property=\"og:image:height\" content=\"719\" \/>\n\t<meta property=\"og:image:type\" content=\"image\/jpeg\" \/>\n<meta name=\"author\" content=\"Lutz Lindemann\" \/>\n<meta name=\"twitter:card\" content=\"summary_large_image\" \/>\n<meta name=\"twitter:creator\" content=\"@swtsports\" \/>\n<meta name=\"twitter:site\" content=\"@swtsports\" \/>\n<meta name=\"twitter:label1\" content=\"Verfasst von\" \/>\n\t<meta name=\"twitter:data1\" content=\"Lutz Lindemann\" \/>\n\t<meta name=\"twitter:label2\" content=\"Gesch\u00e4tzte Lesezeit\" \/>\n\t<meta name=\"twitter:data2\" content=\"3\u00a0Minuten\" \/>\n<script type=\"application\/ld+json\" class=\"yoast-schema-graph\">{\"@context\":\"https:\\\/\\\/schema.org\",\"@graph\":[{\"@type\":\"Article\",\"@id\":\"https:\\\/\\\/blog.swt-sports.de\\\/index.php\\\/enduroboxer-team-bei-den-bmw-motorrad-days-in-garmisch-partenkirchen-2015\\\/#article\",\"isPartOf\":{\"@id\":\"https:\\\/\\\/blog.swt-sports.de\\\/index.php\\\/enduroboxer-team-bei-den-bmw-motorrad-days-in-garmisch-partenkirchen-2015\\\/\"},\"author\":{\"name\":\"Lutz Lindemann\",\"@id\":\"https:\\\/\\\/blog.swt-sports.de\\\/#\\\/schema\\\/person\\\/b1fb20850ef709b5efbd2510a27b50ec\"},\"headline\":\"EnduroBoxer \u2013 Team bei den BMW Motorrad Days in Garmisch \u2013 Partenkirchen 2015\",\"datePublished\":\"2015-07-05T18:05:48+00:00\",\"dateModified\":\"2020-08-11T19:06:54+00:00\",\"mainEntityOfPage\":{\"@id\":\"https:\\\/\\\/blog.swt-sports.de\\\/index.php\\\/enduroboxer-team-bei-den-bmw-motorrad-days-in-garmisch-partenkirchen-2015\\\/\"},\"wordCount\":565,\"commentCount\":0,\"publisher\":{\"@id\":\"https:\\\/\\\/blog.swt-sports.de\\\/#organization\"},\"image\":{\"@id\":\"https:\\\/\\\/blog.swt-sports.de\\\/index.php\\\/enduroboxer-team-bei-den-bmw-motorrad-days-in-garmisch-partenkirchen-2015\\\/#primaryimage\"},\"thumbnailUrl\":\"https:\\\/\\\/blog.swt-sports.de\\\/wp-content\\\/uploads\\\/2015\\\/07\\\/IMG_1321.jpg\",\"keywords\":[\"BMW Meeting Partenkirchen\",\"BMW Motorrad Days 2015\",\"BMW Treffen 2015\",\"BMW Motorrad Treffen 2015\",\"Kohlenwerk BMW\",\"BMW GS Challenge\",\"BMW Party Garmisch 2015\",\"EnduroBoxer Team in Garmisch\",\"Garmisch-Partenkirchen BMW\",\"BMW Meeting Garmisch\"],\"articleSection\":[\"Events\"],\"inLanguage\":\"de\",\"potentialAction\":[{\"@type\":\"CommentAction\",\"name\":\"Comment\",\"target\":[\"https:\\\/\\\/blog.swt-sports.de\\\/index.php\\\/enduroboxer-team-bei-den-bmw-motorrad-days-in-garmisch-partenkirchen-2015\\\/#respond\"]}]},{\"@type\":\"WebPage\",\"@id\":\"https:\\\/\\\/blog.swt-sports.de\\\/index.php\\\/enduroboxer-team-bei-den-bmw-motorrad-days-in-garmisch-partenkirchen-2015\\\/\",\"url\":\"https:\\\/\\\/blog.swt-sports.de\\\/index.php\\\/enduroboxer-team-bei-den-bmw-motorrad-days-in-garmisch-partenkirchen-2015\\\/\",\"name\":\"EnduroBoxer \u2013 Team bei den BMW Motorrad Days in Garmisch \u2013 Partenkirchen 2015 - SWT-SPORTS Blog\",\"isPartOf\":{\"@id\":\"https:\\\/\\\/blog.swt-sports.de\\\/#website\"},\"primaryImageOfPage\":{\"@id\":\"https:\\\/\\\/blog.swt-sports.de\\\/index.php\\\/enduroboxer-team-bei-den-bmw-motorrad-days-in-garmisch-partenkirchen-2015\\\/#primaryimage\"},\"image\":{\"@id\":\"https:\\\/\\\/blog.swt-sports.de\\\/index.php\\\/enduroboxer-team-bei-den-bmw-motorrad-days-in-garmisch-partenkirchen-2015\\\/#primaryimage\"},\"thumbnailUrl\":\"https:\\\/\\\/blog.swt-sports.de\\\/wp-content\\\/uploads\\\/2015\\\/07\\\/IMG_1321.jpg\",\"datePublished\":\"2015-07-05T18:05:48+00:00\",\"dateModified\":\"2020-08-11T19:06:54+00:00\",\"breadcrumb\":{\"@id\":\"https:\\\/\\\/blog.swt-sports.de\\\/index.php\\\/enduroboxer-team-bei-den-bmw-motorrad-days-in-garmisch-partenkirchen-2015\\\/#breadcrumb\"},\"inLanguage\":\"de\",\"potentialAction\":[{\"@type\":\"ReadAction\",\"target\":[\"https:\\\/\\\/blog.swt-sports.de\\\/index.php\\\/enduroboxer-team-bei-den-bmw-motorrad-days-in-garmisch-partenkirchen-2015\\\/\"]}]},{\"@type\":\"ImageObject\",\"inLanguage\":\"de\",\"@id\":\"https:\\\/\\\/blog.swt-sports.de\\\/index.php\\\/enduroboxer-team-bei-den-bmw-motorrad-days-in-garmisch-partenkirchen-2015\\\/#primaryimage\",\"url\":\"https:\\\/\\\/blog.swt-sports.de\\\/wp-content\\\/uploads\\\/2015\\\/07\\\/IMG_1321.jpg\",\"contentUrl\":\"https:\\\/\\\/blog.swt-sports.de\\\/wp-content\\\/uploads\\\/2015\\\/07\\\/IMG_1321.jpg\",\"width\":1200,\"height\":719},{\"@type\":\"BreadcrumbList\",\"@id\":\"https:\\\/\\\/blog.swt-sports.de\\\/index.php\\\/enduroboxer-team-bei-den-bmw-motorrad-days-in-garmisch-partenkirchen-2015\\\/#breadcrumb\",\"itemListElement\":[{\"@type\":\"ListItem\",\"position\":1,\"name\":\"Startseite\",\"item\":\"https:\\\/\\\/blog.swt-sports.de\\\/\"},{\"@type\":\"ListItem\",\"position\":2,\"name\":\"EnduroBoxer \u2013 Team bei den BMW Motorrad Days in Garmisch \u2013 Partenkirchen 2015\"}]},{\"@type\":\"WebSite\",\"@id\":\"https:\\\/\\\/blog.swt-sports.de\\\/#website\",\"url\":\"https:\\\/\\\/blog.swt-sports.de\\\/\",\"name\":\"SWT-SPORTS Blog\",\"description\":\"BMW Motorrad | 2-Ventiler | R80 \\\/ R100GS G\\\/S | Paris Dakar | BMW-Boxer\",\"publisher\":{\"@id\":\"https:\\\/\\\/blog.swt-sports.de\\\/#organization\"},\"potentialAction\":[{\"@type\":\"SearchAction\",\"target\":{\"@type\":\"EntryPoint\",\"urlTemplate\":\"https:\\\/\\\/blog.swt-sports.de\\\/?s={search_term_string}\"},\"query-input\":{\"@type\":\"PropertyValueSpecification\",\"valueRequired\":true,\"valueName\":\"search_term_string\"}}],\"inLanguage\":\"de\"},{\"@type\":\"Organization\",\"@id\":\"https:\\\/\\\/blog.swt-sports.de\\\/#organization\",\"name\":\"SWT Sports\",\"url\":\"https:\\\/\\\/blog.swt-sports.de\\\/\",\"logo\":{\"@type\":\"ImageObject\",\"inLanguage\":\"de\",\"@id\":\"https:\\\/\\\/blog.swt-sports.de\\\/#\\\/schema\\\/logo\\\/image\\\/\",\"url\":\"https:\\\/\\\/blog.swt-sports.de\\\/wp-content\\\/uploads\\\/2020\\\/08\\\/swt_sports_logo.svg\",\"contentUrl\":\"https:\\\/\\\/blog.swt-sports.de\\\/wp-content\\\/uploads\\\/2020\\\/08\\\/swt_sports_logo.svg\",\"width\":306,\"height\":247,\"caption\":\"SWT Sports\"},\"image\":{\"@id\":\"https:\\\/\\\/blog.swt-sports.de\\\/#\\\/schema\\\/logo\\\/image\\\/\"},\"sameAs\":[\"https:\\\/\\\/www.facebook.com\\\/\",\"https:\\\/\\\/x.com\\\/swtsports\",\"https:\\\/\\\/www.instagram.com\\\/swt_sports\\\/\",\"https:\\\/\\\/www.youtube.com\\\/user\\\/SWTsports\"]},{\"@type\":\"Person\",\"@id\":\"https:\\\/\\\/blog.swt-sports.de\\\/#\\\/schema\\\/person\\\/b1fb20850ef709b5efbd2510a27b50ec\",\"name\":\"Lutz Lindemann\",\"image\":{\"@type\":\"ImageObject\",\"inLanguage\":\"de\",\"@id\":\"https:\\\/\\\/secure.gravatar.com\\\/avatar\\\/734a9bedc494f6dc8377999f4d8a7d95539d24428aae22d6a7a829f916324968?s=96&r=g\",\"url\":\"https:\\\/\\\/secure.gravatar.com\\\/avatar\\\/734a9bedc494f6dc8377999f4d8a7d95539d24428aae22d6a7a829f916324968?s=96&r=g\",\"contentUrl\":\"https:\\\/\\\/secure.gravatar.com\\\/avatar\\\/734a9bedc494f6dc8377999f4d8a7d95539d24428aae22d6a7a829f916324968?s=96&r=g\",\"caption\":\"Lutz Lindemann\"},\"sameAs\":[\"http:\\\/\\\/lutzlindemann.com\"]}]}<\/script>\n<!-- \/ Yoast SEO plugin. -->","yoast_head_json":{"title":"EnduroBoxer \u2013 Team bei den BMW Motorrad Days in Garmisch \u2013 Partenkirchen 2015 - SWT-SPORTS Blog","robots":{"index":"index","follow":"follow","max-snippet":"max-snippet:-1","max-image-preview":"max-image-preview:large","max-video-preview":"max-video-preview:-1"},"canonical":"https:\/\/blog.swt-sports.de\/index.php\/enduroboxer-team-bei-den-bmw-motorrad-days-in-garmisch-partenkirchen-2015\/","og_locale":"de_DE","og_type":"article","og_title":"EnduroBoxer \u2013 Team bei den BMW Motorrad Days in Garmisch \u2013 Partenkirchen 2015 - SWT-SPORTS Blog","og_description":"Am Freitag begr\u00fc\u00dfte Garmisch seine Zweiradbesucher mit einem ordentlichen Wolkenbruch und Gewitter, w\u00e4hrend der Rest Deutschlands unter knapp 40 Grad [&hellip;]","og_url":"https:\/\/blog.swt-sports.de\/index.php\/enduroboxer-team-bei-den-bmw-motorrad-days-in-garmisch-partenkirchen-2015\/","og_site_name":"SWT-SPORTS Blog","article_publisher":"https:\/\/www.facebook.com\/","article_published_time":"2015-07-05T18:05:48+00:00","article_modified_time":"2020-08-11T19:06:54+00:00","og_image":[{"width":1200,"height":719,"url":"https:\/\/blog.swt-sports.de\/wp-content\/uploads\/2015\/07\/IMG_1321.jpg","type":"image\/jpeg"}],"author":"Lutz Lindemann","twitter_card":"summary_large_image","twitter_creator":"@swtsports","twitter_site":"@swtsports","twitter_misc":{"Verfasst von":"Lutz Lindemann","Gesch\u00e4tzte Lesezeit":"3\u00a0Minuten"},"schema":{"@context":"https:\/\/schema.org","@graph":[{"@type":"Article","@id":"https:\/\/blog.swt-sports.de\/index.php\/enduroboxer-team-bei-den-bmw-motorrad-days-in-garmisch-partenkirchen-2015\/#article","isPartOf":{"@id":"https:\/\/blog.swt-sports.de\/index.php\/enduroboxer-team-bei-den-bmw-motorrad-days-in-garmisch-partenkirchen-2015\/"},"author":{"name":"Lutz Lindemann","@id":"https:\/\/blog.swt-sports.de\/#\/schema\/person\/b1fb20850ef709b5efbd2510a27b50ec"},"headline":"EnduroBoxer \u2013 Team bei den BMW Motorrad Days in Garmisch \u2013 Partenkirchen 2015","datePublished":"2015-07-05T18:05:48+00:00","dateModified":"2020-08-11T19:06:54+00:00","mainEntityOfPage":{"@id":"https:\/\/blog.swt-sports.de\/index.php\/enduroboxer-team-bei-den-bmw-motorrad-days-in-garmisch-partenkirchen-2015\/"},"wordCount":565,"commentCount":0,"publisher":{"@id":"https:\/\/blog.swt-sports.de\/#organization"},"image":{"@id":"https:\/\/blog.swt-sports.de\/index.php\/enduroboxer-team-bei-den-bmw-motorrad-days-in-garmisch-partenkirchen-2015\/#primaryimage"},"thumbnailUrl":"https:\/\/blog.swt-sports.de\/wp-content\/uploads\/2015\/07\/IMG_1321.jpg","keywords":["BMW Meeting Partenkirchen","BMW Motorrad Days 2015","BMW Treffen 2015","BMW Motorrad Treffen 2015","Kohlenwerk BMW","BMW GS Challenge","BMW Party Garmisch 2015","EnduroBoxer Team in Garmisch","Garmisch-Partenkirchen BMW","BMW Meeting Garmisch"],"articleSection":["Events"],"inLanguage":"de","potentialAction":[{"@type":"CommentAction","name":"Comment","target":["https:\/\/blog.swt-sports.de\/index.php\/enduroboxer-team-bei-den-bmw-motorrad-days-in-garmisch-partenkirchen-2015\/#respond"]}]},{"@type":"WebPage","@id":"https:\/\/blog.swt-sports.de\/index.php\/enduroboxer-team-bei-den-bmw-motorrad-days-in-garmisch-partenkirchen-2015\/","url":"https:\/\/blog.swt-sports.de\/index.php\/enduroboxer-team-bei-den-bmw-motorrad-days-in-garmisch-partenkirchen-2015\/","name":"EnduroBoxer \u2013 Team bei den BMW Motorrad Days in Garmisch \u2013 Partenkirchen 2015 - SWT-SPORTS Blog","isPartOf":{"@id":"https:\/\/blog.swt-sports.de\/#website"},"primaryImageOfPage":{"@id":"https:\/\/blog.swt-sports.de\/index.php\/enduroboxer-team-bei-den-bmw-motorrad-days-in-garmisch-partenkirchen-2015\/#primaryimage"},"image":{"@id":"https:\/\/blog.swt-sports.de\/index.php\/enduroboxer-team-bei-den-bmw-motorrad-days-in-garmisch-partenkirchen-2015\/#primaryimage"},"thumbnailUrl":"https:\/\/blog.swt-sports.de\/wp-content\/uploads\/2015\/07\/IMG_1321.jpg","datePublished":"2015-07-05T18:05:48+00:00","dateModified":"2020-08-11T19:06:54+00:00","breadcrumb":{"@id":"https:\/\/blog.swt-sports.de\/index.php\/enduroboxer-team-bei-den-bmw-motorrad-days-in-garmisch-partenkirchen-2015\/#breadcrumb"},"inLanguage":"de","potentialAction":[{"@type":"ReadAction","target":["https:\/\/blog.swt-sports.de\/index.php\/enduroboxer-team-bei-den-bmw-motorrad-days-in-garmisch-partenkirchen-2015\/"]}]},{"@type":"ImageObject","inLanguage":"de","@id":"https:\/\/blog.swt-sports.de\/index.php\/enduroboxer-team-bei-den-bmw-motorrad-days-in-garmisch-partenkirchen-2015\/#primaryimage","url":"https:\/\/blog.swt-sports.de\/wp-content\/uploads\/2015\/07\/IMG_1321.jpg","contentUrl":"https:\/\/blog.swt-sports.de\/wp-content\/uploads\/2015\/07\/IMG_1321.jpg","width":1200,"height":719},{"@type":"BreadcrumbList","@id":"https:\/\/blog.swt-sports.de\/index.php\/enduroboxer-team-bei-den-bmw-motorrad-days-in-garmisch-partenkirchen-2015\/#breadcrumb","itemListElement":[{"@type":"ListItem","position":1,"name":"Startseite","item":"https:\/\/blog.swt-sports.de\/"},{"@type":"ListItem","position":2,"name":"EnduroBoxer \u2013 Team bei den BMW Motorrad Days in Garmisch \u2013 Partenkirchen 2015"}]},{"@type":"WebSite","@id":"https:\/\/blog.swt-sports.de\/#website","url":"https:\/\/blog.swt-sports.de\/","name":"SWT-SPORTS Blog","description":"BMW Motorrad | 2-Ventiler | R80 \/ R100GS G\/S | Paris Dakar | BMW-Boxer","publisher":{"@id":"https:\/\/blog.swt-sports.de\/#organization"},"potentialAction":[{"@type":"SearchAction","target":{"@type":"EntryPoint","urlTemplate":"https:\/\/blog.swt-sports.de\/?s={search_term_string}"},"query-input":{"@type":"PropertyValueSpecification","valueRequired":true,"valueName":"search_term_string"}}],"inLanguage":"de"},{"@type":"Organization","@id":"https:\/\/blog.swt-sports.de\/#organization","name":"SWT Sports","url":"https:\/\/blog.swt-sports.de\/","logo":{"@type":"ImageObject","inLanguage":"de","@id":"https:\/\/blog.swt-sports.de\/#\/schema\/logo\/image\/","url":"https:\/\/blog.swt-sports.de\/wp-content\/uploads\/2020\/08\/swt_sports_logo.svg","contentUrl":"https:\/\/blog.swt-sports.de\/wp-content\/uploads\/2020\/08\/swt_sports_logo.svg","width":306,"height":247,"caption":"SWT Sports"},"image":{"@id":"https:\/\/blog.swt-sports.de\/#\/schema\/logo\/image\/"},"sameAs":["https:\/\/www.facebook.com\/","https:\/\/x.com\/swtsports","https:\/\/www.instagram.com\/swt_sports\/","https:\/\/www.youtube.com\/user\/SWTsports"]},{"@type":"Person","@id":"https:\/\/blog.swt-sports.de\/#\/schema\/person\/b1fb20850ef709b5efbd2510a27b50ec","name":"Lutz Lindemann","image":{"@type":"ImageObject","inLanguage":"de","@id":"https:\/\/secure.gravatar.com\/avatar\/734a9bedc494f6dc8377999f4d8a7d95539d24428aae22d6a7a829f916324968?s=96&r=g","url":"https:\/\/secure.gravatar.com\/avatar\/734a9bedc494f6dc8377999f4d8a7d95539d24428aae22d6a7a829f916324968?s=96&r=g","contentUrl":"https:\/\/secure.gravatar.com\/avatar\/734a9bedc494f6dc8377999f4d8a7d95539d24428aae22d6a7a829f916324968?s=96&r=g","caption":"Lutz Lindemann"},"sameAs":["http:\/\/lutzlindemann.com"]}]}},"_links":{"self":[{"href":"https:\/\/blog.swt-sports.de\/index.php\/wp-json\/wp\/v2\/posts\/967","targetHints":{"allow":["GET"]}}],"collection":[{"href":"https:\/\/blog.swt-sports.de\/index.php\/wp-json\/wp\/v2\/posts"}],"about":[{"href":"https:\/\/blog.swt-sports.de\/index.php\/wp-json\/wp\/v2\/types\/post"}],"author":[{"embeddable":true,"href":"https:\/\/blog.swt-sports.de\/index.php\/wp-json\/wp\/v2\/users\/26194"}],"replies":[{"embeddable":true,"href":"https:\/\/blog.swt-sports.de\/index.php\/wp-json\/wp\/v2\/comments?post=967"}],"version-history":[{"count":6,"href":"https:\/\/blog.swt-sports.de\/index.php\/wp-json\/wp\/v2\/posts\/967\/revisions"}],"predecessor-version":[{"id":83381,"href":"https:\/\/blog.swt-sports.de\/index.php\/wp-json\/wp\/v2\/posts\/967\/revisions\/83381"}],"wp:featuredmedia":[{"embeddable":true,"href":"https:\/\/blog.swt-sports.de\/index.php\/wp-json\/wp\/v2\/media\/971"}],"wp:attachment":[{"href":"https:\/\/blog.swt-sports.de\/index.php\/wp-json\/wp\/v2\/media?parent=967"}],"wp:term":[{"taxonomy":"category","embeddable":true,"href":"https:\/\/blog.swt-sports.de\/index.php\/wp-json\/wp\/v2\/categories?post=967"},{"taxonomy":"post_tag","embeddable":true,"href":"https:\/\/blog.swt-sports.de\/index.php\/wp-json\/wp\/v2\/tags?post=967"}],"curies":[{"name":"wp","href":"https:\/\/api.w.org\/{rel}","templated":true}]}}