{"id":85574,"date":"2023-07-17T10:38:52","date_gmt":"2023-07-17T09:38:52","guid":{"rendered":"https:\/\/blog.swt-sports.de\/?p=85574"},"modified":"2023-07-17T12:33:25","modified_gmt":"2023-07-17T11:33:25","slug":"bmw-motorrad-days-2023-und-100-jahre-bmw-motorrad-in-berlin","status":"publish","type":"post","link":"https:\/\/blog.swt-sports.de\/index.php\/bmw-motorrad-days-2023-und-100-jahre-bmw-motorrad-in-berlin\/","title":{"rendered":"BMW Motorrad Days 2023 und 100 Jahre BMW Motorrad in Berlin"},"content":{"rendered":"<div class=\"wpb-content-wrapper\"><p>[vc_row][vc_column column_width_percent=&#8220;100&#8243; position_vertical=&#8220;middle&#8220; gutter_size=&#8220;3&#8243; overlay_alpha=&#8220;50&#8243; shift_x=&#8220;0&#8243; shift_y=&#8220;0&#8243; shift_y_down=&#8220;0&#8243; z_index=&#8220;0&#8243; medium_width=&#8220;0&#8243; mobile_width=&#8220;0&#8243; width=&#8220;1\/2&#8243;][vc_column_text uncode_shortcode_id=&#8220;102258&#8243;]Zu diesem einmaligen Termin blieb gar nichts anderes \u00fcbrig, als sich mobil zu machen und nach Berlin zu reisen. BMW Motorrad hatte eigens f\u00fcr diesen Geburtstag das Messezentrum in Berlin angemietet, so war f\u00fcr ausreichend Platz f\u00fcr die vielen G\u00e4ste aus der ganzen Welt gesorgt.<\/p>\n<p>Bevor diese Frage zu sp\u00e4t auftaucht, hier meine Meinung zum Event in der Landeshauptstadt. Ja, ich war auch schon in Garmisch mit am Start und ich durfte beide Male in Berlin dabei sein. Garmisch war f\u00fcr mich ein Fest, ein Bierzelt, mit vielen Motorradenthusiasten und ganz viel Leidenschaft. Aber augenscheinlich nicht f\u00fcr einen n\u00fcchternen 100-j\u00e4hrigen Geburtstag geeignet. Berlin dagegen musste schon beim 99. herhalten. Ob das gut oder schlecht gelungen ist, kann ich nicht wirklich sagen.[\/vc_column_text][\/vc_column][vc_column width=&#8220;1\/2&#8243;][vc_single_image media=&#8220;85580&#8243; media_lightbox=&#8220;yes&#8220; media_width_percent=&#8220;100&#8243; shadow=&#8220;yes&#8220; css_animation=&#8220;alpha-anim&#8220; uncode_shortcode_id=&#8220;108615&#8243;][\/vc_column][\/vc_row][vc_row][vc_column width=&#8220;1\/2&#8243;][vc_single_image media=&#8220;85583&#8243; media_width_percent=&#8220;100&#8243; shadow=&#8220;yes&#8220; css_animation=&#8220;alpha-anim&#8220; uncode_shortcode_id=&#8220;186719&#8243; media_link=&#8220;target:_blank&#8220;][\/vc_column][vc_column column_width_percent=&#8220;100&#8243; position_vertical=&#8220;middle&#8220; gutter_size=&#8220;3&#8243; overlay_alpha=&#8220;50&#8243; shift_x=&#8220;0&#8243; shift_y=&#8220;0&#8243; shift_y_down=&#8220;0&#8243; z_index=&#8220;0&#8243; medium_width=&#8220;0&#8243; mobile_width=&#8220;0&#8243; width=&#8220;1\/2&#8243;][vc_column_text uncode_shortcode_id=&#8220;288148&#8243;]F\u00fcr mich war es noch nicht ganz bei den Besuchern angekommen. Doch in diesem Jahr beim runden Geburtstag sollte es besser werden.<\/p>\n<p>Es wurde auf das Pure &amp; Crafted verzichtet, dieses Musikevent war mit seinen Ausstellern fast eine Stunde weit entfernt vom BMW Event. So hatte BMW Motorrad das ganze Gel\u00e4nde nur f\u00fcr sich. Was Vor- und Nachteile hatte. Mit tollen Motorr\u00e4dern rund um die Konzertwiese wurden 100 Jahre Motorradgeschichte gefeiert. Auf der Wiese waren Stuntfahrer und Freestyler, die den Besuchern richtig anheizten. In den drei gro\u00dfen Hallen standen Hersteller, Tuner und Unterst\u00fctzer, welche mit ihren Produkten um K\u00e4ufer warben.[\/vc_column_text][\/vc_column][\/vc_row][vc_row row_height_percent=&#8220;82&#8243; override_padding=&#8220;yes&#8220; h_padding=&#8220;0&#8243; top_padding=&#8220;0&#8243; bottom_padding=&#8220;0&#8243; back_color=&#8220;color-prif&#8220; back_image=&#8220;85580&#8243; overlay_color=&#8220;color-jevc&#8220; overlay_alpha=&#8220;49&#8243; gutter_size=&#8220;3&#8243; column_width_percent=&#8220;100&#8243; shift_y=&#8220;0&#8243; z_index=&#8220;0&#8243; row_height_pixel=&#8220;600px&#8220; uncode_shortcode_id=&#8220;168092&#8243; back_color_type=&#8220;uncode-palette&#8220; overlay_color_type=&#8220;uncode-palette&#8220; css=&#8220;.vc_custom_1689590014239{margin-top: 50px !important;margin-bottom: 50px !important;}&#8220;][vc_column column_width_percent=&#8220;100&#8243; position_vertical=&#8220;middle&#8220; align_horizontal=&#8220;align_center&#8220; gutter_size=&#8220;3&#8243; style=&#8220;dark&#8220; overlay_alpha=&#8220;50&#8243; shift_x=&#8220;0&#8243; shift_y=&#8220;0&#8243; shift_y_down=&#8220;0&#8243; z_index=&#8220;0&#8243; medium_width=&#8220;0&#8243; mobile_width=&#8220;0&#8243; width=&#8220;1\/1&#8243;][vc_column_text text_lead=&#8220;yes&#8220; uncode_shortcode_id=&#8220;222521&#8243;]<\/p>\n<h1>&#8222;Das beste Treffen f\u00fcr BMW-Enthusiasten \u00fcberhaupt!&#8220;<\/h1>\n<p>[\/vc_column_text][vc_column_text text_lead=&#8220;yes&#8220; uncode_shortcode_id=&#8220;578992&#8243;]<\/p>\n<h4><span class=\"font-156269\">Manuel Schad, SWT Sports<\/span><\/h4>\n<p>[\/vc_column_text][\/vc_column][\/vc_row][vc_row][vc_column width=&#8220;1\/1&#8243;][vc_single_image media=&#8220;85604&#8243; media_width_percent=&#8220;100&#8243; uncode_shortcode_id=&#8220;469805&#8243;][vc_column_text uncode_shortcode_id=&#8220;772246&#8243;]BMW Motorrad hat auch den vielen BMW Motorrad Adventure-Anbietern aus aller Welt sehr viel Ausstellungsfl\u00e4che geg\u00f6nnt. Auch die mobile Tradition war mit einzigartigen Exponaten an Ort und Stelle. Es konnten massenhaft einzigartige Exponate der Berliner Motorradkunst begutachtet werden. Doch nicht zu vergessen sind die tollen Umbauten, die auf dem ganzen Areal verstreut standen. Es waren mega aufw\u00e4ndige BMW Boxer und K Modelle, die auf die Geburtstagsg\u00e4ste warteten. Wir standen in diesem Jahr wieder neben der Steilwand, dem Motodrom. Unser Moto war Heritage, diesem haben wir zusammen mit Walzwerk und Co. versucht Gen\u00fcge zu tun. Dank des DJs wurden wir durchgehend mit toller Musik aus den Marschall Boxern versorgt.[\/vc_column_text][\/vc_column][\/vc_row][vc_row][vc_column column_width_percent=&#8220;100&#8243; position_vertical=&#8220;middle&#8220; gutter_size=&#8220;3&#8243; overlay_alpha=&#8220;50&#8243; shift_x=&#8220;0&#8243; shift_y=&#8220;0&#8243; shift_y_down=&#8220;0&#8243; z_index=&#8220;0&#8243; medium_width=&#8220;0&#8243; mobile_width=&#8220;0&#8243; width=&#8220;1\/2&#8243;][vc_column_text uncode_shortcode_id=&#8220;212864&#8243;]Ich kann nur von einem gelungenem Event sprechen, leider hat sich die Menschenmenge auf dem gro\u00dfz\u00fcgig abgestecktem Areal etwas verlaufen, doch lieber so als zu eng!<\/p>\n<p>Wer wissen will, wie es in Berlin ist, der kann sich da im Jahr 2024 selbst ein Urteil machen. Also nicht schimpfen, sondern selber schauen.<\/p>\n<p>Einen gro\u00dfen Kritikpunkt an BMW Motorrad habe ich aber noch, den ich unbedingt loswerden will. Ich finde, dass ich voll in der Szene stecke und auch in den sozialen Medien abh\u00e4nge. Aber bedauerlicherweise habe ich viel zu wenig Werbung f\u00fcr einen 100sten Geburtstag gesehen. Wir hatten viele unserer Kunden erst mit unserer eigenen Einladung via Newsletter auf diese Geburtstagsfeier aufmerksam gemacht.<\/p>\n<p>Bis bald euer Manuel Schad von SWT-SPORTS[\/vc_column_text][\/vc_column][vc_column width=&#8220;1\/2&#8243;][vc_single_image media=&#8220;85582&#8243; media_lightbox=&#8220;yes&#8220; media_width_percent=&#8220;100&#8243; shadow=&#8220;yes&#8220; css_animation=&#8220;alpha-anim&#8220; uncode_shortcode_id=&#8220;181202&#8243; media_link=&#8220;target:_blank&#8220;][\/vc_column][\/vc_row][vc_row][vc_column width=&#8220;1\/1&#8243;][vc_button border_width=&#8220;0&#8243; link=&#8220;url:https%3A%2F%2Fwww.swt-sports.de%2Fde%2Fbmw-umbauten%2Fonroad-umbauten|target:_blank&#8220; uncode_shortcode_id=&#8220;240153&#8243;]Zum Shop und allen Onroad Umbauten[\/vc_button][\/vc_column][\/vc_row][vc_row unlock_row_content=&#8220;yes&#8220; row_height_percent=&#8220;0&#8243; override_padding=&#8220;yes&#8220; h_padding=&#8220;0&#8243; top_padding=&#8220;0&#8243; bottom_padding=&#8220;0&#8243; back_color=&#8220;color-wayh&#8220; overlay_alpha=&#8220;50&#8243; equal_height=&#8220;yes&#8220; gutter_size=&#8220;0&#8243; column_width_percent=&#8220;100&#8243; shift_y=&#8220;0&#8243; z_index=&#8220;0&#8243;][vc_column column_width_use_pixel=&#8220;yes&#8220; gutter_size=&#8220;3&#8243; override_padding=&#8220;yes&#8220; column_padding=&#8220;5&#8243; style=&#8220;dark&#8220; overlay_alpha=&#8220;50&#8243; shift_x=&#8220;0&#8243; shift_y=&#8220;0&#8243; shift_y_down=&#8220;0&#8243; z_index=&#8220;0&#8243; medium_width=&#8220;0&#8243; mobile_width=&#8220;0&#8243; width=&#8220;1\/2&#8243; column_width_pixel=&#8220;528&#8243;][vc_custom_heading text_color=&#8220;accent&#8220; heading_semantic=&#8220;h6&#8243; text_size=&#8220;fontsize-160000&#8243; text_transform=&#8220;uppercase&#8220; text_space=&#8220;fontspace-135905&#8243; uncode_shortcode_id=&#8220;127260&#8243; text_color_type=&#8220;uncode-palette&#8220;]<\/p>\n<p class=\"style-scope ytd-watch-metadata\">BMW Motorrad Days<\/p>\n<p>[\/vc_custom_heading][vc_column_text uncode_shortcode_id=&#8220;174814&#8243;]<\/p>\n<h1 class=\"style-scope ytd-watch-metadata\">100 Jahre BMW Motorrad Feier im Messezentrum Berlin 2023<\/h1>\n<p>[\/vc_column_text][vc_empty_space empty_h=&#8220;1&#8243;][\/vc_column][vc_column column_width_percent=&#8220;100&#8243; gutter_size=&#8220;3&#8243; overlay_alpha=&#8220;50&#8243; shift_x=&#8220;0&#8243; shift_y=&#8220;0&#8243; shift_y_down=&#8220;0&#8243; z_index=&#8220;0&#8243; medium_width=&#8220;0&#8243; mobile_width=&#8220;0&#8243; width=&#8220;1\/2&#8243; mobile_height=&#8220;340&#8243;][vc_single_image media=&#8220;85599&#8243; media_width_percent=&#8220;100&#8243; uncode_shortcode_id=&#8220;164590&#8243; media_link=&#8220;url:https%3A%2F%2Fwww.youtube.com%2Fwatch%3Fv%3DWi04Vs2jNrY|target:_blank&#8220;][\/vc_column][\/vc_row]<\/p>\n<\/div>","protected":false},"excerpt":{"rendered":"<p>[vc_row][vc_column column_width_percent=&#8220;100&#8243; position_vertical=&#8220;middle&#8220; gutter_size=&#8220;3&#8243; overlay_alpha=&#8220;50&#8243; shift_x=&#8220;0&#8243; shift_y=&#8220;0&#8243; shift_y_down=&#8220;0&#8243; z_index=&#8220;0&#8243; medium_width=&#8220;0&#8243; mobile_width=&#8220;0&#8243; width=&#8220;1\/2&#8243;][vc_column_text uncode_shortcode_id=&#8220;102258&#8243;]Zu diesem einmaligen Termin blieb gar nichts anderes [&hellip;]<\/p>\n","protected":false},"author":26194,"featured_media":85590,"comment_status":"open","ping_status":"closed","sticky":false,"template":"","format":"standard","meta":{"footnotes":""},"categories":[1305,1306],"tags":[],"class_list":["post-85574","post","type-post","status-publish","format-standard","has-post-thumbnail","hentry","category-highlights","category-events"],"yoast_head":"<!-- This site is optimized with the Yoast SEO plugin v27.5 - https:\/\/yoast.com\/product\/yoast-seo-wordpress\/ -->\n<title>BMW Motorrad Days 2023 und 100 Jahre BMW Motorrad in Berlin<\/title>\n<meta name=\"description\" content=\"BMW 2-Ventiler Technik von SWT Sports im WASP Motocross-Gespann. Wir fahren im Beiwagen Enduro und Motocross Rennen in Deutschland.\" \/>\n<meta name=\"robots\" content=\"index, follow, max-snippet:-1, max-image-preview:large, max-video-preview:-1\" \/>\n<link rel=\"canonical\" href=\"https:\/\/blog.swt-sports.de\/index.php\/bmw-motorrad-days-2023-und-100-jahre-bmw-motorrad-in-berlin\/\" \/>\n<meta property=\"og:locale\" content=\"de_DE\" \/>\n<meta property=\"og:type\" content=\"article\" \/>\n<meta property=\"og:title\" content=\"BMW Motorrad Days 2023 und 100 Jahre BMW Motorrad in Berlin\" \/>\n<meta property=\"og:description\" content=\"BMW 2-Ventiler Technik von SWT Sports im WASP Motocross-Gespann. Wir fahren im Beiwagen Enduro und Motocross Rennen in Deutschland.\" \/>\n<meta property=\"og:url\" content=\"https:\/\/blog.swt-sports.de\/index.php\/bmw-motorrad-days-2023-und-100-jahre-bmw-motorrad-in-berlin\/\" \/>\n<meta property=\"og:site_name\" content=\"SWT-SPORTS Blog\" \/>\n<meta property=\"article:publisher\" content=\"https:\/\/www.facebook.com\/\" \/>\n<meta property=\"article:published_time\" content=\"2023-07-17T09:38:52+00:00\" \/>\n<meta property=\"article:modified_time\" content=\"2023-07-17T11:33:25+00:00\" \/>\n<meta property=\"og:image\" content=\"https:\/\/blog.swt-sports.de\/wp-content\/uploads\/2023\/07\/swt-sports_bmw-motorrad-days_2023_02.jpg\" \/>\n\t<meta property=\"og:image:width\" content=\"1200\" \/>\n\t<meta property=\"og:image:height\" content=\"800\" \/>\n\t<meta property=\"og:image:type\" content=\"image\/jpeg\" \/>\n<meta name=\"author\" content=\"Lutz Lindemann\" \/>\n<meta name=\"twitter:card\" content=\"summary_large_image\" \/>\n<meta name=\"twitter:creator\" content=\"@swtsports\" \/>\n<meta name=\"twitter:site\" content=\"@swtsports\" \/>\n<meta name=\"twitter:label1\" content=\"Verfasst von\" \/>\n\t<meta name=\"twitter:data1\" content=\"Lutz Lindemann\" \/>\n\t<meta name=\"twitter:label2\" content=\"Gesch\u00e4tzte Lesezeit\" \/>\n\t<meta name=\"twitter:data2\" content=\"4\u00a0Minuten\" \/>\n<script type=\"application\/ld+json\" class=\"yoast-schema-graph\">{\"@context\":\"https:\\\/\\\/schema.org\",\"@graph\":[{\"@type\":\"Article\",\"@id\":\"https:\\\/\\\/blog.swt-sports.de\\\/index.php\\\/bmw-motorrad-days-2023-und-100-jahre-bmw-motorrad-in-berlin\\\/#article\",\"isPartOf\":{\"@id\":\"https:\\\/\\\/blog.swt-sports.de\\\/index.php\\\/bmw-motorrad-days-2023-und-100-jahre-bmw-motorrad-in-berlin\\\/\"},\"author\":{\"name\":\"Lutz Lindemann\",\"@id\":\"https:\\\/\\\/blog.swt-sports.de\\\/#\\\/schema\\\/person\\\/b1fb20850ef709b5efbd2510a27b50ec\"},\"headline\":\"BMW Motorrad Days 2023 und 100 Jahre BMW Motorrad in Berlin\",\"datePublished\":\"2023-07-17T09:38:52+00:00\",\"dateModified\":\"2023-07-17T11:33:25+00:00\",\"mainEntityOfPage\":{\"@id\":\"https:\\\/\\\/blog.swt-sports.de\\\/index.php\\\/bmw-motorrad-days-2023-und-100-jahre-bmw-motorrad-in-berlin\\\/\"},\"wordCount\":1049,\"commentCount\":0,\"publisher\":{\"@id\":\"https:\\\/\\\/blog.swt-sports.de\\\/#organization\"},\"image\":{\"@id\":\"https:\\\/\\\/blog.swt-sports.de\\\/index.php\\\/bmw-motorrad-days-2023-und-100-jahre-bmw-motorrad-in-berlin\\\/#primaryimage\"},\"thumbnailUrl\":\"https:\\\/\\\/blog.swt-sports.de\\\/wp-content\\\/uploads\\\/2023\\\/07\\\/swt-sports_bmw-motorrad-days_2023_02.jpg\",\"articleSection\":[\"Highlights\",\"Events\"],\"inLanguage\":\"de\",\"potentialAction\":[{\"@type\":\"CommentAction\",\"name\":\"Comment\",\"target\":[\"https:\\\/\\\/blog.swt-sports.de\\\/index.php\\\/bmw-motorrad-days-2023-und-100-jahre-bmw-motorrad-in-berlin\\\/#respond\"]}]},{\"@type\":\"WebPage\",\"@id\":\"https:\\\/\\\/blog.swt-sports.de\\\/index.php\\\/bmw-motorrad-days-2023-und-100-jahre-bmw-motorrad-in-berlin\\\/\",\"url\":\"https:\\\/\\\/blog.swt-sports.de\\\/index.php\\\/bmw-motorrad-days-2023-und-100-jahre-bmw-motorrad-in-berlin\\\/\",\"name\":\"BMW Motorrad Days 2023 und 100 Jahre BMW Motorrad in Berlin\",\"isPartOf\":{\"@id\":\"https:\\\/\\\/blog.swt-sports.de\\\/#website\"},\"primaryImageOfPage\":{\"@id\":\"https:\\\/\\\/blog.swt-sports.de\\\/index.php\\\/bmw-motorrad-days-2023-und-100-jahre-bmw-motorrad-in-berlin\\\/#primaryimage\"},\"image\":{\"@id\":\"https:\\\/\\\/blog.swt-sports.de\\\/index.php\\\/bmw-motorrad-days-2023-und-100-jahre-bmw-motorrad-in-berlin\\\/#primaryimage\"},\"thumbnailUrl\":\"https:\\\/\\\/blog.swt-sports.de\\\/wp-content\\\/uploads\\\/2023\\\/07\\\/swt-sports_bmw-motorrad-days_2023_02.jpg\",\"datePublished\":\"2023-07-17T09:38:52+00:00\",\"dateModified\":\"2023-07-17T11:33:25+00:00\",\"description\":\"BMW 2-Ventiler Technik von SWT Sports im WASP Motocross-Gespann. Wir fahren im Beiwagen Enduro und Motocross Rennen in Deutschland.\",\"breadcrumb\":{\"@id\":\"https:\\\/\\\/blog.swt-sports.de\\\/index.php\\\/bmw-motorrad-days-2023-und-100-jahre-bmw-motorrad-in-berlin\\\/#breadcrumb\"},\"inLanguage\":\"de\",\"potentialAction\":[{\"@type\":\"ReadAction\",\"target\":[\"https:\\\/\\\/blog.swt-sports.de\\\/index.php\\\/bmw-motorrad-days-2023-und-100-jahre-bmw-motorrad-in-berlin\\\/\"]}]},{\"@type\":\"ImageObject\",\"inLanguage\":\"de\",\"@id\":\"https:\\\/\\\/blog.swt-sports.de\\\/index.php\\\/bmw-motorrad-days-2023-und-100-jahre-bmw-motorrad-in-berlin\\\/#primaryimage\",\"url\":\"https:\\\/\\\/blog.swt-sports.de\\\/wp-content\\\/uploads\\\/2023\\\/07\\\/swt-sports_bmw-motorrad-days_2023_02.jpg\",\"contentUrl\":\"https:\\\/\\\/blog.swt-sports.de\\\/wp-content\\\/uploads\\\/2023\\\/07\\\/swt-sports_bmw-motorrad-days_2023_02.jpg\",\"width\":1200,\"height\":800},{\"@type\":\"BreadcrumbList\",\"@id\":\"https:\\\/\\\/blog.swt-sports.de\\\/index.php\\\/bmw-motorrad-days-2023-und-100-jahre-bmw-motorrad-in-berlin\\\/#breadcrumb\",\"itemListElement\":[{\"@type\":\"ListItem\",\"position\":1,\"name\":\"Startseite\",\"item\":\"https:\\\/\\\/blog.swt-sports.de\\\/\"},{\"@type\":\"ListItem\",\"position\":2,\"name\":\"BMW Motorrad Days 2023 und 100 Jahre BMW Motorrad in Berlin\"}]},{\"@type\":\"WebSite\",\"@id\":\"https:\\\/\\\/blog.swt-sports.de\\\/#website\",\"url\":\"https:\\\/\\\/blog.swt-sports.de\\\/\",\"name\":\"SWT-SPORTS Blog\",\"description\":\"BMW Motorrad | 2-Ventiler | R80 \\\/ R100GS G\\\/S | Paris Dakar | BMW-Boxer\",\"publisher\":{\"@id\":\"https:\\\/\\\/blog.swt-sports.de\\\/#organization\"},\"potentialAction\":[{\"@type\":\"SearchAction\",\"target\":{\"@type\":\"EntryPoint\",\"urlTemplate\":\"https:\\\/\\\/blog.swt-sports.de\\\/?s={search_term_string}\"},\"query-input\":{\"@type\":\"PropertyValueSpecification\",\"valueRequired\":true,\"valueName\":\"search_term_string\"}}],\"inLanguage\":\"de\"},{\"@type\":\"Organization\",\"@id\":\"https:\\\/\\\/blog.swt-sports.de\\\/#organization\",\"name\":\"SWT Sports\",\"url\":\"https:\\\/\\\/blog.swt-sports.de\\\/\",\"logo\":{\"@type\":\"ImageObject\",\"inLanguage\":\"de\",\"@id\":\"https:\\\/\\\/blog.swt-sports.de\\\/#\\\/schema\\\/logo\\\/image\\\/\",\"url\":\"https:\\\/\\\/blog.swt-sports.de\\\/wp-content\\\/uploads\\\/2020\\\/08\\\/swt_sports_logo.svg\",\"contentUrl\":\"https:\\\/\\\/blog.swt-sports.de\\\/wp-content\\\/uploads\\\/2020\\\/08\\\/swt_sports_logo.svg\",\"width\":306,\"height\":247,\"caption\":\"SWT Sports\"},\"image\":{\"@id\":\"https:\\\/\\\/blog.swt-sports.de\\\/#\\\/schema\\\/logo\\\/image\\\/\"},\"sameAs\":[\"https:\\\/\\\/www.facebook.com\\\/\",\"https:\\\/\\\/x.com\\\/swtsports\",\"https:\\\/\\\/www.instagram.com\\\/swt_sports\\\/\",\"https:\\\/\\\/www.youtube.com\\\/user\\\/SWTsports\"]},{\"@type\":\"Person\",\"@id\":\"https:\\\/\\\/blog.swt-sports.de\\\/#\\\/schema\\\/person\\\/b1fb20850ef709b5efbd2510a27b50ec\",\"name\":\"Lutz Lindemann\",\"image\":{\"@type\":\"ImageObject\",\"inLanguage\":\"de\",\"@id\":\"https:\\\/\\\/secure.gravatar.com\\\/avatar\\\/734a9bedc494f6dc8377999f4d8a7d95539d24428aae22d6a7a829f916324968?s=96&r=g\",\"url\":\"https:\\\/\\\/secure.gravatar.com\\\/avatar\\\/734a9bedc494f6dc8377999f4d8a7d95539d24428aae22d6a7a829f916324968?s=96&r=g\",\"contentUrl\":\"https:\\\/\\\/secure.gravatar.com\\\/avatar\\\/734a9bedc494f6dc8377999f4d8a7d95539d24428aae22d6a7a829f916324968?s=96&r=g\",\"caption\":\"Lutz Lindemann\"},\"sameAs\":[\"http:\\\/\\\/lutzlindemann.com\"]}]}<\/script>\n<!-- \/ Yoast SEO plugin. -->","yoast_head_json":{"title":"BMW Motorrad Days 2023 und 100 Jahre BMW Motorrad in Berlin","description":"BMW 2-Ventiler Technik von SWT Sports im WASP Motocross-Gespann. Wir fahren im Beiwagen Enduro und Motocross Rennen in Deutschland.","robots":{"index":"index","follow":"follow","max-snippet":"max-snippet:-1","max-image-preview":"max-image-preview:large","max-video-preview":"max-video-preview:-1"},"canonical":"https:\/\/blog.swt-sports.de\/index.php\/bmw-motorrad-days-2023-und-100-jahre-bmw-motorrad-in-berlin\/","og_locale":"de_DE","og_type":"article","og_title":"BMW Motorrad Days 2023 und 100 Jahre BMW Motorrad in Berlin","og_description":"BMW 2-Ventiler Technik von SWT Sports im WASP Motocross-Gespann. Wir fahren im Beiwagen Enduro und Motocross Rennen in Deutschland.","og_url":"https:\/\/blog.swt-sports.de\/index.php\/bmw-motorrad-days-2023-und-100-jahre-bmw-motorrad-in-berlin\/","og_site_name":"SWT-SPORTS Blog","article_publisher":"https:\/\/www.facebook.com\/","article_published_time":"2023-07-17T09:38:52+00:00","article_modified_time":"2023-07-17T11:33:25+00:00","og_image":[{"width":1200,"height":800,"url":"https:\/\/blog.swt-sports.de\/wp-content\/uploads\/2023\/07\/swt-sports_bmw-motorrad-days_2023_02.jpg","type":"image\/jpeg"}],"author":"Lutz Lindemann","twitter_card":"summary_large_image","twitter_creator":"@swtsports","twitter_site":"@swtsports","twitter_misc":{"Verfasst von":"Lutz Lindemann","Gesch\u00e4tzte Lesezeit":"4\u00a0Minuten"},"schema":{"@context":"https:\/\/schema.org","@graph":[{"@type":"Article","@id":"https:\/\/blog.swt-sports.de\/index.php\/bmw-motorrad-days-2023-und-100-jahre-bmw-motorrad-in-berlin\/#article","isPartOf":{"@id":"https:\/\/blog.swt-sports.de\/index.php\/bmw-motorrad-days-2023-und-100-jahre-bmw-motorrad-in-berlin\/"},"author":{"name":"Lutz Lindemann","@id":"https:\/\/blog.swt-sports.de\/#\/schema\/person\/b1fb20850ef709b5efbd2510a27b50ec"},"headline":"BMW Motorrad Days 2023 und 100 Jahre BMW Motorrad in Berlin","datePublished":"2023-07-17T09:38:52+00:00","dateModified":"2023-07-17T11:33:25+00:00","mainEntityOfPage":{"@id":"https:\/\/blog.swt-sports.de\/index.php\/bmw-motorrad-days-2023-und-100-jahre-bmw-motorrad-in-berlin\/"},"wordCount":1049,"commentCount":0,"publisher":{"@id":"https:\/\/blog.swt-sports.de\/#organization"},"image":{"@id":"https:\/\/blog.swt-sports.de\/index.php\/bmw-motorrad-days-2023-und-100-jahre-bmw-motorrad-in-berlin\/#primaryimage"},"thumbnailUrl":"https:\/\/blog.swt-sports.de\/wp-content\/uploads\/2023\/07\/swt-sports_bmw-motorrad-days_2023_02.jpg","articleSection":["Highlights","Events"],"inLanguage":"de","potentialAction":[{"@type":"CommentAction","name":"Comment","target":["https:\/\/blog.swt-sports.de\/index.php\/bmw-motorrad-days-2023-und-100-jahre-bmw-motorrad-in-berlin\/#respond"]}]},{"@type":"WebPage","@id":"https:\/\/blog.swt-sports.de\/index.php\/bmw-motorrad-days-2023-und-100-jahre-bmw-motorrad-in-berlin\/","url":"https:\/\/blog.swt-sports.de\/index.php\/bmw-motorrad-days-2023-und-100-jahre-bmw-motorrad-in-berlin\/","name":"BMW Motorrad Days 2023 und 100 Jahre BMW Motorrad in Berlin","isPartOf":{"@id":"https:\/\/blog.swt-sports.de\/#website"},"primaryImageOfPage":{"@id":"https:\/\/blog.swt-sports.de\/index.php\/bmw-motorrad-days-2023-und-100-jahre-bmw-motorrad-in-berlin\/#primaryimage"},"image":{"@id":"https:\/\/blog.swt-sports.de\/index.php\/bmw-motorrad-days-2023-und-100-jahre-bmw-motorrad-in-berlin\/#primaryimage"},"thumbnailUrl":"https:\/\/blog.swt-sports.de\/wp-content\/uploads\/2023\/07\/swt-sports_bmw-motorrad-days_2023_02.jpg","datePublished":"2023-07-17T09:38:52+00:00","dateModified":"2023-07-17T11:33:25+00:00","description":"BMW 2-Ventiler Technik von SWT Sports im WASP Motocross-Gespann. Wir fahren im Beiwagen Enduro und Motocross Rennen in Deutschland.","breadcrumb":{"@id":"https:\/\/blog.swt-sports.de\/index.php\/bmw-motorrad-days-2023-und-100-jahre-bmw-motorrad-in-berlin\/#breadcrumb"},"inLanguage":"de","potentialAction":[{"@type":"ReadAction","target":["https:\/\/blog.swt-sports.de\/index.php\/bmw-motorrad-days-2023-und-100-jahre-bmw-motorrad-in-berlin\/"]}]},{"@type":"ImageObject","inLanguage":"de","@id":"https:\/\/blog.swt-sports.de\/index.php\/bmw-motorrad-days-2023-und-100-jahre-bmw-motorrad-in-berlin\/#primaryimage","url":"https:\/\/blog.swt-sports.de\/wp-content\/uploads\/2023\/07\/swt-sports_bmw-motorrad-days_2023_02.jpg","contentUrl":"https:\/\/blog.swt-sports.de\/wp-content\/uploads\/2023\/07\/swt-sports_bmw-motorrad-days_2023_02.jpg","width":1200,"height":800},{"@type":"BreadcrumbList","@id":"https:\/\/blog.swt-sports.de\/index.php\/bmw-motorrad-days-2023-und-100-jahre-bmw-motorrad-in-berlin\/#breadcrumb","itemListElement":[{"@type":"ListItem","position":1,"name":"Startseite","item":"https:\/\/blog.swt-sports.de\/"},{"@type":"ListItem","position":2,"name":"BMW Motorrad Days 2023 und 100 Jahre BMW Motorrad in Berlin"}]},{"@type":"WebSite","@id":"https:\/\/blog.swt-sports.de\/#website","url":"https:\/\/blog.swt-sports.de\/","name":"SWT-SPORTS Blog","description":"BMW Motorrad | 2-Ventiler | R80 \/ R100GS G\/S | Paris Dakar | BMW-Boxer","publisher":{"@id":"https:\/\/blog.swt-sports.de\/#organization"},"potentialAction":[{"@type":"SearchAction","target":{"@type":"EntryPoint","urlTemplate":"https:\/\/blog.swt-sports.de\/?s={search_term_string}"},"query-input":{"@type":"PropertyValueSpecification","valueRequired":true,"valueName":"search_term_string"}}],"inLanguage":"de"},{"@type":"Organization","@id":"https:\/\/blog.swt-sports.de\/#organization","name":"SWT Sports","url":"https:\/\/blog.swt-sports.de\/","logo":{"@type":"ImageObject","inLanguage":"de","@id":"https:\/\/blog.swt-sports.de\/#\/schema\/logo\/image\/","url":"https:\/\/blog.swt-sports.de\/wp-content\/uploads\/2020\/08\/swt_sports_logo.svg","contentUrl":"https:\/\/blog.swt-sports.de\/wp-content\/uploads\/2020\/08\/swt_sports_logo.svg","width":306,"height":247,"caption":"SWT Sports"},"image":{"@id":"https:\/\/blog.swt-sports.de\/#\/schema\/logo\/image\/"},"sameAs":["https:\/\/www.facebook.com\/","https:\/\/x.com\/swtsports","https:\/\/www.instagram.com\/swt_sports\/","https:\/\/www.youtube.com\/user\/SWTsports"]},{"@type":"Person","@id":"https:\/\/blog.swt-sports.de\/#\/schema\/person\/b1fb20850ef709b5efbd2510a27b50ec","name":"Lutz Lindemann","image":{"@type":"ImageObject","inLanguage":"de","@id":"https:\/\/secure.gravatar.com\/avatar\/734a9bedc494f6dc8377999f4d8a7d95539d24428aae22d6a7a829f916324968?s=96&r=g","url":"https:\/\/secure.gravatar.com\/avatar\/734a9bedc494f6dc8377999f4d8a7d95539d24428aae22d6a7a829f916324968?s=96&r=g","contentUrl":"https:\/\/secure.gravatar.com\/avatar\/734a9bedc494f6dc8377999f4d8a7d95539d24428aae22d6a7a829f916324968?s=96&r=g","caption":"Lutz Lindemann"},"sameAs":["http:\/\/lutzlindemann.com"]}]}},"_links":{"self":[{"href":"https:\/\/blog.swt-sports.de\/index.php\/wp-json\/wp\/v2\/posts\/85574","targetHints":{"allow":["GET"]}}],"collection":[{"href":"https:\/\/blog.swt-sports.de\/index.php\/wp-json\/wp\/v2\/posts"}],"about":[{"href":"https:\/\/blog.swt-sports.de\/index.php\/wp-json\/wp\/v2\/types\/post"}],"author":[{"embeddable":true,"href":"https:\/\/blog.swt-sports.de\/index.php\/wp-json\/wp\/v2\/users\/26194"}],"replies":[{"embeddable":true,"href":"https:\/\/blog.swt-sports.de\/index.php\/wp-json\/wp\/v2\/comments?post=85574"}],"version-history":[{"count":17,"href":"https:\/\/blog.swt-sports.de\/index.php\/wp-json\/wp\/v2\/posts\/85574\/revisions"}],"predecessor-version":[{"id":85577,"href":"https:\/\/blog.swt-sports.de\/index.php\/wp-json\/wp\/v2\/posts\/85574\/revisions\/85577"}],"wp:featuredmedia":[{"embeddable":true,"href":"https:\/\/blog.swt-sports.de\/index.php\/wp-json\/wp\/v2\/media\/85590"}],"wp:attachment":[{"href":"https:\/\/blog.swt-sports.de\/index.php\/wp-json\/wp\/v2\/media?parent=85574"}],"wp:term":[{"taxonomy":"category","embeddable":true,"href":"https:\/\/blog.swt-sports.de\/index.php\/wp-json\/wp\/v2\/categories?post=85574"},{"taxonomy":"post_tag","embeddable":true,"href":"https:\/\/blog.swt-sports.de\/index.php\/wp-json\/wp\/v2\/tags?post=85574"}],"curies":[{"name":"wp","href":"https:\/\/api.w.org\/{rel}","templated":true}]}}