{"id":85528,"date":"2023-06-22T11:28:07","date_gmt":"2023-06-22T10:28:07","guid":{"rendered":"https:\/\/blog.swt-sports.de\/?p=85528"},"modified":"2023-06-22T20:38:58","modified_gmt":"2023-06-22T19:38:58","slug":"motocross-in-euskirchen-mit-wasp-gespann","status":"publish","type":"post","link":"https:\/\/blog.swt-sports.de\/index.php\/motocross-in-euskirchen-mit-wasp-gespann\/","title":{"rendered":"Motocross in Euskirchen mit WASP Gespann!"},"content":{"rendered":"<div class=\"wpb-content-wrapper\"><p>[vc_row][vc_column column_width_percent=&#8220;100&#8243; position_vertical=&#8220;middle&#8220; gutter_size=&#8220;3&#8243; overlay_alpha=&#8220;50&#8243; shift_x=&#8220;0&#8243; shift_y=&#8220;0&#8243; shift_y_down=&#8220;0&#8243; z_index=&#8220;0&#8243; medium_width=&#8220;0&#8243; mobile_width=&#8220;0&#8243; width=&#8220;1\/2&#8243;][vc_column_text uncode_shortcode_id=&#8220;213753&#8243;]Es gibt mit Sicherheit mehr Gr\u00fcnde, die daf\u00fcr sprechen unser aufw\u00e4ndig restauriertes Motorradgespann als Showbike zu nutzen, als es mit Gewalt auf der Rennstrecke zu zerst\u00f6ren.<\/p>\n<p>Doch das ist keine Option f\u00fcr Team SWT! Wir haben dieses WASP BMW Motorradgespann extra f\u00fcr den Einsatz im Sport zusammengebaut und modifiziert.<\/p>\n<p>Also los gehts, zum n\u00e4chsten Lauf der Motocross Meisterschaft in Euskirchen Euenheim![\/vc_column_text][\/vc_column][vc_column width=&#8220;1\/2&#8243;][vc_single_image media=&#8220;85532&#8243; media_lightbox=&#8220;yes&#8220; media_width_percent=&#8220;100&#8243; shadow=&#8220;yes&#8220; css_animation=&#8220;alpha-anim&#8220; uncode_shortcode_id=&#8220;122225&#8243;][\/vc_column][\/vc_row][vc_row][vc_column width=&#8220;1\/2&#8243;][vc_single_image media=&#8220;85536&#8243; media_width_percent=&#8220;100&#8243; shadow=&#8220;yes&#8220; css_animation=&#8220;alpha-anim&#8220; uncode_shortcode_id=&#8220;173704&#8243; media_link=&#8220;target:_blank&#8220;][\/vc_column][vc_column column_width_percent=&#8220;100&#8243; position_vertical=&#8220;middle&#8220; gutter_size=&#8220;3&#8243; overlay_alpha=&#8220;50&#8243; shift_x=&#8220;0&#8243; shift_y=&#8220;0&#8243; shift_y_down=&#8220;0&#8243; z_index=&#8220;0&#8243; medium_width=&#8220;0&#8243; mobile_width=&#8220;0&#8243; width=&#8220;1\/2&#8243;][vc_column_text uncode_shortcode_id=&#8220;174744&#8243;]Ich kann jedem nur empfehlen diesen Wahnsinn auch mal mitzumachen. Im Prinzip kostet es euch &#8222;nur&#8220; etwas Zeit und nat\u00fcrlichb ein bisschen Geld f\u00fcr die Startgeb\u00fchren.<br \/>\nDas finde ich aber total Fair, denn die Organisatoren haben eine Menge Arbeit, Risiko und sorgen letztendlich daf\u00fcr das unser toller Sport lebendig bleibt.<\/p>\n<p>Also: DO IT![\/vc_column_text][\/vc_column][\/vc_row][vc_row row_height_percent=&#8220;82&#8243; override_padding=&#8220;yes&#8220; h_padding=&#8220;0&#8243; top_padding=&#8220;0&#8243; bottom_padding=&#8220;0&#8243; back_color=&#8220;color-prif&#8220; back_image=&#8220;85533&#8243; overlay_color=&#8220;color-jevc&#8220; overlay_alpha=&#8220;49&#8243; gutter_size=&#8220;3&#8243; column_width_percent=&#8220;100&#8243; shift_y=&#8220;0&#8243; z_index=&#8220;0&#8243; row_height_pixel=&#8220;600px&#8220; uncode_shortcode_id=&#8220;178787&#8243; back_color_type=&#8220;uncode-palette&#8220; overlay_color_type=&#8220;uncode-palette&#8220; css=&#8220;.vc_custom_1687430082839{margin-top: 50px !important;margin-bottom: 50px !important;}&#8220;][vc_column column_width_percent=&#8220;100&#8243; position_vertical=&#8220;middle&#8220; align_horizontal=&#8220;align_center&#8220; gutter_size=&#8220;3&#8243; style=&#8220;dark&#8220; overlay_alpha=&#8220;50&#8243; shift_x=&#8220;0&#8243; shift_y=&#8220;0&#8243; shift_y_down=&#8220;0&#8243; z_index=&#8220;0&#8243; medium_width=&#8220;0&#8243; mobile_width=&#8220;0&#8243; width=&#8220;1\/1&#8243;][vc_column_text text_lead=&#8220;yes&#8220; uncode_shortcode_id=&#8220;253789&#8243;]<\/p>\n<h1><span class=\"font-156269\">&#8222;Ich hatte bis dato noch keine Sportart, die mich so fordert, wie die Offroad-Gespannrennen.&#8220;<\/span><\/h1>\n<p>[\/vc_column_text][vc_column_text text_lead=&#8220;yes&#8220; uncode_shortcode_id=&#8220;578992&#8243;]<\/p>\n<h4><span class=\"font-156269\">Manuel Schad, SWT Sports<\/span><\/h4>\n<p>[\/vc_column_text][\/vc_column][\/vc_row][vc_row][vc_column width=&#8220;1\/2&#8243;][vc_single_image media=&#8220;85535&#8243; media_lightbox=&#8220;yes&#8220; media_width_percent=&#8220;100&#8243; shadow=&#8220;yes&#8220; css_animation=&#8220;alpha-anim&#8220; uncode_shortcode_id=&#8220;427935&#8243; media_link=&#8220;target:_blank&#8220;][\/vc_column][vc_column column_width_percent=&#8220;100&#8243; position_vertical=&#8220;middle&#8220; gutter_size=&#8220;3&#8243; overlay_alpha=&#8220;50&#8243; shift_x=&#8220;0&#8243; shift_y=&#8220;0&#8243; shift_y_down=&#8220;0&#8243; z_index=&#8220;0&#8243; medium_width=&#8220;0&#8243; mobile_width=&#8220;0&#8243; width=&#8220;1\/2&#8243;][vc_column_text uncode_shortcode_id=&#8220;125746&#8243;]Elmar hatte sicher eine viel zu lang andauernde Abstinenz vom Motorsport. In jungen Jahren ist er mit seiner Suzuki \u00fcber die nahe gelegenen Motocross-Pisten geb\u00fcgelt. Doch Familie, Kinder und das Nest haben viel Zeit seines Lebens gebunden. Dann kam die eigene Firma und viele weitere Ausreden. Doch mit dem ersten Rennen, bei dem er mich begleitet hat, kam der Virus langsam zur\u00fcck.<\/p>\n<p>Wir haben lieber Spa\u00df mit einem Produkt, als dass wir es f\u00fcr den n\u00e4chsten Besitzer \u00fcber l\u00e4ngere Zeit lagern. Leider gibt es viel zu wenig Enduro-Gespannrennen, daher m\u00fcssen wir immer wieder auf Motocross-Rennen ausweichen.[\/vc_column_text][\/vc_column][\/vc_row][vc_row][vc_column width=&#8220;1\/1&#8243;][vc_single_image media=&#8220;85530&#8243; media_lightbox=&#8220;yes&#8220; media_width_percent=&#8220;100&#8243; shadow=&#8220;yes&#8220; css_animation=&#8220;alpha-anim&#8220; uncode_shortcode_id=&#8220;190536&#8243; media_link=&#8220;target:_blank&#8220;][vc_column_text uncode_shortcode_id=&#8220;133427&#8243;]Beim MSC Euskirchen Euenheim, am \u201ebilligen Wald\u201c hatte ich mit Elmar das erste Mal das Vergn\u00fcgen unser gemeinsames k\u00f6nnen auf die Probe zu stellen.<\/p>\n<p>Die Strecke wirkte zwar nicht anspruchsvoll, jedoch sind die engen Kurven mit so wuchtigen zweispurigen Fahrzeugen eine echte Herausforderung. Die beim Motocrossrennen recht kurze Fahrzeit kam mir wie eine gef\u00fchlte Ewigkeit vor. Als dann die Anzeige f\u00fcr nur noch wenige Runden an dem Streckenrand erschien, f\u00fchlte ich mich sowas von erleichtert. Ich hatte bis dato noch keine Sportart, die mich so fordert, wie die Offroad-Gespannrennen.[\/vc_column_text][\/vc_column][\/vc_row][vc_row][vc_column column_width_percent=&#8220;100&#8243; position_vertical=&#8220;middle&#8220; gutter_size=&#8220;3&#8243; overlay_alpha=&#8220;50&#8243; shift_x=&#8220;0&#8243; shift_y=&#8220;0&#8243; shift_y_down=&#8220;0&#8243; z_index=&#8220;0&#8243; medium_width=&#8220;0&#8243; mobile_width=&#8220;0&#8243; width=&#8220;1\/2&#8243;][vc_column_text uncode_shortcode_id=&#8220;120753&#8243;]Elmar mit seinen fast 66 Jahren muss sich als Fahrer auch v\u00f6llig verausgaben. Mir fallen nur wenige Personen ein, die dieser Herausforderung standhalten. Wir sind keine Profis und werden auch keine mehr, aber wir haben Spa\u00df dabei.<\/p>\n<p>Ganz besonders m\u00f6chte ich dem Verein danken, dass er uns die M\u00f6glichkeit gegeben hat, mit unserem Gespann an dieser Herausforderung teilzunehmen.<\/p>\n<p>Vielen Dank an Anna f\u00fcr das Interview im Video.<\/p>\n<p>&nbsp;<\/p>\n<p>Hoffentlich sehen wir uns bald wieder im Einsatz auf der Rennstrecke.[\/vc_column_text][\/vc_column][vc_column width=&#8220;1\/2&#8243;][vc_single_image media=&#8220;85534&#8243; media_lightbox=&#8220;yes&#8220; media_width_percent=&#8220;100&#8243; shadow=&#8220;yes&#8220; css_animation=&#8220;alpha-anim&#8220; uncode_shortcode_id=&#8220;567971&#8243; media_link=&#8220;target:_blank&#8220;][\/vc_column][\/vc_row][vc_row][vc_column width=&#8220;1\/1&#8243;][vc_button border_width=&#8220;0&#8243; link=&#8220;url:https%3A%2F%2Fwww.facebook.com%2Fp%2FMSC-Euskirchen-Euenheim-1954-ev-100070141639156%2F|target:_blank&#8220; uncode_shortcode_id=&#8220;153976&#8243;]MSC Euskirchen Euenheim[\/vc_button][\/vc_column][\/vc_row][vc_row unlock_row_content=&#8220;yes&#8220; row_height_percent=&#8220;0&#8243; override_padding=&#8220;yes&#8220; h_padding=&#8220;0&#8243; top_padding=&#8220;0&#8243; bottom_padding=&#8220;0&#8243; back_color=&#8220;color-wayh&#8220; overlay_alpha=&#8220;50&#8243; equal_height=&#8220;yes&#8220; gutter_size=&#8220;0&#8243; column_width_percent=&#8220;100&#8243; shift_y=&#8220;0&#8243; z_index=&#8220;0&#8243;][vc_column column_width_use_pixel=&#8220;yes&#8220; gutter_size=&#8220;3&#8243; override_padding=&#8220;yes&#8220; column_padding=&#8220;5&#8243; style=&#8220;dark&#8220; overlay_alpha=&#8220;50&#8243; shift_x=&#8220;0&#8243; shift_y=&#8220;0&#8243; shift_y_down=&#8220;0&#8243; z_index=&#8220;0&#8243; medium_width=&#8220;0&#8243; mobile_width=&#8220;0&#8243; width=&#8220;1\/2&#8243; column_width_pixel=&#8220;528&#8243;][vc_custom_heading text_color=&#8220;accent&#8220; heading_semantic=&#8220;h6&#8243; text_size=&#8220;fontsize-160000&#8243; text_transform=&#8220;uppercase&#8220; text_space=&#8220;fontspace-135905&#8243; uncode_shortcode_id=&#8220;102890&#8243; text_color_type=&#8220;uncode-palette&#8220;]MSC EUSKIRCHEN EULENBERG[\/vc_custom_heading][vc_column_text uncode_shortcode_id=&#8220;184883&#8243;]<\/p>\n<h1><span class=\"font-156269\">DAS WASP GESPANN<\/span><\/h1>\n<p>[\/vc_column_text][vc_empty_space empty_h=&#8220;1&#8243;][\/vc_column][vc_column column_width_percent=&#8220;100&#8243; gutter_size=&#8220;3&#8243; overlay_alpha=&#8220;50&#8243; shift_x=&#8220;0&#8243; shift_y=&#8220;0&#8243; shift_y_down=&#8220;0&#8243; z_index=&#8220;0&#8243; medium_width=&#8220;0&#8243; mobile_width=&#8220;0&#8243; width=&#8220;1\/2&#8243; mobile_height=&#8220;340&#8243;][vc_single_image media=&#8220;85543&#8243; media_width_percent=&#8220;100&#8243; uncode_shortcode_id=&#8220;198407&#8243; media_link=&#8220;url:https%3A%2F%2Fwww.youtube.com%2Fwatch%3Fv%3DlmvIZ8JKSvo|target:_blank&#8220;][\/vc_column][\/vc_row]<\/p>\n<\/div>","protected":false},"excerpt":{"rendered":"<p>[vc_row][vc_column column_width_percent=&#8220;100&#8243; position_vertical=&#8220;middle&#8220; gutter_size=&#8220;3&#8243; overlay_alpha=&#8220;50&#8243; shift_x=&#8220;0&#8243; shift_y=&#8220;0&#8243; shift_y_down=&#8220;0&#8243; z_index=&#8220;0&#8243; medium_width=&#8220;0&#8243; mobile_width=&#8220;0&#8243; width=&#8220;1\/2&#8243;][vc_column_text uncode_shortcode_id=&#8220;213753&#8243;]Es gibt mit Sicherheit mehr Gr\u00fcnde, die daf\u00fcr [&hellip;]<\/p>\n","protected":false},"author":26194,"featured_media":85536,"comment_status":"open","ping_status":"closed","sticky":false,"template":"","format":"standard","meta":{"footnotes":""},"categories":[1,1305],"tags":[],"class_list":["post-85528","post","type-post","status-publish","format-standard","has-post-thumbnail","hentry","category-allgemein","category-highlights"],"yoast_head":"<!-- This site is optimized with the Yoast SEO plugin v27.5 - https:\/\/yoast.com\/product\/yoast-seo-wordpress\/ -->\n<title>Motocross in Euskirchen mit WASP Gespann!<\/title>\n<meta name=\"description\" content=\"BMW 2-Ventiler Technik von SWT Sports im WASP Motocross-Gespann. Wir fahren im Beiwagen Enduro und Motocross Rennen in Deutschland.\" \/>\n<meta name=\"robots\" content=\"index, follow, max-snippet:-1, max-image-preview:large, max-video-preview:-1\" \/>\n<link rel=\"canonical\" href=\"https:\/\/blog.swt-sports.de\/index.php\/motocross-in-euskirchen-mit-wasp-gespann\/\" \/>\n<meta property=\"og:locale\" content=\"de_DE\" \/>\n<meta property=\"og:type\" content=\"article\" \/>\n<meta property=\"og:title\" content=\"Motocross in Euskirchen mit WASP Gespann!\" \/>\n<meta property=\"og:description\" content=\"BMW 2-Ventiler Technik von SWT Sports im WASP Motocross-Gespann. Wir fahren im Beiwagen Enduro und Motocross Rennen in Deutschland.\" \/>\n<meta property=\"og:url\" content=\"https:\/\/blog.swt-sports.de\/index.php\/motocross-in-euskirchen-mit-wasp-gespann\/\" \/>\n<meta property=\"og:site_name\" content=\"SWT-SPORTS Blog\" \/>\n<meta property=\"article:publisher\" content=\"https:\/\/www.facebook.com\/\" \/>\n<meta property=\"article:published_time\" content=\"2023-06-22T10:28:07+00:00\" \/>\n<meta property=\"article:modified_time\" content=\"2023-06-22T19:38:58+00:00\" \/>\n<meta property=\"og:image\" content=\"https:\/\/blog.swt-sports.de\/wp-content\/uploads\/2023\/06\/swt-sports_wasp-gespann_euskirchen_motocross_26.jpg\" \/>\n\t<meta property=\"og:image:width\" content=\"1200\" \/>\n\t<meta property=\"og:image:height\" content=\"798\" \/>\n\t<meta property=\"og:image:type\" content=\"image\/jpeg\" \/>\n<meta name=\"author\" content=\"Lutz Lindemann\" \/>\n<meta name=\"twitter:card\" content=\"summary_large_image\" \/>\n<meta name=\"twitter:creator\" content=\"@swtsports\" \/>\n<meta name=\"twitter:site\" content=\"@swtsports\" \/>\n<meta name=\"twitter:label1\" content=\"Verfasst von\" \/>\n\t<meta name=\"twitter:data1\" content=\"Lutz Lindemann\" \/>\n\t<meta name=\"twitter:label2\" content=\"Gesch\u00e4tzte Lesezeit\" \/>\n\t<meta name=\"twitter:data2\" content=\"4\u00a0Minuten\" \/>\n<script type=\"application\/ld+json\" class=\"yoast-schema-graph\">{\"@context\":\"https:\\\/\\\/schema.org\",\"@graph\":[{\"@type\":\"Article\",\"@id\":\"https:\\\/\\\/blog.swt-sports.de\\\/index.php\\\/motocross-in-euskirchen-mit-wasp-gespann\\\/#article\",\"isPartOf\":{\"@id\":\"https:\\\/\\\/blog.swt-sports.de\\\/index.php\\\/motocross-in-euskirchen-mit-wasp-gespann\\\/\"},\"author\":{\"name\":\"Lutz Lindemann\",\"@id\":\"https:\\\/\\\/blog.swt-sports.de\\\/#\\\/schema\\\/person\\\/b1fb20850ef709b5efbd2510a27b50ec\"},\"headline\":\"Motocross in Euskirchen mit WASP Gespann!\",\"datePublished\":\"2023-06-22T10:28:07+00:00\",\"dateModified\":\"2023-06-22T19:38:58+00:00\",\"mainEntityOfPage\":{\"@id\":\"https:\\\/\\\/blog.swt-sports.de\\\/index.php\\\/motocross-in-euskirchen-mit-wasp-gespann\\\/\"},\"wordCount\":1058,\"commentCount\":0,\"publisher\":{\"@id\":\"https:\\\/\\\/blog.swt-sports.de\\\/#organization\"},\"image\":{\"@id\":\"https:\\\/\\\/blog.swt-sports.de\\\/index.php\\\/motocross-in-euskirchen-mit-wasp-gespann\\\/#primaryimage\"},\"thumbnailUrl\":\"https:\\\/\\\/blog.swt-sports.de\\\/wp-content\\\/uploads\\\/2023\\\/06\\\/swt-sports_wasp-gespann_euskirchen_motocross_26.jpg\",\"articleSection\":{\"1\":\"Highlights\"},\"inLanguage\":\"de\",\"potentialAction\":[{\"@type\":\"CommentAction\",\"name\":\"Comment\",\"target\":[\"https:\\\/\\\/blog.swt-sports.de\\\/index.php\\\/motocross-in-euskirchen-mit-wasp-gespann\\\/#respond\"]}]},{\"@type\":\"WebPage\",\"@id\":\"https:\\\/\\\/blog.swt-sports.de\\\/index.php\\\/motocross-in-euskirchen-mit-wasp-gespann\\\/\",\"url\":\"https:\\\/\\\/blog.swt-sports.de\\\/index.php\\\/motocross-in-euskirchen-mit-wasp-gespann\\\/\",\"name\":\"Motocross in Euskirchen mit WASP Gespann!\",\"isPartOf\":{\"@id\":\"https:\\\/\\\/blog.swt-sports.de\\\/#website\"},\"primaryImageOfPage\":{\"@id\":\"https:\\\/\\\/blog.swt-sports.de\\\/index.php\\\/motocross-in-euskirchen-mit-wasp-gespann\\\/#primaryimage\"},\"image\":{\"@id\":\"https:\\\/\\\/blog.swt-sports.de\\\/index.php\\\/motocross-in-euskirchen-mit-wasp-gespann\\\/#primaryimage\"},\"thumbnailUrl\":\"https:\\\/\\\/blog.swt-sports.de\\\/wp-content\\\/uploads\\\/2023\\\/06\\\/swt-sports_wasp-gespann_euskirchen_motocross_26.jpg\",\"datePublished\":\"2023-06-22T10:28:07+00:00\",\"dateModified\":\"2023-06-22T19:38:58+00:00\",\"description\":\"BMW 2-Ventiler Technik von SWT Sports im WASP Motocross-Gespann. Wir fahren im Beiwagen Enduro und Motocross Rennen in Deutschland.\",\"breadcrumb\":{\"@id\":\"https:\\\/\\\/blog.swt-sports.de\\\/index.php\\\/motocross-in-euskirchen-mit-wasp-gespann\\\/#breadcrumb\"},\"inLanguage\":\"de\",\"potentialAction\":[{\"@type\":\"ReadAction\",\"target\":[\"https:\\\/\\\/blog.swt-sports.de\\\/index.php\\\/motocross-in-euskirchen-mit-wasp-gespann\\\/\"]}]},{\"@type\":\"ImageObject\",\"inLanguage\":\"de\",\"@id\":\"https:\\\/\\\/blog.swt-sports.de\\\/index.php\\\/motocross-in-euskirchen-mit-wasp-gespann\\\/#primaryimage\",\"url\":\"https:\\\/\\\/blog.swt-sports.de\\\/wp-content\\\/uploads\\\/2023\\\/06\\\/swt-sports_wasp-gespann_euskirchen_motocross_26.jpg\",\"contentUrl\":\"https:\\\/\\\/blog.swt-sports.de\\\/wp-content\\\/uploads\\\/2023\\\/06\\\/swt-sports_wasp-gespann_euskirchen_motocross_26.jpg\",\"width\":1200,\"height\":798},{\"@type\":\"BreadcrumbList\",\"@id\":\"https:\\\/\\\/blog.swt-sports.de\\\/index.php\\\/motocross-in-euskirchen-mit-wasp-gespann\\\/#breadcrumb\",\"itemListElement\":[{\"@type\":\"ListItem\",\"position\":1,\"name\":\"Startseite\",\"item\":\"https:\\\/\\\/blog.swt-sports.de\\\/\"},{\"@type\":\"ListItem\",\"position\":2,\"name\":\"Motocross in Euskirchen mit WASP Gespann!\"}]},{\"@type\":\"WebSite\",\"@id\":\"https:\\\/\\\/blog.swt-sports.de\\\/#website\",\"url\":\"https:\\\/\\\/blog.swt-sports.de\\\/\",\"name\":\"SWT-SPORTS Blog\",\"description\":\"BMW Motorrad | 2-Ventiler | R80 \\\/ R100GS G\\\/S | Paris Dakar | BMW-Boxer\",\"publisher\":{\"@id\":\"https:\\\/\\\/blog.swt-sports.de\\\/#organization\"},\"potentialAction\":[{\"@type\":\"SearchAction\",\"target\":{\"@type\":\"EntryPoint\",\"urlTemplate\":\"https:\\\/\\\/blog.swt-sports.de\\\/?s={search_term_string}\"},\"query-input\":{\"@type\":\"PropertyValueSpecification\",\"valueRequired\":true,\"valueName\":\"search_term_string\"}}],\"inLanguage\":\"de\"},{\"@type\":\"Organization\",\"@id\":\"https:\\\/\\\/blog.swt-sports.de\\\/#organization\",\"name\":\"SWT Sports\",\"url\":\"https:\\\/\\\/blog.swt-sports.de\\\/\",\"logo\":{\"@type\":\"ImageObject\",\"inLanguage\":\"de\",\"@id\":\"https:\\\/\\\/blog.swt-sports.de\\\/#\\\/schema\\\/logo\\\/image\\\/\",\"url\":\"https:\\\/\\\/blog.swt-sports.de\\\/wp-content\\\/uploads\\\/2020\\\/08\\\/swt_sports_logo.svg\",\"contentUrl\":\"https:\\\/\\\/blog.swt-sports.de\\\/wp-content\\\/uploads\\\/2020\\\/08\\\/swt_sports_logo.svg\",\"width\":306,\"height\":247,\"caption\":\"SWT Sports\"},\"image\":{\"@id\":\"https:\\\/\\\/blog.swt-sports.de\\\/#\\\/schema\\\/logo\\\/image\\\/\"},\"sameAs\":[\"https:\\\/\\\/www.facebook.com\\\/\",\"https:\\\/\\\/x.com\\\/swtsports\",\"https:\\\/\\\/www.instagram.com\\\/swt_sports\\\/\",\"https:\\\/\\\/www.youtube.com\\\/user\\\/SWTsports\"]},{\"@type\":\"Person\",\"@id\":\"https:\\\/\\\/blog.swt-sports.de\\\/#\\\/schema\\\/person\\\/b1fb20850ef709b5efbd2510a27b50ec\",\"name\":\"Lutz Lindemann\",\"image\":{\"@type\":\"ImageObject\",\"inLanguage\":\"de\",\"@id\":\"https:\\\/\\\/secure.gravatar.com\\\/avatar\\\/734a9bedc494f6dc8377999f4d8a7d95539d24428aae22d6a7a829f916324968?s=96&r=g\",\"url\":\"https:\\\/\\\/secure.gravatar.com\\\/avatar\\\/734a9bedc494f6dc8377999f4d8a7d95539d24428aae22d6a7a829f916324968?s=96&r=g\",\"contentUrl\":\"https:\\\/\\\/secure.gravatar.com\\\/avatar\\\/734a9bedc494f6dc8377999f4d8a7d95539d24428aae22d6a7a829f916324968?s=96&r=g\",\"caption\":\"Lutz Lindemann\"},\"sameAs\":[\"http:\\\/\\\/lutzlindemann.com\"]}]}<\/script>\n<!-- \/ Yoast SEO plugin. -->","yoast_head_json":{"title":"Motocross in Euskirchen mit WASP Gespann!","description":"BMW 2-Ventiler Technik von SWT Sports im WASP Motocross-Gespann. Wir fahren im Beiwagen Enduro und Motocross Rennen in Deutschland.","robots":{"index":"index","follow":"follow","max-snippet":"max-snippet:-1","max-image-preview":"max-image-preview:large","max-video-preview":"max-video-preview:-1"},"canonical":"https:\/\/blog.swt-sports.de\/index.php\/motocross-in-euskirchen-mit-wasp-gespann\/","og_locale":"de_DE","og_type":"article","og_title":"Motocross in Euskirchen mit WASP Gespann!","og_description":"BMW 2-Ventiler Technik von SWT Sports im WASP Motocross-Gespann. Wir fahren im Beiwagen Enduro und Motocross Rennen in Deutschland.","og_url":"https:\/\/blog.swt-sports.de\/index.php\/motocross-in-euskirchen-mit-wasp-gespann\/","og_site_name":"SWT-SPORTS Blog","article_publisher":"https:\/\/www.facebook.com\/","article_published_time":"2023-06-22T10:28:07+00:00","article_modified_time":"2023-06-22T19:38:58+00:00","og_image":[{"width":1200,"height":798,"url":"https:\/\/blog.swt-sports.de\/wp-content\/uploads\/2023\/06\/swt-sports_wasp-gespann_euskirchen_motocross_26.jpg","type":"image\/jpeg"}],"author":"Lutz Lindemann","twitter_card":"summary_large_image","twitter_creator":"@swtsports","twitter_site":"@swtsports","twitter_misc":{"Verfasst von":"Lutz Lindemann","Gesch\u00e4tzte Lesezeit":"4\u00a0Minuten"},"schema":{"@context":"https:\/\/schema.org","@graph":[{"@type":"Article","@id":"https:\/\/blog.swt-sports.de\/index.php\/motocross-in-euskirchen-mit-wasp-gespann\/#article","isPartOf":{"@id":"https:\/\/blog.swt-sports.de\/index.php\/motocross-in-euskirchen-mit-wasp-gespann\/"},"author":{"name":"Lutz Lindemann","@id":"https:\/\/blog.swt-sports.de\/#\/schema\/person\/b1fb20850ef709b5efbd2510a27b50ec"},"headline":"Motocross in Euskirchen mit WASP Gespann!","datePublished":"2023-06-22T10:28:07+00:00","dateModified":"2023-06-22T19:38:58+00:00","mainEntityOfPage":{"@id":"https:\/\/blog.swt-sports.de\/index.php\/motocross-in-euskirchen-mit-wasp-gespann\/"},"wordCount":1058,"commentCount":0,"publisher":{"@id":"https:\/\/blog.swt-sports.de\/#organization"},"image":{"@id":"https:\/\/blog.swt-sports.de\/index.php\/motocross-in-euskirchen-mit-wasp-gespann\/#primaryimage"},"thumbnailUrl":"https:\/\/blog.swt-sports.de\/wp-content\/uploads\/2023\/06\/swt-sports_wasp-gespann_euskirchen_motocross_26.jpg","articleSection":{"1":"Highlights"},"inLanguage":"de","potentialAction":[{"@type":"CommentAction","name":"Comment","target":["https:\/\/blog.swt-sports.de\/index.php\/motocross-in-euskirchen-mit-wasp-gespann\/#respond"]}]},{"@type":"WebPage","@id":"https:\/\/blog.swt-sports.de\/index.php\/motocross-in-euskirchen-mit-wasp-gespann\/","url":"https:\/\/blog.swt-sports.de\/index.php\/motocross-in-euskirchen-mit-wasp-gespann\/","name":"Motocross in Euskirchen mit WASP Gespann!","isPartOf":{"@id":"https:\/\/blog.swt-sports.de\/#website"},"primaryImageOfPage":{"@id":"https:\/\/blog.swt-sports.de\/index.php\/motocross-in-euskirchen-mit-wasp-gespann\/#primaryimage"},"image":{"@id":"https:\/\/blog.swt-sports.de\/index.php\/motocross-in-euskirchen-mit-wasp-gespann\/#primaryimage"},"thumbnailUrl":"https:\/\/blog.swt-sports.de\/wp-content\/uploads\/2023\/06\/swt-sports_wasp-gespann_euskirchen_motocross_26.jpg","datePublished":"2023-06-22T10:28:07+00:00","dateModified":"2023-06-22T19:38:58+00:00","description":"BMW 2-Ventiler Technik von SWT Sports im WASP Motocross-Gespann. Wir fahren im Beiwagen Enduro und Motocross Rennen in Deutschland.","breadcrumb":{"@id":"https:\/\/blog.swt-sports.de\/index.php\/motocross-in-euskirchen-mit-wasp-gespann\/#breadcrumb"},"inLanguage":"de","potentialAction":[{"@type":"ReadAction","target":["https:\/\/blog.swt-sports.de\/index.php\/motocross-in-euskirchen-mit-wasp-gespann\/"]}]},{"@type":"ImageObject","inLanguage":"de","@id":"https:\/\/blog.swt-sports.de\/index.php\/motocross-in-euskirchen-mit-wasp-gespann\/#primaryimage","url":"https:\/\/blog.swt-sports.de\/wp-content\/uploads\/2023\/06\/swt-sports_wasp-gespann_euskirchen_motocross_26.jpg","contentUrl":"https:\/\/blog.swt-sports.de\/wp-content\/uploads\/2023\/06\/swt-sports_wasp-gespann_euskirchen_motocross_26.jpg","width":1200,"height":798},{"@type":"BreadcrumbList","@id":"https:\/\/blog.swt-sports.de\/index.php\/motocross-in-euskirchen-mit-wasp-gespann\/#breadcrumb","itemListElement":[{"@type":"ListItem","position":1,"name":"Startseite","item":"https:\/\/blog.swt-sports.de\/"},{"@type":"ListItem","position":2,"name":"Motocross in Euskirchen mit WASP Gespann!"}]},{"@type":"WebSite","@id":"https:\/\/blog.swt-sports.de\/#website","url":"https:\/\/blog.swt-sports.de\/","name":"SWT-SPORTS Blog","description":"BMW Motorrad | 2-Ventiler | R80 \/ R100GS G\/S | Paris Dakar | BMW-Boxer","publisher":{"@id":"https:\/\/blog.swt-sports.de\/#organization"},"potentialAction":[{"@type":"SearchAction","target":{"@type":"EntryPoint","urlTemplate":"https:\/\/blog.swt-sports.de\/?s={search_term_string}"},"query-input":{"@type":"PropertyValueSpecification","valueRequired":true,"valueName":"search_term_string"}}],"inLanguage":"de"},{"@type":"Organization","@id":"https:\/\/blog.swt-sports.de\/#organization","name":"SWT Sports","url":"https:\/\/blog.swt-sports.de\/","logo":{"@type":"ImageObject","inLanguage":"de","@id":"https:\/\/blog.swt-sports.de\/#\/schema\/logo\/image\/","url":"https:\/\/blog.swt-sports.de\/wp-content\/uploads\/2020\/08\/swt_sports_logo.svg","contentUrl":"https:\/\/blog.swt-sports.de\/wp-content\/uploads\/2020\/08\/swt_sports_logo.svg","width":306,"height":247,"caption":"SWT Sports"},"image":{"@id":"https:\/\/blog.swt-sports.de\/#\/schema\/logo\/image\/"},"sameAs":["https:\/\/www.facebook.com\/","https:\/\/x.com\/swtsports","https:\/\/www.instagram.com\/swt_sports\/","https:\/\/www.youtube.com\/user\/SWTsports"]},{"@type":"Person","@id":"https:\/\/blog.swt-sports.de\/#\/schema\/person\/b1fb20850ef709b5efbd2510a27b50ec","name":"Lutz Lindemann","image":{"@type":"ImageObject","inLanguage":"de","@id":"https:\/\/secure.gravatar.com\/avatar\/734a9bedc494f6dc8377999f4d8a7d95539d24428aae22d6a7a829f916324968?s=96&r=g","url":"https:\/\/secure.gravatar.com\/avatar\/734a9bedc494f6dc8377999f4d8a7d95539d24428aae22d6a7a829f916324968?s=96&r=g","contentUrl":"https:\/\/secure.gravatar.com\/avatar\/734a9bedc494f6dc8377999f4d8a7d95539d24428aae22d6a7a829f916324968?s=96&r=g","caption":"Lutz Lindemann"},"sameAs":["http:\/\/lutzlindemann.com"]}]}},"_links":{"self":[{"href":"https:\/\/blog.swt-sports.de\/index.php\/wp-json\/wp\/v2\/posts\/85528","targetHints":{"allow":["GET"]}}],"collection":[{"href":"https:\/\/blog.swt-sports.de\/index.php\/wp-json\/wp\/v2\/posts"}],"about":[{"href":"https:\/\/blog.swt-sports.de\/index.php\/wp-json\/wp\/v2\/types\/post"}],"author":[{"embeddable":true,"href":"https:\/\/blog.swt-sports.de\/index.php\/wp-json\/wp\/v2\/users\/26194"}],"replies":[{"embeddable":true,"href":"https:\/\/blog.swt-sports.de\/index.php\/wp-json\/wp\/v2\/comments?post=85528"}],"version-history":[{"count":9,"href":"https:\/\/blog.swt-sports.de\/index.php\/wp-json\/wp\/v2\/posts\/85528\/revisions"}],"predecessor-version":[{"id":85549,"href":"https:\/\/blog.swt-sports.de\/index.php\/wp-json\/wp\/v2\/posts\/85528\/revisions\/85549"}],"wp:featuredmedia":[{"embeddable":true,"href":"https:\/\/blog.swt-sports.de\/index.php\/wp-json\/wp\/v2\/media\/85536"}],"wp:attachment":[{"href":"https:\/\/blog.swt-sports.de\/index.php\/wp-json\/wp\/v2\/media?parent=85528"}],"wp:term":[{"taxonomy":"category","embeddable":true,"href":"https:\/\/blog.swt-sports.de\/index.php\/wp-json\/wp\/v2\/categories?post=85528"},{"taxonomy":"post_tag","embeddable":true,"href":"https:\/\/blog.swt-sports.de\/index.php\/wp-json\/wp\/v2\/tags?post=85528"}],"curies":[{"name":"wp","href":"https:\/\/api.w.org\/{rel}","templated":true}]}}