{"id":85476,"date":"2023-06-16T14:21:50","date_gmt":"2023-06-16T13:21:50","guid":{"rendered":"https:\/\/blog.swt-sports.de\/?p=85476"},"modified":"2023-06-18T07:43:44","modified_gmt":"2023-06-18T06:43:44","slug":"erzberg-rodeo-2023_manuel_lettenbichler_graham-jarvis_pol-tarres","status":"publish","type":"post","link":"https:\/\/blog.swt-sports.de\/index.php\/erzberg-rodeo-2023_manuel_lettenbichler_graham-jarvis_pol-tarres\/","title":{"rendered":"Erzbergrodeo 2023 &#8211; Lettenbichler, Tarres, Jarvis und co."},"content":{"rendered":"<div class=\"wpb-content-wrapper\"><p>[vc_row][vc_column column_width_percent=&#8220;100&#8243; position_vertical=&#8220;middle&#8220; gutter_size=&#8220;3&#8243; overlay_alpha=&#8220;50&#8243; shift_x=&#8220;0&#8243; shift_y=&#8220;0&#8243; shift_y_down=&#8220;0&#8243; z_index=&#8220;0&#8243; medium_width=&#8220;0&#8243; mobile_width=&#8220;0&#8243; width=&#8220;1\/2&#8243;][vc_column_text uncode_shortcode_id=&#8220;103645&#8243;]<\/p>\n<p class=\"p1\"><span class=\"s1\">Das Abenteuer Erzbergrodeo beginnt bei uns, wie bei vielen Teilnehmern, schon Wochen vorher. Wer geht mit zum Berg, was brauchen wir dabei und was ist unser Auftrag?<\/span><\/p>\n<p class=\"p1\"><span class=\"s1\">So war dies auch in 2023 der Fall. Am Mittwochmorgen gab es dann kein Zur\u00fcck mehr, der Camper mit dem vollgeladenen Trailer r\u00fcckte ab in s\u00fcdlicher Richtung. Das Team umfasste mit Fahrer 7 Personen. Die Anreise war wie immer richtig schlecht, denn drei Mal durften wir uns eine Pause im Stau auf der Autobahn g\u00f6nnen. Aufgrund dessen war der ganze Zeitplan dahin. Jetzt noch ganz schnell zur Papierabnahme, doch diese wurde gerade abgebaut und ich wurde auf den n\u00e4chsten morgen vertr\u00f6stet.\u00a0<\/span><\/p>\n<p>[\/vc_column_text][\/vc_column][vc_column width=&#8220;1\/2&#8243;][vc_single_image media=&#8220;85483&#8243; media_lightbox=&#8220;yes&#8220; media_width_percent=&#8220;100&#8243; shadow=&#8220;yes&#8220; css_animation=&#8220;alpha-anim&#8220; uncode_shortcode_id=&#8220;151113&#8243; media_link=&#8220;url:https%3A%2F%2Fwww.youtube.com%2Fwatch%3Fv%3DXRTLj2BTNA4%26t%3D3s|target:_blank&#8220;][\/vc_column][\/vc_row][vc_row][vc_column width=&#8220;1\/2&#8243;][vc_single_image media=&#8220;85501&#8243; media_width_percent=&#8220;100&#8243; shadow=&#8220;yes&#8220; css_animation=&#8220;alpha-anim&#8220; uncode_shortcode_id=&#8220;437162&#8243; media_link=&#8220;url:https%3A%2F%2Fwww.youtube.com%2Fwatch%3Fv%3DXRTLj2BTNA4%26t%3D3s|target:_blank&#8220;][\/vc_column][vc_column column_width_percent=&#8220;100&#8243; position_vertical=&#8220;middle&#8220; gutter_size=&#8220;3&#8243; overlay_alpha=&#8220;50&#8243; shift_x=&#8220;0&#8243; shift_y=&#8220;0&#8243; shift_y_down=&#8220;0&#8243; z_index=&#8220;0&#8243; medium_width=&#8220;0&#8243; mobile_width=&#8220;0&#8243; width=&#8220;1\/2&#8243;][vc_column_text uncode_shortcode_id=&#8220;534935&#8243;]<\/p>\n<p class=\"p1\"><span class=\"s1\">OK, dann bauen wir jetzt unser Paddock auf und machen uns erstmal was zu essen!<\/span><\/p>\n<p class=\"p1\"><span class=\"s1\">Die Nacht war deutlich k\u00fcrzer als gew\u00fcnscht, die Kollegen oberhalb und unterhalb unseres Quartiers haben wohl zuhause vers\u00e4umt ihre Motoren bei H\u00f6chstdrehzahl abzustimmen. Daf\u00fcr wurde eine Holzbank oder ein Brett auf dem Boden platziert und der Reifen durfte zeigen was er h\u00e4lt, das sieht hier am Erzberg nach einer g\u00e4ngigen Methode aus. Das Res\u00fcmee der Nacht: einfach viel zu laut und viel zu kurz.<\/span><\/p>\n<p class=\"p1\"><span class=\"s1\">Um kurz nach 7.00 Uhr am Donnerstagmorgen stand ich vor der Papierabnahme, diese sollte jedoch erst um 8.00 Uhr \u00f6ffnen und ich war nicht der Erste. Bei der Registrierung konnte ich die Teilnehmer aus Thailand \u00fcberholen und war bei der Fahreranmeldung der ERSTE!!!!!\u00a0 (das kann man doch feiern!!)<\/span><\/p>\n<p class=\"p1\"><span class=\"s1\">Jetzt stieg die Anspannung, denn um 12.00 Uhr war bereits der erste Lauf beim Rocketride auf meinem Programm. Der Boxer, der schon in die Jahre gekommen ist hatte auch ein kleines Problem, gerade jetzt ist das stromf\u00fchrende Kabel der Z\u00fcndung unter der Sitzbank gebrochen. Jetzt war eine Notoperation als Programmpunkt Nr. 1 auf unserem Tagesplan dazu gekommen. Dank meines Teams mit vielen guten Ideen konnte Elmo das ganze schnell fixen.<\/span><\/p>\n<p>[\/vc_column_text][\/vc_column][\/vc_row][vc_row row_height_percent=&#8220;82&#8243; override_padding=&#8220;yes&#8220; h_padding=&#8220;0&#8243; top_padding=&#8220;0&#8243; bottom_padding=&#8220;0&#8243; back_color=&#8220;color-prif&#8220; back_image=&#8220;85496&#8243; overlay_color=&#8220;color-jevc&#8220; overlay_alpha=&#8220;49&#8243; gutter_size=&#8220;3&#8243; column_width_percent=&#8220;100&#8243; shift_y=&#8220;0&#8243; z_index=&#8220;0&#8243; row_height_pixel=&#8220;600px&#8220; uncode_shortcode_id=&#8220;220331&#8243; back_color_type=&#8220;uncode-palette&#8220; overlay_color_type=&#8220;uncode-palette&#8220; css=&#8220;.vc_custom_1686922197498{margin-top: 50px !important;margin-bottom: 50px !important;}&#8220;][vc_column column_width_percent=&#8220;100&#8243; position_vertical=&#8220;middle&#8220; align_horizontal=&#8220;align_center&#8220; gutter_size=&#8220;3&#8243; style=&#8220;dark&#8220; overlay_alpha=&#8220;50&#8243; shift_x=&#8220;0&#8243; shift_y=&#8220;0&#8243; shift_y_down=&#8220;0&#8243; z_index=&#8220;0&#8243; medium_width=&#8220;0&#8243; mobile_width=&#8220;0&#8243; width=&#8220;1\/1&#8243;][vc_column_text text_lead=&#8220;yes&#8220; uncode_shortcode_id=&#8220;120042&#8243;]<\/p>\n<h1><span class=\"font-156269\">&#8222;Das krasseste, was ich dieses Jahr erlebt habe!&#8220;<\/span><\/h1>\n<p>[\/vc_column_text][vc_column_text text_lead=&#8220;yes&#8220; uncode_shortcode_id=&#8220;578992&#8243;]<\/p>\n<h4><span class=\"font-156269\">Manuel Schad, SWT Sports<\/span><\/h4>\n<p>[\/vc_column_text][\/vc_column][\/vc_row][vc_row][vc_column width=&#8220;1\/2&#8243;][vc_single_image media=&#8220;85491&#8243; media_lightbox=&#8220;yes&#8220; media_width_percent=&#8220;100&#8243; shadow=&#8220;yes&#8220; css_animation=&#8220;alpha-anim&#8220; uncode_shortcode_id=&#8220;204615&#8243; media_link=&#8220;target:_blank&#8220;][\/vc_column][vc_column column_width_percent=&#8220;100&#8243; position_vertical=&#8220;middle&#8220; gutter_size=&#8220;3&#8243; overlay_alpha=&#8220;50&#8243; shift_x=&#8220;0&#8243; shift_y=&#8220;0&#8243; shift_y_down=&#8220;0&#8243; z_index=&#8220;0&#8243; medium_width=&#8220;0&#8243; mobile_width=&#8220;0&#8243; width=&#8220;1\/2&#8243;][vc_column_text uncode_shortcode_id=&#8220;918406&#8243;]<\/p>\n<p class=\"p1\"><span class=\"s1\">Der Start aus dem Kessel in den Mitas Rocketride war f\u00fcr mich sehr aufregend, ich hatte schon am Start die Hosen voll und war mega aufgeregt. Leider habe ich sowohl den 12.00 Uhr und auch den 16.00 Uhr Lauf versemmelt. Jedes Mal hat mich das Holz direkt am Start aus der Bahn gebracht. F\u00fcr das n\u00e4chste Jahr w\u00e4re hier ein Versuch mit anderen Vergasern interessant, doch sehenswert war der 2. Lauf allemal. Den Boxer habe ich da fast den Berg hochgewuchtet aber der Wille war da!!! Zwischendurch konnte ich noch mit einem Mountainbike den Prolog besichtigen, bei der Ankunft im Ziel wusste ich was ich gemacht hatte.<\/span><\/p>\n<p class=\"p1\"><span class=\"s1\">Dem tollen Tagesprogramm folgte anschlie\u00dfend dann auch wieder eine spannende Nacht mit vielen Showeinlagen auf der Verbindungsstra\u00dfe.\u00a0<\/span><\/p>\n<p class=\"p1\"><span class=\"s1\">Freitag fr\u00fch haben wir uns ein wenig auf den Prolog eingestellt, die Aufregung steigerte sich nochmals. Am Start kamen wir beim Ersten Lauf auch wunderbar nach vorne. In diesem Jahr hatte man hier auch sehr gut auf die Startnummern der Fahrer geachtet. Jetzt nochmal richtig konzentrieren und los geht der Spa\u00df.\u00a0<\/span><\/p>\n<p>[\/vc_column_text][\/vc_column][\/vc_row][vc_row][vc_column width=&#8220;1\/1&#8243;][vc_single_image media=&#8220;85480&#8243; media_lightbox=&#8220;yes&#8220; media_width_percent=&#8220;100&#8243; shadow=&#8220;yes&#8220; css_animation=&#8220;alpha-anim&#8220; uncode_shortcode_id=&#8220;159130&#8243; media_link=&#8220;target:_blank&#8220;][vc_column_text uncode_shortcode_id=&#8220;150208&#8243;]<\/p>\n<p class=\"p1\"><span class=\"s1\">Die Bedenken den ersten Berg des Prologs zu versemmeln hatten sich zu meinem gro\u00dfen Gl\u00fcck nicht best\u00e4tigt. Ich hatte nicht den Mut den Berg in einem gro\u00dfen Gang einzufahren, da ich ja am Rocket Ride erfahren durfte wie sowas enden kann. Doch hier war ich mit meiner Leistung echt zufrieden. Ab dann kamen viele enge Kehren die wie in einer Bobbahn angelegt waren. Mitten in der Spur lagen leider oft kindskopfgro\u00dfe Steine. Aber hier darf man sich nicht beeindrucken lassen, das Gas muss stehen bleiben und die Konzentration muss sich auf der Spitze befinden. Ich war so froh als ich bei den drei K\u00f6nigen vorbei geblasen bin, erst hier hat der Boxer richtig Spa\u00df gemacht. Danach folgten noch einige sehr enge Kehren mit echt b\u00f6sen Wellen. Im Ziel bin ich als 9. Platz in der Zweizylinderklasse v\u00f6llig durchn\u00e4sst vom Angstschwei\u00df angekommen, welch ein geiler Erfolg!<\/span><\/p>\n<p>[\/vc_column_text][\/vc_column][\/vc_row][vc_row][vc_column column_width_percent=&#8220;100&#8243; position_vertical=&#8220;middle&#8220; gutter_size=&#8220;3&#8243; overlay_alpha=&#8220;50&#8243; shift_x=&#8220;0&#8243; shift_y=&#8220;0&#8243; shift_y_down=&#8220;0&#8243; z_index=&#8220;0&#8243; medium_width=&#8220;0&#8243; mobile_width=&#8220;0&#8243; width=&#8220;1\/2&#8243;][vc_column_text uncode_shortcode_id=&#8220;119633&#8243;]<\/p>\n<p class=\"p1\"><span class=\"s1\">Der Abend klang dann mit dem Sturm auf Eisenerz ab, da ist der K\u00f6lner Fasching ein Kindergeburtstag dagegen. Einfach irre wie die Fahrer sich dort gefeiert haben. Unz\u00e4hlige Burnouts reihten sich aneinander, die Fahrer fuhren teilweise im Kriechgang auf dem Hinterrad beim Umzug mit durch die Kleinstadt. Ich musste die H\u00e4lfte des Weges den Boxer schieben da ich Angst hatte das er \u00fcberkocht. Wir waren gef\u00fchlt drei Stunden unterwegs, einfach abartig geil.<\/span><\/p>\n<p>[\/vc_column_text][\/vc_column][vc_column width=&#8220;1\/2&#8243;][vc_single_image media=&#8220;85498&#8243; media_lightbox=&#8220;yes&#8220; media_width_percent=&#8220;100&#8243; shadow=&#8220;yes&#8220; css_animation=&#8220;alpha-anim&#8220; uncode_shortcode_id=&#8220;143249&#8243; media_link=&#8220;target:_blank&#8220;][vc_single_image media=&#8220;85499&#8243; media_lightbox=&#8220;yes&#8220; media_width_percent=&#8220;100&#8243; shadow=&#8220;yes&#8220; css_animation=&#8220;alpha-anim&#8220; uncode_shortcode_id=&#8220;886159&#8243; media_link=&#8220;target:_blank&#8220;][\/vc_column][\/vc_row][vc_row][vc_column width=&#8220;1\/1&#8243;][vc_single_image media=&#8220;85486&#8243; media_lightbox=&#8220;yes&#8220; media_width_percent=&#8220;100&#8243; shadow=&#8220;yes&#8220; css_animation=&#8220;alpha-anim&#8220; uncode_shortcode_id=&#8220;144837&#8243; media_link=&#8220;target:_blank&#8220;][\/vc_column][\/vc_row][vc_row][vc_column width=&#8220;1\/2&#8243;][vc_single_image media=&#8220;85500&#8243; media_lightbox=&#8220;yes&#8220; media_width_percent=&#8220;100&#8243; shadow=&#8220;yes&#8220; css_animation=&#8220;alpha-anim&#8220; uncode_shortcode_id=&#8220;165047&#8243; media_link=&#8220;target:_blank&#8220;][vc_single_image media=&#8220;85484&#8243; media_lightbox=&#8220;yes&#8220; media_width_percent=&#8220;100&#8243; shadow=&#8220;yes&#8220; css_animation=&#8220;alpha-anim&#8220; uncode_shortcode_id=&#8220;188323&#8243; media_link=&#8220;target:_blank&#8220;][\/vc_column][vc_column column_width_percent=&#8220;100&#8243; position_vertical=&#8220;middle&#8220; gutter_size=&#8220;3&#8243; overlay_alpha=&#8220;50&#8243; shift_x=&#8220;0&#8243; shift_y=&#8220;0&#8243; shift_y_down=&#8220;0&#8243; z_index=&#8220;0&#8243; medium_width=&#8220;0&#8243; mobile_width=&#8220;0&#8243; width=&#8220;1\/2&#8243;][vc_column_text uncode_shortcode_id=&#8220;199567&#8243;]<\/p>\n<p class=\"p1\"><span class=\"s1\">Am Samstag ging es auch wieder fr\u00fch weiter, wir haben das Standgas am Boxer in die H\u00f6he gedreht um das Absterben in der H\u00f6he zu vermeiden. Danach wurden die neuen Reifen von MEFO probiert. Der Tank musste neu bef\u00fcllt werden, keine Ahnung wohin der ganze Sprit vom Vortag ging und zu guter Letzt der Luftfilter mit einem Kompressor vom Feinstaub gereinigt. Dann war es schon wieder Zeit f\u00fcr einen erneuten Start. Auf der v\u00f6llig ausgebombten Strecke war eine Verbesserung der Fahrzeit \u00fcberhaupt nicht m\u00f6glich, aber alleine das berauschende Gef\u00fchl w\u00e4hrend der Fahrt und im Ziel war das ganze wirklich wert. Ich kann es einfach nicht beschreiben was in einem Fahrer da vor geht.<\/span><\/p>\n<p class=\"p1\"><span class=\"s1\">Den Samstagabend haben wir uns dann ganz ruhig im Fahrerlager gestaltet, denn f\u00fcr mich war das Wochenende schon hart genug.\u00a0<\/span><\/p>\n<p class=\"p1\"><span class=\"s1\">Einer Wiederholung in 2024 sollte aber nichts im Weg stehen. \ud83d\ude09<\/span><\/p>\n<p>[\/vc_column_text][\/vc_column][\/vc_row][vc_row][vc_column width=&#8220;1\/1&#8243;][\/vc_column][\/vc_row][vc_row][vc_column width=&#8220;1\/1&#8243;][\/vc_column][\/vc_row][vc_row unlock_row_content=&#8220;yes&#8220; row_height_percent=&#8220;0&#8243; override_padding=&#8220;yes&#8220; h_padding=&#8220;0&#8243; top_padding=&#8220;0&#8243; bottom_padding=&#8220;0&#8243; back_color=&#8220;color-wayh&#8220; overlay_alpha=&#8220;50&#8243; equal_height=&#8220;yes&#8220; gutter_size=&#8220;0&#8243; column_width_percent=&#8220;100&#8243; shift_y=&#8220;0&#8243; z_index=&#8220;0&#8243;][vc_column column_width_use_pixel=&#8220;yes&#8220; gutter_size=&#8220;3&#8243; override_padding=&#8220;yes&#8220; column_padding=&#8220;5&#8243; style=&#8220;dark&#8220; overlay_alpha=&#8220;50&#8243; shift_x=&#8220;0&#8243; shift_y=&#8220;0&#8243; shift_y_down=&#8220;0&#8243; z_index=&#8220;0&#8243; medium_width=&#8220;0&#8243; mobile_width=&#8220;0&#8243; width=&#8220;1\/2&#8243; column_width_pixel=&#8220;528&#8243;][vc_custom_heading text_color=&#8220;accent&#8220; heading_semantic=&#8220;h6&#8243; text_size=&#8220;fontsize-160000&#8243; text_transform=&#8220;uppercase&#8220; text_space=&#8220;fontspace-135905&#8243; uncode_shortcode_id=&#8220;202675&#8243; text_color_type=&#8220;uncode-palette&#8220;]SWT ERZBERG PROLOG 2023[\/vc_custom_heading][vc_column_text uncode_shortcode_id=&#8220;549412&#8243;]<\/p>\n<h1><span class=\"font-156269\">PROLOG<\/span><\/h1>\n<p>[\/vc_column_text][vc_empty_space empty_h=&#8220;1&#8243;][\/vc_column][vc_column column_width_percent=&#8220;100&#8243; gutter_size=&#8220;3&#8243; overlay_alpha=&#8220;50&#8243; shift_x=&#8220;0&#8243; shift_y=&#8220;0&#8243; shift_y_down=&#8220;0&#8243; z_index=&#8220;0&#8243; medium_width=&#8220;0&#8243; mobile_width=&#8220;0&#8243; width=&#8220;1\/2&#8243; mobile_height=&#8220;340&#8243;][vc_single_image media=&#8220;85518&#8243; media_width_percent=&#8220;100&#8243; uncode_shortcode_id=&#8220;894516&#8243; media_link=&#8220;url:https%3A%2F%2Fwww.youtube.com%2Fwatch%3Fv%3DlmvIZ8JKSvo|target:_blank&#8220;][\/vc_column][\/vc_row][vc_row unlock_row_content=&#8220;yes&#8220; row_height_percent=&#8220;0&#8243; override_padding=&#8220;yes&#8220; h_padding=&#8220;0&#8243; top_padding=&#8220;0&#8243; bottom_padding=&#8220;0&#8243; back_color=&#8220;color-wayh&#8220; overlay_alpha=&#8220;50&#8243; equal_height=&#8220;yes&#8220; gutter_size=&#8220;0&#8243; column_width_percent=&#8220;100&#8243; shift_y=&#8220;0&#8243; z_index=&#8220;0&#8243;][vc_column column_width_percent=&#8220;100&#8243; gutter_size=&#8220;3&#8243; overlay_alpha=&#8220;50&#8243; shift_x=&#8220;0&#8243; shift_y=&#8220;0&#8243; shift_y_down=&#8220;0&#8243; z_index=&#8220;0&#8243; medium_width=&#8220;0&#8243; mobile_width=&#8220;0&#8243; width=&#8220;1\/2&#8243; mobile_height=&#8220;340&#8243; uncode_shortcode_id=&#8220;572772&#8243;][vc_single_image media=&#8220;85519&#8243; media_width_percent=&#8220;100&#8243; uncode_shortcode_id=&#8220;188249&#8243;][\/vc_column][vc_column column_width_use_pixel=&#8220;yes&#8220; gutter_size=&#8220;3&#8243; override_padding=&#8220;yes&#8220; column_padding=&#8220;5&#8243; style=&#8220;dark&#8220; overlay_alpha=&#8220;50&#8243; shift_x=&#8220;0&#8243; shift_y=&#8220;0&#8243; shift_y_down=&#8220;0&#8243; z_index=&#8220;0&#8243; medium_width=&#8220;0&#8243; mobile_width=&#8220;0&#8243; width=&#8220;1\/2&#8243; column_width_pixel=&#8220;528&#8243;][vc_custom_heading text_color=&#8220;accent&#8220; heading_semantic=&#8220;h6&#8243; text_size=&#8220;fontsize-160000&#8243; text_transform=&#8220;uppercase&#8220; text_space=&#8220;fontspace-135905&#8243; uncode_shortcode_id=&#8220;923913&#8243; text_color_type=&#8220;uncode-palette&#8220;]SWT ERZBERG MITAS ROCKET RIDE[\/vc_custom_heading][vc_column_text uncode_shortcode_id=&#8220;721146&#8243;]<\/p>\n<h1><span class=\"font-156269\">ROCKET RIDE<\/span><\/h1>\n<p>[\/vc_column_text][vc_empty_space empty_h=&#8220;1&#8243;][\/vc_column][\/vc_row][vc_row unlock_row_content=&#8220;yes&#8220; row_height_percent=&#8220;0&#8243; override_padding=&#8220;yes&#8220; h_padding=&#8220;0&#8243; top_padding=&#8220;0&#8243; bottom_padding=&#8220;0&#8243; back_color=&#8220;color-wayh&#8220; overlay_alpha=&#8220;50&#8243; equal_height=&#8220;yes&#8220; gutter_size=&#8220;0&#8243; column_width_percent=&#8220;100&#8243; shift_y=&#8220;0&#8243; z_index=&#8220;0&#8243;][vc_column column_width_use_pixel=&#8220;yes&#8220; gutter_size=&#8220;3&#8243; override_padding=&#8220;yes&#8220; column_padding=&#8220;5&#8243; style=&#8220;dark&#8220; overlay_alpha=&#8220;50&#8243; shift_x=&#8220;0&#8243; shift_y=&#8220;0&#8243; shift_y_down=&#8220;0&#8243; z_index=&#8220;0&#8243; medium_width=&#8220;0&#8243; mobile_width=&#8220;0&#8243; width=&#8220;1\/2&#8243; column_width_pixel=&#8220;528&#8243;][vc_custom_heading text_color=&#8220;accent&#8220; heading_semantic=&#8220;h6&#8243; text_size=&#8220;fontsize-160000&#8243; text_transform=&#8220;uppercase&#8220; text_space=&#8220;fontspace-135905&#8243; uncode_shortcode_id=&#8220;182881&#8243; text_color_type=&#8220;uncode-palette&#8220;]ERZBERG RODEO 2023[\/vc_custom_heading][vc_column_text uncode_shortcode_id=&#8220;606908&#8243;]<\/p>\n<h1 class=\"style-scope ytd-watch-metadata\">Interview mit Lettenbichler, Jarvis, Tarr\u00e9s, Poskitt und Co.<\/h1>\n<p>[\/vc_column_text][vc_empty_space empty_h=&#8220;1&#8243;][\/vc_column][vc_column column_width_percent=&#8220;100&#8243; gutter_size=&#8220;3&#8243; overlay_alpha=&#8220;50&#8243; shift_x=&#8220;0&#8243; shift_y=&#8220;0&#8243; shift_y_down=&#8220;0&#8243; z_index=&#8220;0&#8243; medium_width=&#8220;0&#8243; mobile_width=&#8220;0&#8243; width=&#8220;1\/2&#8243; mobile_height=&#8220;340&#8243;][vc_single_image media=&#8220;85524&#8243; media_width_percent=&#8220;100&#8243; uncode_shortcode_id=&#8220;258056&#8243; media_link=&#8220;target:_blank&#8220;][\/vc_column][\/vc_row]<\/p>\n<\/div>","protected":false},"excerpt":{"rendered":"<p>[vc_row][vc_column column_width_percent=&#8220;100&#8243; position_vertical=&#8220;middle&#8220; gutter_size=&#8220;3&#8243; overlay_alpha=&#8220;50&#8243; shift_x=&#8220;0&#8243; shift_y=&#8220;0&#8243; shift_y_down=&#8220;0&#8243; z_index=&#8220;0&#8243; medium_width=&#8220;0&#8243; mobile_width=&#8220;0&#8243; width=&#8220;1\/2&#8243;][vc_column_text uncode_shortcode_id=&#8220;103645&#8243;] Das Abenteuer Erzbergrodeo beginnt bei uns, wie [&hellip;]<\/p>\n","protected":false},"author":26194,"featured_media":85486,"comment_status":"open","ping_status":"closed","sticky":false,"template":"","format":"standard","meta":{"footnotes":""},"categories":[1,1305],"tags":[],"class_list":["post-85476","post","type-post","status-publish","format-standard","has-post-thumbnail","hentry","category-allgemein","category-highlights"],"yoast_head":"<!-- This site is optimized with the Yoast SEO plugin v27.5 - https:\/\/yoast.com\/product\/yoast-seo-wordpress\/ -->\n<title>Erzbergrodeo 2023 - Lettenbichler, Tarres, Jarvis und co.<\/title>\n<meta name=\"description\" content=\"Manuel Lettenbichler, Graham Jarvis und Pol Tarres im Interview mit Manuel Schad. Das Red Bull Erzbergrodeo 2023 war f\u00fcr ein Highlight der Saison.\" \/>\n<meta name=\"robots\" content=\"index, follow, max-snippet:-1, max-image-preview:large, max-video-preview:-1\" \/>\n<link rel=\"canonical\" href=\"https:\/\/blog.swt-sports.de\/index.php\/erzberg-rodeo-2023_manuel_lettenbichler_graham-jarvis_pol-tarres\/\" \/>\n<meta property=\"og:locale\" content=\"de_DE\" \/>\n<meta property=\"og:type\" content=\"article\" \/>\n<meta property=\"og:title\" content=\"Erzbergrodeo 2023 - Lettenbichler, Tarres, Jarvis und co.\" \/>\n<meta property=\"og:description\" content=\"Manuel Lettenbichler, Graham Jarvis und Pol Tarres im Interview mit Manuel Schad. Das Red Bull Erzbergrodeo 2023 war f\u00fcr ein Highlight der Saison.\" \/>\n<meta property=\"og:url\" content=\"https:\/\/blog.swt-sports.de\/index.php\/erzberg-rodeo-2023_manuel_lettenbichler_graham-jarvis_pol-tarres\/\" \/>\n<meta property=\"og:site_name\" content=\"SWT-SPORTS Blog\" \/>\n<meta property=\"article:publisher\" content=\"https:\/\/www.facebook.com\/\" \/>\n<meta property=\"article:published_time\" content=\"2023-06-16T13:21:50+00:00\" \/>\n<meta property=\"article:modified_time\" content=\"2023-06-18T06:43:44+00:00\" \/>\n<meta property=\"og:image\" content=\"https:\/\/blog.swt-sports.de\/wp-content\/uploads\/2023\/06\/swt-sports_erzbergrodeo-2023_64.jpg\" \/>\n\t<meta property=\"og:image:width\" content=\"1200\" \/>\n\t<meta property=\"og:image:height\" content=\"796\" \/>\n\t<meta property=\"og:image:type\" content=\"image\/jpeg\" \/>\n<meta name=\"author\" content=\"Lutz Lindemann\" \/>\n<meta name=\"twitter:card\" content=\"summary_large_image\" \/>\n<meta name=\"twitter:creator\" content=\"@swtsports\" \/>\n<meta name=\"twitter:site\" content=\"@swtsports\" \/>\n<meta name=\"twitter:label1\" content=\"Verfasst von\" \/>\n\t<meta name=\"twitter:data1\" content=\"Lutz Lindemann\" \/>\n\t<meta name=\"twitter:label2\" content=\"Gesch\u00e4tzte Lesezeit\" \/>\n\t<meta name=\"twitter:data2\" content=\"7\u00a0Minuten\" \/>\n<script type=\"application\/ld+json\" class=\"yoast-schema-graph\">{\"@context\":\"https:\\\/\\\/schema.org\",\"@graph\":[{\"@type\":\"Article\",\"@id\":\"https:\\\/\\\/blog.swt-sports.de\\\/index.php\\\/erzberg-rodeo-2023_manuel_lettenbichler_graham-jarvis_pol-tarres\\\/#article\",\"isPartOf\":{\"@id\":\"https:\\\/\\\/blog.swt-sports.de\\\/index.php\\\/erzberg-rodeo-2023_manuel_lettenbichler_graham-jarvis_pol-tarres\\\/\"},\"author\":{\"name\":\"Lutz Lindemann\",\"@id\":\"https:\\\/\\\/blog.swt-sports.de\\\/#\\\/schema\\\/person\\\/b1fb20850ef709b5efbd2510a27b50ec\"},\"headline\":\"Erzbergrodeo 2023 &#8211; Lettenbichler, Tarres, Jarvis und co.\",\"datePublished\":\"2023-06-16T13:21:50+00:00\",\"dateModified\":\"2023-06-18T06:43:44+00:00\",\"mainEntityOfPage\":{\"@id\":\"https:\\\/\\\/blog.swt-sports.de\\\/index.php\\\/erzberg-rodeo-2023_manuel_lettenbichler_graham-jarvis_pol-tarres\\\/\"},\"wordCount\":2013,\"commentCount\":0,\"publisher\":{\"@id\":\"https:\\\/\\\/blog.swt-sports.de\\\/#organization\"},\"image\":{\"@id\":\"https:\\\/\\\/blog.swt-sports.de\\\/index.php\\\/erzberg-rodeo-2023_manuel_lettenbichler_graham-jarvis_pol-tarres\\\/#primaryimage\"},\"thumbnailUrl\":\"https:\\\/\\\/blog.swt-sports.de\\\/wp-content\\\/uploads\\\/2023\\\/06\\\/swt-sports_erzbergrodeo-2023_64.jpg\",\"articleSection\":{\"1\":\"Highlights\"},\"inLanguage\":\"de\",\"potentialAction\":[{\"@type\":\"CommentAction\",\"name\":\"Comment\",\"target\":[\"https:\\\/\\\/blog.swt-sports.de\\\/index.php\\\/erzberg-rodeo-2023_manuel_lettenbichler_graham-jarvis_pol-tarres\\\/#respond\"]}]},{\"@type\":\"WebPage\",\"@id\":\"https:\\\/\\\/blog.swt-sports.de\\\/index.php\\\/erzberg-rodeo-2023_manuel_lettenbichler_graham-jarvis_pol-tarres\\\/\",\"url\":\"https:\\\/\\\/blog.swt-sports.de\\\/index.php\\\/erzberg-rodeo-2023_manuel_lettenbichler_graham-jarvis_pol-tarres\\\/\",\"name\":\"Erzbergrodeo 2023 - Lettenbichler, Tarres, Jarvis und co.\",\"isPartOf\":{\"@id\":\"https:\\\/\\\/blog.swt-sports.de\\\/#website\"},\"primaryImageOfPage\":{\"@id\":\"https:\\\/\\\/blog.swt-sports.de\\\/index.php\\\/erzberg-rodeo-2023_manuel_lettenbichler_graham-jarvis_pol-tarres\\\/#primaryimage\"},\"image\":{\"@id\":\"https:\\\/\\\/blog.swt-sports.de\\\/index.php\\\/erzberg-rodeo-2023_manuel_lettenbichler_graham-jarvis_pol-tarres\\\/#primaryimage\"},\"thumbnailUrl\":\"https:\\\/\\\/blog.swt-sports.de\\\/wp-content\\\/uploads\\\/2023\\\/06\\\/swt-sports_erzbergrodeo-2023_64.jpg\",\"datePublished\":\"2023-06-16T13:21:50+00:00\",\"dateModified\":\"2023-06-18T06:43:44+00:00\",\"description\":\"Manuel Lettenbichler, Graham Jarvis und Pol Tarres im Interview mit Manuel Schad. Das Red Bull Erzbergrodeo 2023 war f\u00fcr ein Highlight der Saison.\",\"breadcrumb\":{\"@id\":\"https:\\\/\\\/blog.swt-sports.de\\\/index.php\\\/erzberg-rodeo-2023_manuel_lettenbichler_graham-jarvis_pol-tarres\\\/#breadcrumb\"},\"inLanguage\":\"de\",\"potentialAction\":[{\"@type\":\"ReadAction\",\"target\":[\"https:\\\/\\\/blog.swt-sports.de\\\/index.php\\\/erzberg-rodeo-2023_manuel_lettenbichler_graham-jarvis_pol-tarres\\\/\"]}]},{\"@type\":\"ImageObject\",\"inLanguage\":\"de\",\"@id\":\"https:\\\/\\\/blog.swt-sports.de\\\/index.php\\\/erzberg-rodeo-2023_manuel_lettenbichler_graham-jarvis_pol-tarres\\\/#primaryimage\",\"url\":\"https:\\\/\\\/blog.swt-sports.de\\\/wp-content\\\/uploads\\\/2023\\\/06\\\/swt-sports_erzbergrodeo-2023_64.jpg\",\"contentUrl\":\"https:\\\/\\\/blog.swt-sports.de\\\/wp-content\\\/uploads\\\/2023\\\/06\\\/swt-sports_erzbergrodeo-2023_64.jpg\",\"width\":1200,\"height\":796},{\"@type\":\"BreadcrumbList\",\"@id\":\"https:\\\/\\\/blog.swt-sports.de\\\/index.php\\\/erzberg-rodeo-2023_manuel_lettenbichler_graham-jarvis_pol-tarres\\\/#breadcrumb\",\"itemListElement\":[{\"@type\":\"ListItem\",\"position\":1,\"name\":\"Startseite\",\"item\":\"https:\\\/\\\/blog.swt-sports.de\\\/\"},{\"@type\":\"ListItem\",\"position\":2,\"name\":\"Erzbergrodeo 2023 &#8211; Lettenbichler, Tarres, Jarvis und co.\"}]},{\"@type\":\"WebSite\",\"@id\":\"https:\\\/\\\/blog.swt-sports.de\\\/#website\",\"url\":\"https:\\\/\\\/blog.swt-sports.de\\\/\",\"name\":\"SWT-SPORTS Blog\",\"description\":\"BMW Motorrad | 2-Ventiler | R80 \\\/ R100GS G\\\/S | Paris Dakar | BMW-Boxer\",\"publisher\":{\"@id\":\"https:\\\/\\\/blog.swt-sports.de\\\/#organization\"},\"potentialAction\":[{\"@type\":\"SearchAction\",\"target\":{\"@type\":\"EntryPoint\",\"urlTemplate\":\"https:\\\/\\\/blog.swt-sports.de\\\/?s={search_term_string}\"},\"query-input\":{\"@type\":\"PropertyValueSpecification\",\"valueRequired\":true,\"valueName\":\"search_term_string\"}}],\"inLanguage\":\"de\"},{\"@type\":\"Organization\",\"@id\":\"https:\\\/\\\/blog.swt-sports.de\\\/#organization\",\"name\":\"SWT Sports\",\"url\":\"https:\\\/\\\/blog.swt-sports.de\\\/\",\"logo\":{\"@type\":\"ImageObject\",\"inLanguage\":\"de\",\"@id\":\"https:\\\/\\\/blog.swt-sports.de\\\/#\\\/schema\\\/logo\\\/image\\\/\",\"url\":\"https:\\\/\\\/blog.swt-sports.de\\\/wp-content\\\/uploads\\\/2020\\\/08\\\/swt_sports_logo.svg\",\"contentUrl\":\"https:\\\/\\\/blog.swt-sports.de\\\/wp-content\\\/uploads\\\/2020\\\/08\\\/swt_sports_logo.svg\",\"width\":306,\"height\":247,\"caption\":\"SWT Sports\"},\"image\":{\"@id\":\"https:\\\/\\\/blog.swt-sports.de\\\/#\\\/schema\\\/logo\\\/image\\\/\"},\"sameAs\":[\"https:\\\/\\\/www.facebook.com\\\/\",\"https:\\\/\\\/x.com\\\/swtsports\",\"https:\\\/\\\/www.instagram.com\\\/swt_sports\\\/\",\"https:\\\/\\\/www.youtube.com\\\/user\\\/SWTsports\"]},{\"@type\":\"Person\",\"@id\":\"https:\\\/\\\/blog.swt-sports.de\\\/#\\\/schema\\\/person\\\/b1fb20850ef709b5efbd2510a27b50ec\",\"name\":\"Lutz Lindemann\",\"image\":{\"@type\":\"ImageObject\",\"inLanguage\":\"de\",\"@id\":\"https:\\\/\\\/secure.gravatar.com\\\/avatar\\\/734a9bedc494f6dc8377999f4d8a7d95539d24428aae22d6a7a829f916324968?s=96&r=g\",\"url\":\"https:\\\/\\\/secure.gravatar.com\\\/avatar\\\/734a9bedc494f6dc8377999f4d8a7d95539d24428aae22d6a7a829f916324968?s=96&r=g\",\"contentUrl\":\"https:\\\/\\\/secure.gravatar.com\\\/avatar\\\/734a9bedc494f6dc8377999f4d8a7d95539d24428aae22d6a7a829f916324968?s=96&r=g\",\"caption\":\"Lutz Lindemann\"},\"sameAs\":[\"http:\\\/\\\/lutzlindemann.com\"]}]}<\/script>\n<!-- \/ Yoast SEO plugin. -->","yoast_head_json":{"title":"Erzbergrodeo 2023 - Lettenbichler, Tarres, Jarvis und co.","description":"Manuel Lettenbichler, Graham Jarvis und Pol Tarres im Interview mit Manuel Schad. Das Red Bull Erzbergrodeo 2023 war f\u00fcr ein Highlight der Saison.","robots":{"index":"index","follow":"follow","max-snippet":"max-snippet:-1","max-image-preview":"max-image-preview:large","max-video-preview":"max-video-preview:-1"},"canonical":"https:\/\/blog.swt-sports.de\/index.php\/erzberg-rodeo-2023_manuel_lettenbichler_graham-jarvis_pol-tarres\/","og_locale":"de_DE","og_type":"article","og_title":"Erzbergrodeo 2023 - Lettenbichler, Tarres, Jarvis und co.","og_description":"Manuel Lettenbichler, Graham Jarvis und Pol Tarres im Interview mit Manuel Schad. Das Red Bull Erzbergrodeo 2023 war f\u00fcr ein Highlight der Saison.","og_url":"https:\/\/blog.swt-sports.de\/index.php\/erzberg-rodeo-2023_manuel_lettenbichler_graham-jarvis_pol-tarres\/","og_site_name":"SWT-SPORTS Blog","article_publisher":"https:\/\/www.facebook.com\/","article_published_time":"2023-06-16T13:21:50+00:00","article_modified_time":"2023-06-18T06:43:44+00:00","og_image":[{"width":1200,"height":796,"url":"https:\/\/blog.swt-sports.de\/wp-content\/uploads\/2023\/06\/swt-sports_erzbergrodeo-2023_64.jpg","type":"image\/jpeg"}],"author":"Lutz Lindemann","twitter_card":"summary_large_image","twitter_creator":"@swtsports","twitter_site":"@swtsports","twitter_misc":{"Verfasst von":"Lutz Lindemann","Gesch\u00e4tzte Lesezeit":"7\u00a0Minuten"},"schema":{"@context":"https:\/\/schema.org","@graph":[{"@type":"Article","@id":"https:\/\/blog.swt-sports.de\/index.php\/erzberg-rodeo-2023_manuel_lettenbichler_graham-jarvis_pol-tarres\/#article","isPartOf":{"@id":"https:\/\/blog.swt-sports.de\/index.php\/erzberg-rodeo-2023_manuel_lettenbichler_graham-jarvis_pol-tarres\/"},"author":{"name":"Lutz Lindemann","@id":"https:\/\/blog.swt-sports.de\/#\/schema\/person\/b1fb20850ef709b5efbd2510a27b50ec"},"headline":"Erzbergrodeo 2023 &#8211; Lettenbichler, Tarres, Jarvis und co.","datePublished":"2023-06-16T13:21:50+00:00","dateModified":"2023-06-18T06:43:44+00:00","mainEntityOfPage":{"@id":"https:\/\/blog.swt-sports.de\/index.php\/erzberg-rodeo-2023_manuel_lettenbichler_graham-jarvis_pol-tarres\/"},"wordCount":2013,"commentCount":0,"publisher":{"@id":"https:\/\/blog.swt-sports.de\/#organization"},"image":{"@id":"https:\/\/blog.swt-sports.de\/index.php\/erzberg-rodeo-2023_manuel_lettenbichler_graham-jarvis_pol-tarres\/#primaryimage"},"thumbnailUrl":"https:\/\/blog.swt-sports.de\/wp-content\/uploads\/2023\/06\/swt-sports_erzbergrodeo-2023_64.jpg","articleSection":{"1":"Highlights"},"inLanguage":"de","potentialAction":[{"@type":"CommentAction","name":"Comment","target":["https:\/\/blog.swt-sports.de\/index.php\/erzberg-rodeo-2023_manuel_lettenbichler_graham-jarvis_pol-tarres\/#respond"]}]},{"@type":"WebPage","@id":"https:\/\/blog.swt-sports.de\/index.php\/erzberg-rodeo-2023_manuel_lettenbichler_graham-jarvis_pol-tarres\/","url":"https:\/\/blog.swt-sports.de\/index.php\/erzberg-rodeo-2023_manuel_lettenbichler_graham-jarvis_pol-tarres\/","name":"Erzbergrodeo 2023 - Lettenbichler, Tarres, Jarvis und co.","isPartOf":{"@id":"https:\/\/blog.swt-sports.de\/#website"},"primaryImageOfPage":{"@id":"https:\/\/blog.swt-sports.de\/index.php\/erzberg-rodeo-2023_manuel_lettenbichler_graham-jarvis_pol-tarres\/#primaryimage"},"image":{"@id":"https:\/\/blog.swt-sports.de\/index.php\/erzberg-rodeo-2023_manuel_lettenbichler_graham-jarvis_pol-tarres\/#primaryimage"},"thumbnailUrl":"https:\/\/blog.swt-sports.de\/wp-content\/uploads\/2023\/06\/swt-sports_erzbergrodeo-2023_64.jpg","datePublished":"2023-06-16T13:21:50+00:00","dateModified":"2023-06-18T06:43:44+00:00","description":"Manuel Lettenbichler, Graham Jarvis und Pol Tarres im Interview mit Manuel Schad. Das Red Bull Erzbergrodeo 2023 war f\u00fcr ein Highlight der Saison.","breadcrumb":{"@id":"https:\/\/blog.swt-sports.de\/index.php\/erzberg-rodeo-2023_manuel_lettenbichler_graham-jarvis_pol-tarres\/#breadcrumb"},"inLanguage":"de","potentialAction":[{"@type":"ReadAction","target":["https:\/\/blog.swt-sports.de\/index.php\/erzberg-rodeo-2023_manuel_lettenbichler_graham-jarvis_pol-tarres\/"]}]},{"@type":"ImageObject","inLanguage":"de","@id":"https:\/\/blog.swt-sports.de\/index.php\/erzberg-rodeo-2023_manuel_lettenbichler_graham-jarvis_pol-tarres\/#primaryimage","url":"https:\/\/blog.swt-sports.de\/wp-content\/uploads\/2023\/06\/swt-sports_erzbergrodeo-2023_64.jpg","contentUrl":"https:\/\/blog.swt-sports.de\/wp-content\/uploads\/2023\/06\/swt-sports_erzbergrodeo-2023_64.jpg","width":1200,"height":796},{"@type":"BreadcrumbList","@id":"https:\/\/blog.swt-sports.de\/index.php\/erzberg-rodeo-2023_manuel_lettenbichler_graham-jarvis_pol-tarres\/#breadcrumb","itemListElement":[{"@type":"ListItem","position":1,"name":"Startseite","item":"https:\/\/blog.swt-sports.de\/"},{"@type":"ListItem","position":2,"name":"Erzbergrodeo 2023 &#8211; Lettenbichler, Tarres, Jarvis und co."}]},{"@type":"WebSite","@id":"https:\/\/blog.swt-sports.de\/#website","url":"https:\/\/blog.swt-sports.de\/","name":"SWT-SPORTS Blog","description":"BMW Motorrad | 2-Ventiler | R80 \/ R100GS G\/S | Paris Dakar | BMW-Boxer","publisher":{"@id":"https:\/\/blog.swt-sports.de\/#organization"},"potentialAction":[{"@type":"SearchAction","target":{"@type":"EntryPoint","urlTemplate":"https:\/\/blog.swt-sports.de\/?s={search_term_string}"},"query-input":{"@type":"PropertyValueSpecification","valueRequired":true,"valueName":"search_term_string"}}],"inLanguage":"de"},{"@type":"Organization","@id":"https:\/\/blog.swt-sports.de\/#organization","name":"SWT Sports","url":"https:\/\/blog.swt-sports.de\/","logo":{"@type":"ImageObject","inLanguage":"de","@id":"https:\/\/blog.swt-sports.de\/#\/schema\/logo\/image\/","url":"https:\/\/blog.swt-sports.de\/wp-content\/uploads\/2020\/08\/swt_sports_logo.svg","contentUrl":"https:\/\/blog.swt-sports.de\/wp-content\/uploads\/2020\/08\/swt_sports_logo.svg","width":306,"height":247,"caption":"SWT Sports"},"image":{"@id":"https:\/\/blog.swt-sports.de\/#\/schema\/logo\/image\/"},"sameAs":["https:\/\/www.facebook.com\/","https:\/\/x.com\/swtsports","https:\/\/www.instagram.com\/swt_sports\/","https:\/\/www.youtube.com\/user\/SWTsports"]},{"@type":"Person","@id":"https:\/\/blog.swt-sports.de\/#\/schema\/person\/b1fb20850ef709b5efbd2510a27b50ec","name":"Lutz Lindemann","image":{"@type":"ImageObject","inLanguage":"de","@id":"https:\/\/secure.gravatar.com\/avatar\/734a9bedc494f6dc8377999f4d8a7d95539d24428aae22d6a7a829f916324968?s=96&r=g","url":"https:\/\/secure.gravatar.com\/avatar\/734a9bedc494f6dc8377999f4d8a7d95539d24428aae22d6a7a829f916324968?s=96&r=g","contentUrl":"https:\/\/secure.gravatar.com\/avatar\/734a9bedc494f6dc8377999f4d8a7d95539d24428aae22d6a7a829f916324968?s=96&r=g","caption":"Lutz Lindemann"},"sameAs":["http:\/\/lutzlindemann.com"]}]}},"_links":{"self":[{"href":"https:\/\/blog.swt-sports.de\/index.php\/wp-json\/wp\/v2\/posts\/85476","targetHints":{"allow":["GET"]}}],"collection":[{"href":"https:\/\/blog.swt-sports.de\/index.php\/wp-json\/wp\/v2\/posts"}],"about":[{"href":"https:\/\/blog.swt-sports.de\/index.php\/wp-json\/wp\/v2\/types\/post"}],"author":[{"embeddable":true,"href":"https:\/\/blog.swt-sports.de\/index.php\/wp-json\/wp\/v2\/users\/26194"}],"replies":[{"embeddable":true,"href":"https:\/\/blog.swt-sports.de\/index.php\/wp-json\/wp\/v2\/comments?post=85476"}],"version-history":[{"count":20,"href":"https:\/\/blog.swt-sports.de\/index.php\/wp-json\/wp\/v2\/posts\/85476\/revisions"}],"predecessor-version":[{"id":85526,"href":"https:\/\/blog.swt-sports.de\/index.php\/wp-json\/wp\/v2\/posts\/85476\/revisions\/85526"}],"wp:featuredmedia":[{"embeddable":true,"href":"https:\/\/blog.swt-sports.de\/index.php\/wp-json\/wp\/v2\/media\/85486"}],"wp:attachment":[{"href":"https:\/\/blog.swt-sports.de\/index.php\/wp-json\/wp\/v2\/media?parent=85476"}],"wp:term":[{"taxonomy":"category","embeddable":true,"href":"https:\/\/blog.swt-sports.de\/index.php\/wp-json\/wp\/v2\/categories?post=85476"},{"taxonomy":"post_tag","embeddable":true,"href":"https:\/\/blog.swt-sports.de\/index.php\/wp-json\/wp\/v2\/tags?post=85476"}],"curies":[{"name":"wp","href":"https:\/\/api.w.org\/{rel}","templated":true}]}}