{"id":85209,"date":"2022-09-18T18:37:58","date_gmt":"2022-09-18T17:37:58","guid":{"rendered":"https:\/\/blog.swt-sports.de\/?p=85209"},"modified":"2022-09-18T20:05:26","modified_gmt":"2022-09-18T19:05:26","slug":"haselrodeo-2022-motorrad-rallye-in-ibbenbueren","status":"publish","type":"post","link":"https:\/\/blog.swt-sports.de\/index.php\/haselrodeo-2022-motorrad-rallye-in-ibbenbueren\/","title":{"rendered":"Haselrodeo 2022 &#8211; Motorrad Rallye in Ibbenb\u00fcren"},"content":{"rendered":"<div class=\"wpb-content-wrapper\"><p>[vc_row][vc_column width=&#8220;1\/1&#8243;][vc_column_text uncode_shortcode_id=&#8220;125574&#8243;]<\/p>\n<p class=\"p1\" style=\"text-align: center;\"><span class=\"s1\">Fotos von <strong><a href=\"http:\/\/www.myfunkywedding.com\/\" target=\"_blank\" rel=\"noopener\">J\u00f6rg M. Krause<\/a>, <a href=\"https:\/\/www.instagram.com\/philo_ol\/\" target=\"_blank\" rel=\"noopener\">Philipp Bischoff<\/a>, <a href=\"https:\/\/www.instagram.com\/emils.garage\/\" target=\"_blank\" rel=\"noopener\">Emil Pourkian<\/a>, <a href=\"https:\/\/www.instagram.com\/martin__hass\/\" target=\"_blank\" rel=\"noopener\">Martin Hass<\/a> und <a href=\"https:\/\/www.instagram.com\/martinoelze\/\" target=\"_blank\" rel=\"noopener\">Martin Oelze<\/a> | <\/strong>Video von <strong><a href=\"https:\/\/kool-motion-pictures.de\/\" target=\"_blank\" rel=\"noopener\">Kool Motion Pictures<\/a><\/strong><\/span><\/p>\n<p>[\/vc_column_text][vc_row_inner][vc_column_inner width=&#8220;1\/3&#8243;][vc_single_image media=&#8220;85217&#8243; media_width_percent=&#8220;100&#8243; uncode_shortcode_id=&#8220;629476&#8243; media_link=&#8220;url:https%3A%2F%2Fhaselrodeo-motorrad-rallye.de%2F|target:_blank&#8220;][\/vc_column_inner][vc_column_inner width=&#8220;2\/3&#8243;][vc_column_text uncode_shortcode_id=&#8220;175714&#8243;]<\/p>\n<p class=\"p1\"><span class=\"s1\">Wer legt denn das Haselrodeo auf den gleichen Termin wie das <strong><a href=\"https:\/\/www.youtube.com\/watch?v=EpbNRaiAkVA\" target=\"_blank\" rel=\"noopener\">Erzberg-Rodeo<\/a><\/strong>? &#8211; das k\u00f6nnen ja nur Amateure sein, die allenfalls mal in den lokalen Steinbruch ballern, und sich dann bei selbstgebrautem Bier auf irgendeinem Dorfbauernhof ein &#8218;Fahrerlager&#8216; bauen und mit Zelten und Campern und bekloppter Musik den Tag Revue passieren lassen. Dazu Zeltlagerstimmung und entspannte Leute.<\/span><\/p>\n<p>Tja, Amateure halt! \ud83d\ude09<\/p>\n<p>Der <strong><a href=\"https:\/\/www.swt-sports.de\/\" target=\"_blank\" rel=\"noopener\">SWT<\/a><\/strong> Zirkus ist an diesem Wochenende zum Erzberg gefahren, allerdings w\u00e4ren wir genauso gerne beim Kohleberg in Ibbenb\u00fcren gewesen&#8230;verdammt, die Saison ist immer zu kurz&#8230;wir hoffen aber im kommenden Jahr wieder dabei sein zu k\u00f6nnen.[\/vc_column_text][\/vc_column_inner][\/vc_row_inner][\/vc_column][\/vc_row][vc_row][vc_column column_width_percent=&#8220;100&#8243; position_vertical=&#8220;middle&#8220; gutter_size=&#8220;3&#8243; overlay_alpha=&#8220;50&#8243; shift_x=&#8220;0&#8243; shift_y=&#8220;0&#8243; shift_y_down=&#8220;0&#8243; z_index=&#8220;0&#8243; medium_width=&#8220;0&#8243; mobile_width=&#8220;0&#8243; width=&#8220;1\/2&#8243;][vc_column_text uncode_shortcode_id=&#8220;136411&#8243;]<\/p>\n<p class=\"p1\">In diesem Jahr gab es 1\/3 weibliche Starterinnen beim <strong><a href=\"https:\/\/haselrodeo-motorrad-rallye.de\/\" target=\"_blank\" rel=\"noopener\">HASELRODEO<\/a><\/strong> &#8211; &#8222;Hammergeil!&#8220;, wie <strong><a href=\"https:\/\/motorradbekleidung-haselroth.de\/\" target=\"_blank\" rel=\"noopener\">Judith Haselroth<\/a><\/strong> kommentiert. Sie organisiert mit <strong><a href=\"https:\/\/www.instagram.com\/r_100_gs\/\" target=\"_blank\" rel=\"noopener\">Lutz<\/a><\/strong> die Steinbruch-Rallye und die beiden haben sich zum Ziel gesetzt noch mehr Girls zu motivieren auch mal Offroad zu fahren. &#8222;Wir w\u00fcnschen uns das irgendwann genau so viele weibliche, wie m\u00e4nnliche Fahrer am Start sind &#8211; bis dahin bevorzugen wir bei den Bewerbern Frauen. Sie sind auch nicht an die Baujahrgrenze von 1995 gebunden&#8220;, erkl\u00e4rt uns Lutz weiter. F\u00fcr die Stimmung ist es allemal eine gute Entscheidung, denn man sp\u00fcrt keine Verbissenheit oder Angeberei, wie es manchmal der Fall ist bei Motorradevents. Beim HASELRODEO geht alles sehr entspannt \u00fcber die B\u00fchne&#8230;Sommerfest statt Competition.<\/p>\n<p>[\/vc_column_text][\/vc_column][vc_column width=&#8220;1\/2&#8243;][vc_single_image media=&#8220;85226&#8243; media_lightbox=&#8220;yes&#8220; media_width_percent=&#8220;100&#8243; shadow=&#8220;yes&#8220; css_animation=&#8220;alpha-anim&#8220; uncode_shortcode_id=&#8220;625812&#8243; media_link=&#8220;url:https%3A%2F%2Fhaselrodeo-motorrad-rallye.de%2F|target:_blank&#8220;][\/vc_column][\/vc_row][vc_row][vc_column width=&#8220;1\/2&#8243;][vc_single_image media=&#8220;85222&#8243; media_width_percent=&#8220;100&#8243; shadow=&#8220;yes&#8220; css_animation=&#8220;alpha-anim&#8220; uncode_shortcode_id=&#8220;186282&#8243; media_link=&#8220;url:https%3A%2F%2Fhaselrodeo-motorrad-rallye.de%2F|target:_blank&#8220;][\/vc_column][vc_column column_width_percent=&#8220;100&#8243; position_vertical=&#8220;middle&#8220; gutter_size=&#8220;3&#8243; overlay_alpha=&#8220;50&#8243; shift_x=&#8220;0&#8243; shift_y=&#8220;0&#8243; shift_y_down=&#8220;0&#8243; z_index=&#8220;0&#8243; medium_width=&#8220;0&#8243; mobile_width=&#8220;0&#8243; width=&#8220;1\/2&#8243;][vc_column_text uncode_shortcode_id=&#8220;850462&#8243;]<\/p>\n<p class=\"p1\">Es sind mal wieder viele Freunde aus dem ganzen Bundesgebiet und \u00d6sterreich, der Schweiz und Belgien angereist &#8211; dazu kamen noch die legend\u00e4ren Holl\u00e4nder von <strong><a href=\"https:\/\/www.instagram.com\/misfitenduro\/\" target=\"_blank\" rel=\"noopener\">Misfit Enduro<\/a><\/strong>, denn die Grenze ist nicht weit entfernt. Auch Enrico von <strong><a href=\"https:\/\/www.instagram.com\/loose__screw\/\" target=\"_blank\" rel=\"noopener\">Loose Screw<\/a> <\/strong>hat sich auf dem Weg von Dachau in den Nordwesten gemacht, um seine eigens f\u00fcr das HASELRODEO angeschaffte XL185 durch den Steinbruch zu pr\u00fcgeln.<\/p>\n<p>[\/vc_column_text][\/vc_column][\/vc_row][vc_row row_height_percent=&#8220;82&#8243; override_padding=&#8220;yes&#8220; h_padding=&#8220;0&#8243; top_padding=&#8220;0&#8243; bottom_padding=&#8220;0&#8243; back_color=&#8220;color-prif&#8220; back_image=&#8220;85221&#8243; overlay_color=&#8220;color-jevc&#8220; overlay_alpha=&#8220;49&#8243; gutter_size=&#8220;3&#8243; column_width_percent=&#8220;100&#8243; shift_y=&#8220;0&#8243; z_index=&#8220;0&#8243; row_height_pixel=&#8220;400px&#8220; uncode_shortcode_id=&#8220;323695&#8243; back_color_type=&#8220;uncode-palette&#8220; overlay_color_type=&#8220;uncode-palette&#8220; css=&#8220;.vc_custom_1663526869751{margin-top: 50px !important;margin-bottom: 50px !important;}&#8220;][vc_column column_width_percent=&#8220;100&#8243; position_vertical=&#8220;middle&#8220; align_horizontal=&#8220;align_center&#8220; gutter_size=&#8220;3&#8243; style=&#8220;dark&#8220; overlay_alpha=&#8220;50&#8243; shift_x=&#8220;0&#8243; shift_y=&#8220;0&#8243; shift_y_down=&#8220;0&#8243; z_index=&#8220;0&#8243; medium_width=&#8220;0&#8243; mobile_width=&#8220;0&#8243; width=&#8220;1\/1&#8243;][vc_column_text text_lead=&#8220;yes&#8220; uncode_shortcode_id=&#8220;434396&#8243;]<\/p>\n<h1><span class=\"font-156269\">&#8222;1\/3 weibliche Fahrer in 2022! &#8211; unser Ziel sind 50\/50.&#8220;<\/span><\/h1>\n<p>[\/vc_column_text][vc_column_text text_lead=&#8220;yes&#8220; uncode_shortcode_id=&#8220;164623&#8243;]<\/p>\n<h4><span class=\"font-156269\">Judith Haselroth<\/span><\/h4>\n<p>[\/vc_column_text][\/vc_column][\/vc_row][vc_row][vc_column width=&#8220;1\/2&#8243;][vc_single_image media=&#8220;85227&#8243; media_lightbox=&#8220;yes&#8220; media_width_percent=&#8220;100&#8243; shadow=&#8220;yes&#8220; css_animation=&#8220;alpha-anim&#8220; uncode_shortcode_id=&#8220;241570&#8243; media_link=&#8220;url:https%3A%2F%2Fhaselrodeo-motorrad-rallye.de%2F|target:_blank&#8220;][\/vc_column][vc_column column_width_percent=&#8220;100&#8243; position_vertical=&#8220;middle&#8220; gutter_size=&#8220;3&#8243; overlay_alpha=&#8220;50&#8243; shift_x=&#8220;0&#8243; shift_y=&#8220;0&#8243; shift_y_down=&#8220;0&#8243; z_index=&#8220;0&#8243; medium_width=&#8220;0&#8243; mobile_width=&#8220;0&#8243; width=&#8220;1\/2&#8243;][vc_column_text uncode_shortcode_id=&#8220;495536&#8243;]<\/p>\n<p class=\"p1\"><span class=\"s1\">2022 waren viele klassische Bikes am Start &#8211; wir haben die alten ITs gesehen, viele XT500 und XT250, unsere alten Boxer waren am Start. Genug um sich teilweise wie im Jahr 1990 zu f\u00fchlen.<br \/>\nRichtig geil, denn diese Maschinen haben eine Seele, die mit ausreichend Pflege und Liebe immer noch genauso wummert und Spa\u00df produziert, wie vor 30 Jahren.<\/span><\/p>\n<p>[\/vc_column_text][\/vc_column][\/vc_row][vc_row row_height_percent=&#8220;50&#8243; override_padding=&#8220;yes&#8220; h_padding=&#8220;0&#8243; top_padding=&#8220;0&#8243; bottom_padding=&#8220;0&#8243; back_image=&#8220;85224&#8243; back_position=&#8220;center center&#8220; kburns=&#8220;yes&#8220; overlay_color=&#8220;color-jevc&#8220; overlay_alpha=&#8220;49&#8243; gutter_size=&#8220;3&#8243; column_width_percent=&#8220;100&#8243; shift_y=&#8220;0&#8243; z_index=&#8220;0&#8243; row_height_pixel=&#8220;500&#8243; uncode_shortcode_id=&#8220;104011&#8243; overlay_color_type=&#8220;uncode-palette&#8220; css=&#8220;.vc_custom_1663526883865{margin-top: 50px !important;margin-bottom: 50px !important;}&#8220;][vc_column column_width_percent=&#8220;100&#8243; position_vertical=&#8220;middle&#8220; align_horizontal=&#8220;align_center&#8220; gutter_size=&#8220;3&#8243; style=&#8220;dark&#8220; overlay_alpha=&#8220;50&#8243; shift_x=&#8220;0&#8243; shift_y=&#8220;0&#8243; shift_y_down=&#8220;0&#8243; z_index=&#8220;0&#8243; medium_width=&#8220;0&#8243; mobile_width=&#8220;0&#8243; width=&#8220;1\/1&#8243;][vc_empty_space empty_h=&#8220;2&#8243;][vc_column_text text_lead=&#8220;yes&#8220;]<\/p>\n<h1><span class=\"font-156269\">&#8222;Der Hof Haselroth ist das sch\u00f6nste Fahrerlager, das du je gesehen hast!&#8220;<\/span><\/h1>\n<p>&nbsp;<\/p>\n<p>[\/vc_column_text][vc_button border_width=&#8220;0&#8243; link=&#8220;url:https%3A%2F%2Fmotorradbekleidung-haselroth.de%2F|target:_blank&#8220;]Motorradbekleidung Haselroth[\/vc_button][\/vc_column][\/vc_row][vc_row][vc_column column_width_percent=&#8220;100&#8243; position_vertical=&#8220;middle&#8220; gutter_size=&#8220;3&#8243; overlay_alpha=&#8220;50&#8243; shift_x=&#8220;0&#8243; shift_y=&#8220;0&#8243; shift_y_down=&#8220;0&#8243; z_index=&#8220;0&#8243; medium_width=&#8220;0&#8243; mobile_width=&#8220;0&#8243; width=&#8220;1\/2&#8243;][vc_column_text uncode_shortcode_id=&#8220;623319&#8243;]<\/p>\n<p class=\"p1\"><span class=\"s1\">Das <strong><a href=\"https:\/\/haselrodeo-motorrad-rallye.de\/\" target=\"_blank\" rel=\"noopener\">HASELRODEO<\/a><\/strong> findet in jedem Jahr auf dem Hof Haselroth statt, dort befindet sich in dritter Generation der <strong><a href=\"https:\/\/motorradbekleidung-haselroth.de\/\" target=\"_blank\" rel=\"noopener\">Motorradshop der Familie Haselroth aus Ibbenb\u00fcren<\/a><\/strong>. In diesem charmanten Laden bekommt man alles was man als Benzinliebhaber braucht&#8230;.alle Produkte sind handverlesen und von den Inhabern Judith und Nils und der Familie getestet. &#8222;Wir verkaufen nur, was wir selbst fahren&#8220;, best\u00e4tigt Judith. Das finden wir richtig gut und unterst\u00fctzen diese kleinen L\u00e4den und Familienbetriebe.<\/span><\/p>\n<p>Das legen wir Euch auch ans Herz, denn so eine Rallye wird es von den gro\u00dfen Ketten nie geben und wenn dann w\u00e4re das Fahrerlager ein Charmeloser Parkplatz und nicht dieser wundersch\u00f6ne Bauernhof ;)[\/vc_column_text][\/vc_column][vc_column width=&#8220;1\/2&#8243;][vc_single_image media=&#8220;85228&#8243; media_lightbox=&#8220;yes&#8220; media_width_percent=&#8220;100&#8243; shadow=&#8220;yes&#8220; css_animation=&#8220;alpha-anim&#8220; uncode_shortcode_id=&#8220;199551&#8243; media_link=&#8220;url:https%3A%2F%2Fhaselrodeo-motorrad-rallye.de%2F|target:_blank&#8220;][\/vc_column][\/vc_row][vc_row][vc_column width=&#8220;1\/2&#8243;][vc_single_image media=&#8220;85229&#8243; media_lightbox=&#8220;yes&#8220; media_width_percent=&#8220;100&#8243; shadow=&#8220;yes&#8220; css_animation=&#8220;alpha-anim&#8220; uncode_shortcode_id=&#8220;110499&#8243; media_link=&#8220;url:https%3A%2F%2Fhaselrodeo-motorrad-rallye.de%2F|target:_blank&#8220;][\/vc_column][vc_column column_width_percent=&#8220;100&#8243; position_vertical=&#8220;middle&#8220; gutter_size=&#8220;3&#8243; overlay_alpha=&#8220;50&#8243; shift_x=&#8220;0&#8243; shift_y=&#8220;0&#8243; shift_y_down=&#8220;0&#8243; z_index=&#8220;0&#8243; medium_width=&#8220;0&#8243; mobile_width=&#8220;0&#8243; width=&#8220;1\/2&#8243;][vc_column_text uncode_shortcode_id=&#8220;149254&#8243;]<\/p>\n<p class=\"p1\"><span style=\"font-family: -apple-system, BlinkMacSystemFont, 'Segoe UI', Roboto, Oxygen-Sans, Ubuntu, Cantarell, 'Helvetica Neue', sans-serif;\">Beim <strong><a href=\"https:\/\/haselrodeo-motorrad-rallye.de\/\" target=\"_blank\" rel=\"noopener\">HASELRODEO<\/a><\/strong> sp\u00fcrt man gleich, das es sich um einen Crew-Event handelt. Im Prinzip treffen sich die Benzinbekloppten Jungs und M\u00e4dels aus der Umgebung, um an einem Wochenende im Jahr die lokalen Steinbr\u00fcche unsicher zu machen. Das ist dann irgendwann etwas ausgeartet, weil es noch mehr Spa\u00df macht, wenn noch mehr Freunde mitmachen. <\/span><strong style=\"font-family: -apple-system, BlinkMacSystemFont, 'Segoe UI', Roboto, Oxygen-Sans, Ubuntu, Cantarell, 'Helvetica Neue', sans-serif;\"><a href=\"https:\/\/xn--motorrad-ibbenbren-06b.de\/\" target=\"_blank\" rel=\"noopener\">Motorrad Ibbenb\u00fcren<\/a><\/strong><span style=\"font-family: -apple-system, BlinkMacSystemFont, 'Segoe UI', Roboto, Oxygen-Sans, Ubuntu, Cantarell, 'Helvetica Neue', sans-serif;\"> sind die lokalen Moped-Spezialisten und helfen mit technischem Know-How, so dass alle Fahrer auch wieder heil zur\u00fcck kommen.<\/span><\/p>\n<p>[\/vc_column_text][\/vc_column][\/vc_row][vc_row row_height_percent=&#8220;75&#8243; override_padding=&#8220;yes&#8220; h_padding=&#8220;0&#8243; top_padding=&#8220;0&#8243; bottom_padding=&#8220;0&#8243; back_color=&#8220;color-prif&#8220; back_image=&#8220;85230&#8243; overlay_color=&#8220;color-jevc&#8220; overlay_alpha=&#8220;49&#8243; gutter_size=&#8220;3&#8243; column_width_percent=&#8220;100&#8243; shift_y=&#8220;0&#8243; z_index=&#8220;0&#8243; row_height_pixel=&#8220;400px&#8220; uncode_shortcode_id=&#8220;162281&#8243; back_color_type=&#8220;uncode-palette&#8220; overlay_color_type=&#8220;uncode-palette&#8220; css=&#8220;.vc_custom_1663526904449{margin-top: 50px !important;margin-bottom: 50px !important;}&#8220;][vc_column column_width_percent=&#8220;100&#8243; position_vertical=&#8220;middle&#8220; align_horizontal=&#8220;align_center&#8220; gutter_size=&#8220;3&#8243; style=&#8220;dark&#8220; overlay_alpha=&#8220;50&#8243; shift_x=&#8220;0&#8243; shift_y=&#8220;0&#8243; shift_y_down=&#8220;0&#8243; z_index=&#8220;0&#8243; medium_width=&#8220;0&#8243; mobile_width=&#8220;0&#8243; width=&#8220;1\/1&#8243;][vc_column_text text_lead=&#8220;yes&#8220; uncode_shortcode_id=&#8220;154152&#8243;]<\/p>\n<h1><span class=\"font-156269\">&#8222;Kein Bike j\u00fcnger als 1995&#8220;<\/span><\/h1>\n<p>[\/vc_column_text][vc_column_text text_lead=&#8220;yes&#8220; uncode_shortcode_id=&#8220;202577&#8243;]<\/p>\n<h4><span class=\"font-156269\">*gilt nicht f\u00fcr weibliche Starterinnen!<\/span><\/h4>\n<p>[\/vc_column_text][\/vc_column][\/vc_row][vc_row][vc_column column_width_percent=&#8220;100&#8243; position_vertical=&#8220;middle&#8220; gutter_size=&#8220;3&#8243; overlay_alpha=&#8220;50&#8243; shift_x=&#8220;0&#8243; shift_y=&#8220;0&#8243; shift_y_down=&#8220;0&#8243; z_index=&#8220;0&#8243; medium_width=&#8220;0&#8243; mobile_width=&#8220;0&#8243; width=&#8220;1\/2&#8243;][vc_column_text uncode_shortcode_id=&#8220;114659&#8243;]<\/p>\n<p class=\"p1\"><span class=\"s1\">Wir freuen uns schon auf das n\u00e4chste Jahr und haben geh\u00f6rt das der Termin in 2023 Anfang August sein soll. Finden wir gut, denn dann sind wir wieder dabei!<br \/>\nDas Empfehlen wir Euch ebenfalls, denn wenn ihr die klassischen Boxer fahrt, ist euer Bike garantiert zugelassen (Baujahrbegrenzung 1995).<br \/>\nIhr k\u00f6nnt Euch ab Anfang 2023 auf der Website vom <strong><a href=\"https:\/\/haselrodeo-motorrad-rallye.de\/rallye\/\" target=\"_blank\" rel=\"noopener\">HASELRODEO\u00a0<\/a><\/strong>f\u00fcr einen Startplatz bewerben &#8211; es wird dann nach den bekannten Kriterien ausgew\u00e4hlt: Baujahr, weibliche Fahrer bevorzugt und wenn sich jemand einbringt mit einer guten Idee oder Hilfe etc. dann habt Ihr richtig gute Chancen mal dabei zu sein.<br \/>\n&#8222;Wir k\u00f6nnen leider nicht mehr als 80 Fahrer unterbringen bei uns zu Hause auf dem Hof&#8220;, erkl\u00e4rt uns Judith &#8211; und ganz ehrlich&#8230;ich hoffe sie machen es auch nicht, denn diese Veranstaltung lebt davon das man bei der Gr\u00f6\u00dfe noch alle Leute kennenlernen kann.<\/span><\/p>\n<p>[\/vc_column_text][\/vc_column][vc_column width=&#8220;1\/2&#8243;][vc_single_image media=&#8220;85231&#8243; media_lightbox=&#8220;yes&#8220; media_width_percent=&#8220;100&#8243; shadow=&#8220;yes&#8220; css_animation=&#8220;alpha-anim&#8220; uncode_shortcode_id=&#8220;548024&#8243; media_link=&#8220;url:https%3A%2F%2Fhaselrodeo-motorrad-rallye.de%2F|target:_blank&#8220;][\/vc_column][\/vc_row][vc_row][vc_column width=&#8220;1\/1&#8243;][\/vc_column][\/vc_row][vc_row][vc_column width=&#8220;1\/4&#8243;][\/vc_column][vc_column width=&#8220;1\/2&#8243;][vc_single_image media=&#8220;85244&#8243; media_width_use_pixel=&#8220;yes&#8220; alignment=&#8220;center&#8220; uncode_shortcode_id=&#8220;496272&#8243; media_link=&#8220;url:https%3A%2F%2Fhaselrodeo-motorrad-rallye.de%2F|target:_blank&#8220; media_width_pixel=&#8220;800&#8243;][\/vc_column][vc_column width=&#8220;1\/4&#8243;][\/vc_column][\/vc_row][vc_row][vc_column width=&#8220;1\/1&#8243;][\/vc_column][\/vc_row][vc_row unlock_row_content=&#8220;yes&#8220; row_height_percent=&#8220;0&#8243; override_padding=&#8220;yes&#8220; h_padding=&#8220;0&#8243; top_padding=&#8220;0&#8243; bottom_padding=&#8220;0&#8243; back_color=&#8220;color-wayh&#8220; overlay_alpha=&#8220;50&#8243; equal_height=&#8220;yes&#8220; gutter_size=&#8220;0&#8243; column_width_percent=&#8220;100&#8243; shift_y=&#8220;0&#8243; z_index=&#8220;0&#8243;][vc_column column_width_use_pixel=&#8220;yes&#8220; gutter_size=&#8220;3&#8243; override_padding=&#8220;yes&#8220; column_padding=&#8220;5&#8243; style=&#8220;dark&#8220; overlay_alpha=&#8220;50&#8243; shift_x=&#8220;0&#8243; shift_y=&#8220;0&#8243; shift_y_down=&#8220;0&#8243; z_index=&#8220;0&#8243; medium_width=&#8220;0&#8243; mobile_width=&#8220;0&#8243; width=&#8220;1\/2&#8243; column_width_pixel=&#8220;528&#8243;][vc_custom_heading text_color=&#8220;accent&#8220; heading_semantic=&#8220;h6&#8243; text_size=&#8220;fontsize-160000&#8243; text_transform=&#8220;uppercase&#8220; text_space=&#8220;fontspace-135905&#8243;]@haselrodeo_motorrad_rallye[\/vc_custom_heading][vc_column_text]<\/p>\n<h1><span class=\"font-156269\">Das Video zu diesem Trip<\/span><\/h1>\n<p>[\/vc_column_text][vc_column_text text_lead=&#8220;yes&#8220;]<\/p>\n<p class=\"p1\"><span class=\"s1\">Wir kommen auf jeden Fall wieder und empfehlen euch dieses kleine, feine Rallye-Event mal n\u00e4her anzusehen.<\/span><\/p>\n<p>[\/vc_column_text][vc_empty_space empty_h=&#8220;1&#8243;][vc_button hover_fx=&#8220;outlined&#8220; outline=&#8220;yes&#8220; border_width=&#8220;0&#8243; link=&#8220;url:https%3A%2F%2Fhaselrodeo-motorrad-rallye.de%2Fhaselrodeo-3-license-to-hill%2F|title:YouTube|target:_blank&#8220; uncode_shortcode_id=&#8220;803826&#8243;]HASELRODEO RALLYE 22[\/vc_button][\/vc_column][vc_column column_width_percent=&#8220;100&#8243; gutter_size=&#8220;3&#8243; overlay_alpha=&#8220;50&#8243; shift_x=&#8220;0&#8243; shift_y=&#8220;0&#8243; shift_y_down=&#8220;0&#8243; z_index=&#8220;0&#8243; medium_width=&#8220;0&#8243; mobile_width=&#8220;0&#8243; width=&#8220;1\/2&#8243; mobile_height=&#8220;340&#8243;][vc_single_image media=&#8220;85216&#8243; media_width_percent=&#8220;100&#8243; uncode_shortcode_id=&#8220;151030&#8243;][\/vc_column][\/vc_row][vc_row unlock_row_content=&#8220;yes&#8220; row_height_percent=&#8220;0&#8243; override_padding=&#8220;yes&#8220; h_padding=&#8220;0&#8243; top_padding=&#8220;0&#8243; bottom_padding=&#8220;0&#8243; back_color=&#8220;color-wayh&#8220; overlay_alpha=&#8220;50&#8243; equal_height=&#8220;yes&#8220; gutter_size=&#8220;0&#8243; column_width_percent=&#8220;100&#8243; shift_y=&#8220;0&#8243; z_index=&#8220;0&#8243;][vc_column column_width_percent=&#8220;100&#8243; gutter_size=&#8220;3&#8243; back_image=&#8220;85233&#8243; overlay_alpha=&#8220;50&#8243; shift_x=&#8220;0&#8243; shift_y=&#8220;0&#8243; shift_y_down=&#8220;0&#8243; z_index=&#8220;0&#8243; medium_width=&#8220;0&#8243; mobile_width=&#8220;0&#8243; width=&#8220;1\/2&#8243; mobile_height=&#8220;340&#8243; uncode_shortcode_id=&#8220;245916&#8243;][\/vc_column][vc_column column_width_use_pixel=&#8220;yes&#8220; gutter_size=&#8220;3&#8243; override_padding=&#8220;yes&#8220; column_padding=&#8220;5&#8243; style=&#8220;dark&#8220; overlay_alpha=&#8220;50&#8243; shift_x=&#8220;0&#8243; shift_y=&#8220;0&#8243; shift_y_down=&#8220;0&#8243; z_index=&#8220;0&#8243; medium_width=&#8220;0&#8243; mobile_width=&#8220;0&#8243; width=&#8220;1\/2&#8243; column_width_pixel=&#8220;528&#8243;][vc_custom_heading text_color=&#8220;accent&#8220; heading_semantic=&#8220;h6&#8243; text_size=&#8220;fontsize-160000&#8243; text_transform=&#8220;uppercase&#8220; text_space=&#8220;fontspace-135905&#8243;]Haselrodeo[\/vc_custom_heading][vc_column_text]<\/p>\n<h1><span class=\"font-156269\">Ber\u00fchmte letzte Worte<\/span><\/h1>\n<p>[\/vc_column_text][vc_column_text text_lead=&#8220;yes&#8220;]<\/p>\n<p class=\"p1\">Der Hof Haselroth ist seit je her ein Ausflugsziel f\u00fcr alle Biker! Im Shop bekommt ihr Klamotten f\u00fcr jeden Biker.<br \/>\nDonnerstags gibt es w\u00e4hrend der Saison den Bikertreff. Kommt einfach mal vorbei und g\u00f6nnt euch ein Getr\u00e4nk oder einen leckeren Snack vom Grill.<\/p>\n<p>[\/vc_column_text][vc_empty_space empty_h=&#8220;1&#8243;][vc_button hover_fx=&#8220;outlined&#8220; outline=&#8220;yes&#8220; border_width=&#8220;0&#8243; link=&#8220;url:https%3A%2F%2Fmotorradbekleidung-haselroth.de%2F|title:BLOG|target:_blank&#8220;]Motorradbekleidung Haselroth[\/vc_button][\/vc_column][\/vc_row]<\/p>\n<\/div>","protected":false},"excerpt":{"rendered":"<p>[vc_row][vc_column width=&#8220;1\/1&#8243;][vc_column_text uncode_shortcode_id=&#8220;125574&#8243;] Fotos von J\u00f6rg M. Krause, Philipp Bischoff, Emil Pourkian, Martin Hass und Martin Oelze | Video von [&hellip;]<\/p>\n","protected":false},"author":26194,"featured_media":85237,"comment_status":"open","ping_status":"closed","sticky":false,"template":"","format":"standard","meta":{"footnotes":""},"categories":[1,1305],"tags":[],"class_list":["post-85209","post","type-post","status-publish","format-standard","has-post-thumbnail","hentry","category-allgemein","category-highlights"],"yoast_head":"<!-- This site is optimized with the Yoast SEO plugin v27.5 - https:\/\/yoast.com\/product\/yoast-seo-wordpress\/ -->\n<title>Haselrodeo 2022 - Motorrad Rallye in Ibbenb\u00fcren - SWT-SPORTS Blog<\/title>\n<meta name=\"robots\" content=\"index, follow, max-snippet:-1, max-image-preview:large, max-video-preview:-1\" \/>\n<link rel=\"canonical\" href=\"https:\/\/blog.swt-sports.de\/index.php\/haselrodeo-2022-motorrad-rallye-in-ibbenbueren\/\" \/>\n<meta property=\"og:locale\" content=\"de_DE\" \/>\n<meta property=\"og:type\" content=\"article\" \/>\n<meta property=\"og:title\" content=\"Haselrodeo 2022 - Motorrad Rallye in Ibbenb\u00fcren - SWT-SPORTS Blog\" \/>\n<meta property=\"og:description\" content=\"[vc_row][vc_column width=&#8220;1\/1&#8243;][vc_column_text uncode_shortcode_id=&#8220;125574&#8243;] Fotos von J\u00f6rg M. Krause, Philipp Bischoff, Emil Pourkian, Martin Hass und Martin Oelze | Video von [&hellip;]\" \/>\n<meta property=\"og:url\" content=\"https:\/\/blog.swt-sports.de\/index.php\/haselrodeo-2022-motorrad-rallye-in-ibbenbueren\/\" \/>\n<meta property=\"og:site_name\" content=\"SWT-SPORTS Blog\" \/>\n<meta property=\"article:publisher\" content=\"https:\/\/www.facebook.com\/\" \/>\n<meta property=\"article:published_time\" content=\"2022-09-18T17:37:58+00:00\" \/>\n<meta property=\"article:modified_time\" content=\"2022-09-18T19:05:26+00:00\" \/>\n<meta property=\"og:image\" content=\"https:\/\/blog.swt-sports.de\/wp-content\/uploads\/2022\/09\/haselrodeo_foto-by_martin-hass_instagram-martin__hass_339.jpg\" \/>\n\t<meta property=\"og:image:width\" content=\"1200\" \/>\n\t<meta property=\"og:image:height\" content=\"800\" \/>\n\t<meta property=\"og:image:type\" content=\"image\/jpeg\" \/>\n<meta name=\"author\" content=\"Lutz Lindemann\" \/>\n<meta name=\"twitter:card\" content=\"summary_large_image\" \/>\n<meta name=\"twitter:creator\" content=\"@swtsports\" \/>\n<meta name=\"twitter:site\" content=\"@swtsports\" \/>\n<meta name=\"twitter:label1\" content=\"Verfasst von\" \/>\n\t<meta name=\"twitter:data1\" content=\"Lutz Lindemann\" \/>\n\t<meta name=\"twitter:label2\" content=\"Gesch\u00e4tzte Lesezeit\" \/>\n\t<meta name=\"twitter:data2\" content=\"7\u00a0Minuten\" \/>\n<script type=\"application\/ld+json\" class=\"yoast-schema-graph\">{\"@context\":\"https:\\\/\\\/schema.org\",\"@graph\":[{\"@type\":\"Article\",\"@id\":\"https:\\\/\\\/blog.swt-sports.de\\\/index.php\\\/haselrodeo-2022-motorrad-rallye-in-ibbenbueren\\\/#article\",\"isPartOf\":{\"@id\":\"https:\\\/\\\/blog.swt-sports.de\\\/index.php\\\/haselrodeo-2022-motorrad-rallye-in-ibbenbueren\\\/\"},\"author\":{\"name\":\"Lutz Lindemann\",\"@id\":\"https:\\\/\\\/blog.swt-sports.de\\\/#\\\/schema\\\/person\\\/b1fb20850ef709b5efbd2510a27b50ec\"},\"headline\":\"Haselrodeo 2022 &#8211; Motorrad Rallye in Ibbenb\u00fcren\",\"datePublished\":\"2022-09-18T17:37:58+00:00\",\"dateModified\":\"2022-09-18T19:05:26+00:00\",\"mainEntityOfPage\":{\"@id\":\"https:\\\/\\\/blog.swt-sports.de\\\/index.php\\\/haselrodeo-2022-motorrad-rallye-in-ibbenbueren\\\/\"},\"wordCount\":2111,\"commentCount\":0,\"publisher\":{\"@id\":\"https:\\\/\\\/blog.swt-sports.de\\\/#organization\"},\"image\":{\"@id\":\"https:\\\/\\\/blog.swt-sports.de\\\/index.php\\\/haselrodeo-2022-motorrad-rallye-in-ibbenbueren\\\/#primaryimage\"},\"thumbnailUrl\":\"https:\\\/\\\/blog.swt-sports.de\\\/wp-content\\\/uploads\\\/2022\\\/09\\\/haselrodeo_foto-by_martin-hass_instagram-martin__hass_339.jpg\",\"articleSection\":{\"1\":\"Highlights\"},\"inLanguage\":\"de\",\"potentialAction\":[{\"@type\":\"CommentAction\",\"name\":\"Comment\",\"target\":[\"https:\\\/\\\/blog.swt-sports.de\\\/index.php\\\/haselrodeo-2022-motorrad-rallye-in-ibbenbueren\\\/#respond\"]}]},{\"@type\":\"WebPage\",\"@id\":\"https:\\\/\\\/blog.swt-sports.de\\\/index.php\\\/haselrodeo-2022-motorrad-rallye-in-ibbenbueren\\\/\",\"url\":\"https:\\\/\\\/blog.swt-sports.de\\\/index.php\\\/haselrodeo-2022-motorrad-rallye-in-ibbenbueren\\\/\",\"name\":\"Haselrodeo 2022 - Motorrad Rallye in Ibbenb\u00fcren - SWT-SPORTS Blog\",\"isPartOf\":{\"@id\":\"https:\\\/\\\/blog.swt-sports.de\\\/#website\"},\"primaryImageOfPage\":{\"@id\":\"https:\\\/\\\/blog.swt-sports.de\\\/index.php\\\/haselrodeo-2022-motorrad-rallye-in-ibbenbueren\\\/#primaryimage\"},\"image\":{\"@id\":\"https:\\\/\\\/blog.swt-sports.de\\\/index.php\\\/haselrodeo-2022-motorrad-rallye-in-ibbenbueren\\\/#primaryimage\"},\"thumbnailUrl\":\"https:\\\/\\\/blog.swt-sports.de\\\/wp-content\\\/uploads\\\/2022\\\/09\\\/haselrodeo_foto-by_martin-hass_instagram-martin__hass_339.jpg\",\"datePublished\":\"2022-09-18T17:37:58+00:00\",\"dateModified\":\"2022-09-18T19:05:26+00:00\",\"breadcrumb\":{\"@id\":\"https:\\\/\\\/blog.swt-sports.de\\\/index.php\\\/haselrodeo-2022-motorrad-rallye-in-ibbenbueren\\\/#breadcrumb\"},\"inLanguage\":\"de\",\"potentialAction\":[{\"@type\":\"ReadAction\",\"target\":[\"https:\\\/\\\/blog.swt-sports.de\\\/index.php\\\/haselrodeo-2022-motorrad-rallye-in-ibbenbueren\\\/\"]}]},{\"@type\":\"ImageObject\",\"inLanguage\":\"de\",\"@id\":\"https:\\\/\\\/blog.swt-sports.de\\\/index.php\\\/haselrodeo-2022-motorrad-rallye-in-ibbenbueren\\\/#primaryimage\",\"url\":\"https:\\\/\\\/blog.swt-sports.de\\\/wp-content\\\/uploads\\\/2022\\\/09\\\/haselrodeo_foto-by_martin-hass_instagram-martin__hass_339.jpg\",\"contentUrl\":\"https:\\\/\\\/blog.swt-sports.de\\\/wp-content\\\/uploads\\\/2022\\\/09\\\/haselrodeo_foto-by_martin-hass_instagram-martin__hass_339.jpg\",\"width\":1200,\"height\":800},{\"@type\":\"BreadcrumbList\",\"@id\":\"https:\\\/\\\/blog.swt-sports.de\\\/index.php\\\/haselrodeo-2022-motorrad-rallye-in-ibbenbueren\\\/#breadcrumb\",\"itemListElement\":[{\"@type\":\"ListItem\",\"position\":1,\"name\":\"Startseite\",\"item\":\"https:\\\/\\\/blog.swt-sports.de\\\/\"},{\"@type\":\"ListItem\",\"position\":2,\"name\":\"Haselrodeo 2022 &#8211; Motorrad Rallye in Ibbenb\u00fcren\"}]},{\"@type\":\"WebSite\",\"@id\":\"https:\\\/\\\/blog.swt-sports.de\\\/#website\",\"url\":\"https:\\\/\\\/blog.swt-sports.de\\\/\",\"name\":\"SWT-SPORTS Blog\",\"description\":\"BMW Motorrad | 2-Ventiler | R80 \\\/ R100GS G\\\/S | Paris Dakar | BMW-Boxer\",\"publisher\":{\"@id\":\"https:\\\/\\\/blog.swt-sports.de\\\/#organization\"},\"potentialAction\":[{\"@type\":\"SearchAction\",\"target\":{\"@type\":\"EntryPoint\",\"urlTemplate\":\"https:\\\/\\\/blog.swt-sports.de\\\/?s={search_term_string}\"},\"query-input\":{\"@type\":\"PropertyValueSpecification\",\"valueRequired\":true,\"valueName\":\"search_term_string\"}}],\"inLanguage\":\"de\"},{\"@type\":\"Organization\",\"@id\":\"https:\\\/\\\/blog.swt-sports.de\\\/#organization\",\"name\":\"SWT Sports\",\"url\":\"https:\\\/\\\/blog.swt-sports.de\\\/\",\"logo\":{\"@type\":\"ImageObject\",\"inLanguage\":\"de\",\"@id\":\"https:\\\/\\\/blog.swt-sports.de\\\/#\\\/schema\\\/logo\\\/image\\\/\",\"url\":\"https:\\\/\\\/blog.swt-sports.de\\\/wp-content\\\/uploads\\\/2020\\\/08\\\/swt_sports_logo.svg\",\"contentUrl\":\"https:\\\/\\\/blog.swt-sports.de\\\/wp-content\\\/uploads\\\/2020\\\/08\\\/swt_sports_logo.svg\",\"width\":306,\"height\":247,\"caption\":\"SWT Sports\"},\"image\":{\"@id\":\"https:\\\/\\\/blog.swt-sports.de\\\/#\\\/schema\\\/logo\\\/image\\\/\"},\"sameAs\":[\"https:\\\/\\\/www.facebook.com\\\/\",\"https:\\\/\\\/x.com\\\/swtsports\",\"https:\\\/\\\/www.instagram.com\\\/swt_sports\\\/\",\"https:\\\/\\\/www.youtube.com\\\/user\\\/SWTsports\"]},{\"@type\":\"Person\",\"@id\":\"https:\\\/\\\/blog.swt-sports.de\\\/#\\\/schema\\\/person\\\/b1fb20850ef709b5efbd2510a27b50ec\",\"name\":\"Lutz Lindemann\",\"image\":{\"@type\":\"ImageObject\",\"inLanguage\":\"de\",\"@id\":\"https:\\\/\\\/secure.gravatar.com\\\/avatar\\\/734a9bedc494f6dc8377999f4d8a7d95539d24428aae22d6a7a829f916324968?s=96&r=g\",\"url\":\"https:\\\/\\\/secure.gravatar.com\\\/avatar\\\/734a9bedc494f6dc8377999f4d8a7d95539d24428aae22d6a7a829f916324968?s=96&r=g\",\"contentUrl\":\"https:\\\/\\\/secure.gravatar.com\\\/avatar\\\/734a9bedc494f6dc8377999f4d8a7d95539d24428aae22d6a7a829f916324968?s=96&r=g\",\"caption\":\"Lutz Lindemann\"},\"sameAs\":[\"http:\\\/\\\/lutzlindemann.com\"]}]}<\/script>\n<!-- \/ Yoast SEO plugin. -->","yoast_head_json":{"title":"Haselrodeo 2022 - Motorrad Rallye in Ibbenb\u00fcren - SWT-SPORTS Blog","robots":{"index":"index","follow":"follow","max-snippet":"max-snippet:-1","max-image-preview":"max-image-preview:large","max-video-preview":"max-video-preview:-1"},"canonical":"https:\/\/blog.swt-sports.de\/index.php\/haselrodeo-2022-motorrad-rallye-in-ibbenbueren\/","og_locale":"de_DE","og_type":"article","og_title":"Haselrodeo 2022 - Motorrad Rallye in Ibbenb\u00fcren - SWT-SPORTS Blog","og_description":"[vc_row][vc_column width=&#8220;1\/1&#8243;][vc_column_text uncode_shortcode_id=&#8220;125574&#8243;] Fotos von J\u00f6rg M. Krause, Philipp Bischoff, Emil Pourkian, Martin Hass und Martin Oelze | Video von [&hellip;]","og_url":"https:\/\/blog.swt-sports.de\/index.php\/haselrodeo-2022-motorrad-rallye-in-ibbenbueren\/","og_site_name":"SWT-SPORTS Blog","article_publisher":"https:\/\/www.facebook.com\/","article_published_time":"2022-09-18T17:37:58+00:00","article_modified_time":"2022-09-18T19:05:26+00:00","og_image":[{"width":1200,"height":800,"url":"https:\/\/blog.swt-sports.de\/wp-content\/uploads\/2022\/09\/haselrodeo_foto-by_martin-hass_instagram-martin__hass_339.jpg","type":"image\/jpeg"}],"author":"Lutz Lindemann","twitter_card":"summary_large_image","twitter_creator":"@swtsports","twitter_site":"@swtsports","twitter_misc":{"Verfasst von":"Lutz Lindemann","Gesch\u00e4tzte Lesezeit":"7\u00a0Minuten"},"schema":{"@context":"https:\/\/schema.org","@graph":[{"@type":"Article","@id":"https:\/\/blog.swt-sports.de\/index.php\/haselrodeo-2022-motorrad-rallye-in-ibbenbueren\/#article","isPartOf":{"@id":"https:\/\/blog.swt-sports.de\/index.php\/haselrodeo-2022-motorrad-rallye-in-ibbenbueren\/"},"author":{"name":"Lutz Lindemann","@id":"https:\/\/blog.swt-sports.de\/#\/schema\/person\/b1fb20850ef709b5efbd2510a27b50ec"},"headline":"Haselrodeo 2022 &#8211; Motorrad Rallye in Ibbenb\u00fcren","datePublished":"2022-09-18T17:37:58+00:00","dateModified":"2022-09-18T19:05:26+00:00","mainEntityOfPage":{"@id":"https:\/\/blog.swt-sports.de\/index.php\/haselrodeo-2022-motorrad-rallye-in-ibbenbueren\/"},"wordCount":2111,"commentCount":0,"publisher":{"@id":"https:\/\/blog.swt-sports.de\/#organization"},"image":{"@id":"https:\/\/blog.swt-sports.de\/index.php\/haselrodeo-2022-motorrad-rallye-in-ibbenbueren\/#primaryimage"},"thumbnailUrl":"https:\/\/blog.swt-sports.de\/wp-content\/uploads\/2022\/09\/haselrodeo_foto-by_martin-hass_instagram-martin__hass_339.jpg","articleSection":{"1":"Highlights"},"inLanguage":"de","potentialAction":[{"@type":"CommentAction","name":"Comment","target":["https:\/\/blog.swt-sports.de\/index.php\/haselrodeo-2022-motorrad-rallye-in-ibbenbueren\/#respond"]}]},{"@type":"WebPage","@id":"https:\/\/blog.swt-sports.de\/index.php\/haselrodeo-2022-motorrad-rallye-in-ibbenbueren\/","url":"https:\/\/blog.swt-sports.de\/index.php\/haselrodeo-2022-motorrad-rallye-in-ibbenbueren\/","name":"Haselrodeo 2022 - Motorrad Rallye in Ibbenb\u00fcren - SWT-SPORTS Blog","isPartOf":{"@id":"https:\/\/blog.swt-sports.de\/#website"},"primaryImageOfPage":{"@id":"https:\/\/blog.swt-sports.de\/index.php\/haselrodeo-2022-motorrad-rallye-in-ibbenbueren\/#primaryimage"},"image":{"@id":"https:\/\/blog.swt-sports.de\/index.php\/haselrodeo-2022-motorrad-rallye-in-ibbenbueren\/#primaryimage"},"thumbnailUrl":"https:\/\/blog.swt-sports.de\/wp-content\/uploads\/2022\/09\/haselrodeo_foto-by_martin-hass_instagram-martin__hass_339.jpg","datePublished":"2022-09-18T17:37:58+00:00","dateModified":"2022-09-18T19:05:26+00:00","breadcrumb":{"@id":"https:\/\/blog.swt-sports.de\/index.php\/haselrodeo-2022-motorrad-rallye-in-ibbenbueren\/#breadcrumb"},"inLanguage":"de","potentialAction":[{"@type":"ReadAction","target":["https:\/\/blog.swt-sports.de\/index.php\/haselrodeo-2022-motorrad-rallye-in-ibbenbueren\/"]}]},{"@type":"ImageObject","inLanguage":"de","@id":"https:\/\/blog.swt-sports.de\/index.php\/haselrodeo-2022-motorrad-rallye-in-ibbenbueren\/#primaryimage","url":"https:\/\/blog.swt-sports.de\/wp-content\/uploads\/2022\/09\/haselrodeo_foto-by_martin-hass_instagram-martin__hass_339.jpg","contentUrl":"https:\/\/blog.swt-sports.de\/wp-content\/uploads\/2022\/09\/haselrodeo_foto-by_martin-hass_instagram-martin__hass_339.jpg","width":1200,"height":800},{"@type":"BreadcrumbList","@id":"https:\/\/blog.swt-sports.de\/index.php\/haselrodeo-2022-motorrad-rallye-in-ibbenbueren\/#breadcrumb","itemListElement":[{"@type":"ListItem","position":1,"name":"Startseite","item":"https:\/\/blog.swt-sports.de\/"},{"@type":"ListItem","position":2,"name":"Haselrodeo 2022 &#8211; Motorrad Rallye in Ibbenb\u00fcren"}]},{"@type":"WebSite","@id":"https:\/\/blog.swt-sports.de\/#website","url":"https:\/\/blog.swt-sports.de\/","name":"SWT-SPORTS Blog","description":"BMW Motorrad | 2-Ventiler | R80 \/ R100GS G\/S | Paris Dakar | BMW-Boxer","publisher":{"@id":"https:\/\/blog.swt-sports.de\/#organization"},"potentialAction":[{"@type":"SearchAction","target":{"@type":"EntryPoint","urlTemplate":"https:\/\/blog.swt-sports.de\/?s={search_term_string}"},"query-input":{"@type":"PropertyValueSpecification","valueRequired":true,"valueName":"search_term_string"}}],"inLanguage":"de"},{"@type":"Organization","@id":"https:\/\/blog.swt-sports.de\/#organization","name":"SWT Sports","url":"https:\/\/blog.swt-sports.de\/","logo":{"@type":"ImageObject","inLanguage":"de","@id":"https:\/\/blog.swt-sports.de\/#\/schema\/logo\/image\/","url":"https:\/\/blog.swt-sports.de\/wp-content\/uploads\/2020\/08\/swt_sports_logo.svg","contentUrl":"https:\/\/blog.swt-sports.de\/wp-content\/uploads\/2020\/08\/swt_sports_logo.svg","width":306,"height":247,"caption":"SWT Sports"},"image":{"@id":"https:\/\/blog.swt-sports.de\/#\/schema\/logo\/image\/"},"sameAs":["https:\/\/www.facebook.com\/","https:\/\/x.com\/swtsports","https:\/\/www.instagram.com\/swt_sports\/","https:\/\/www.youtube.com\/user\/SWTsports"]},{"@type":"Person","@id":"https:\/\/blog.swt-sports.de\/#\/schema\/person\/b1fb20850ef709b5efbd2510a27b50ec","name":"Lutz Lindemann","image":{"@type":"ImageObject","inLanguage":"de","@id":"https:\/\/secure.gravatar.com\/avatar\/734a9bedc494f6dc8377999f4d8a7d95539d24428aae22d6a7a829f916324968?s=96&r=g","url":"https:\/\/secure.gravatar.com\/avatar\/734a9bedc494f6dc8377999f4d8a7d95539d24428aae22d6a7a829f916324968?s=96&r=g","contentUrl":"https:\/\/secure.gravatar.com\/avatar\/734a9bedc494f6dc8377999f4d8a7d95539d24428aae22d6a7a829f916324968?s=96&r=g","caption":"Lutz Lindemann"},"sameAs":["http:\/\/lutzlindemann.com"]}]}},"_links":{"self":[{"href":"https:\/\/blog.swt-sports.de\/index.php\/wp-json\/wp\/v2\/posts\/85209","targetHints":{"allow":["GET"]}}],"collection":[{"href":"https:\/\/blog.swt-sports.de\/index.php\/wp-json\/wp\/v2\/posts"}],"about":[{"href":"https:\/\/blog.swt-sports.de\/index.php\/wp-json\/wp\/v2\/types\/post"}],"author":[{"embeddable":true,"href":"https:\/\/blog.swt-sports.de\/index.php\/wp-json\/wp\/v2\/users\/26194"}],"replies":[{"embeddable":true,"href":"https:\/\/blog.swt-sports.de\/index.php\/wp-json\/wp\/v2\/comments?post=85209"}],"version-history":[{"count":30,"href":"https:\/\/blog.swt-sports.de\/index.php\/wp-json\/wp\/v2\/posts\/85209\/revisions"}],"predecessor-version":[{"id":85264,"href":"https:\/\/blog.swt-sports.de\/index.php\/wp-json\/wp\/v2\/posts\/85209\/revisions\/85264"}],"wp:featuredmedia":[{"embeddable":true,"href":"https:\/\/blog.swt-sports.de\/index.php\/wp-json\/wp\/v2\/media\/85237"}],"wp:attachment":[{"href":"https:\/\/blog.swt-sports.de\/index.php\/wp-json\/wp\/v2\/media?parent=85209"}],"wp:term":[{"taxonomy":"category","embeddable":true,"href":"https:\/\/blog.swt-sports.de\/index.php\/wp-json\/wp\/v2\/categories?post=85209"},{"taxonomy":"post_tag","embeddable":true,"href":"https:\/\/blog.swt-sports.de\/index.php\/wp-json\/wp\/v2\/tags?post=85209"}],"curies":[{"name":"wp","href":"https:\/\/api.w.org\/{rel}","templated":true}]}}