{"id":83774,"date":"2021-01-19T18:50:24","date_gmt":"2021-01-19T17:50:24","guid":{"rendered":"https:\/\/blog.swt-sports.de\/?p=83774"},"modified":"2021-01-25T18:22:53","modified_gmt":"2021-01-25T17:22:53","slug":"interview-mit-dakar-legende-eddy-hau","status":"publish","type":"post","link":"https:\/\/blog.swt-sports.de\/index.php\/interview-mit-dakar-legende-eddy-hau\/","title":{"rendered":"Interview mit DAKAR Legende Eddy Hau!"},"content":{"rendered":"<div class=\"wpb-content-wrapper\"><p>[vc_row][vc_column width=&#8220;1\/2&#8243;][vc_column_text]Der ehemalige Enduro-und Rallyefahrer stammt aus Niederwerrn bei Schweinfurt. Eigentlich trennten uns lokal nur einige Kilometer, doch er ist fast so alt wie meine Eltern. Deshalb sind wir uns im richtigen Leben nicht begegnet. Eddy wohnt seit Jahrzehnten bei M\u00fcnchen und ich komme aus meiner Werkstatt in \u00dcchtelhausen fast nicht mehr raus. Deshalb habe ich dieses Interview am Telefon gef\u00fchrt. Der neunfache Gro\u00dfvater erz\u00e4hlt von seiner Zeit bei der Dakar, wobei man hier sagen muss, dass diese nur einen klitzekleinen Teil seines Motorsportlebens beinhaltet.[\/vc_column_text][vc_column_text]<\/p>\n<p class=\"p1\">1984 kam der junge Niederwerrner, der schon einiges an Enduro-, aber nicht Rallyeerfahrung hatte, zum BMW Motorsport Team.<\/p>\n<p class=\"p1\">Daraufhin folgten einige herausragende Leistungen wie der zweite Platz in Spanien bei der Baja Montes Blancos.<\/p>\n<p class=\"p1\">Auch bei der Pharao Rallye in \u00c4gypten wurde der sportliche Rallyefahrer Zweiter und kurz darauf gelang ihm ein Klassensieg bei der Baja Mexico.<\/p>\n<p class=\"p1\">Ein Jahr sp\u00e4ter, also 1985, errang er den Klassensieg auf der Baja 1000, die ebenfalls in Mexico stattfand.<\/p>\n<p class=\"p1\">1985 wurde der BMW Pilot Klassensieger bei der Baja 1000 in Mexiko und auch noch Zweiter im Gesamtklassement.<\/p>\n<p>[\/vc_column_text][vc_column_text]<\/p>\n<p class=\"p1\">Der Erste PARIS \u2013 DAKAR Start 1984 war leider nicht von Gl\u00fcck behaftet. Eddy st\u00fcrzte schwer und musste leider ausscheiden. Nachdem er einen technischen Schaden am Werksmotorrad hatte wollte er die fehlende Zeit wieder aufholen. Doch leider brach er sich bei einem Sturz das rechte Handgelenk.<\/p>\n<p>[\/vc_column_text][\/vc_column][vc_column width=&#8220;1\/2&#8243;][vc_single_image media=&#8220;83778&#8243; media_width_percent=&#8220;100&#8243;][\/vc_column][\/vc_row][vc_row unlock_row_content=&#8220;yes&#8220; row_height_percent=&#8220;0&#8243; overlay_alpha=&#8220;50&#8243; gutter_size=&#8220;3&#8243; column_width_percent=&#8220;100&#8243; shift_y=&#8220;0&#8243; z_index=&#8220;0&#8243;][vc_column width=&#8220;1\/1&#8243;][vc_separator sep_color=&#8220;color-gyho&#8220; type=&#8220;dotted&#8220;][\/vc_column][\/vc_row][vc_row][vc_column width=&#8220;1\/1&#8243;][vc_custom_heading]<\/p>\n<h1>BMW Motorrad R 100 G\/S im Look der Siegermaschine PARIS \u2013 DAKAR von 1985<\/h1>\n<p>[\/vc_custom_heading][\/vc_column][\/vc_row][vc_row][vc_column width=&#8220;1\/1&#8243;][vc_gallery el_id=&#8220;gallery-157444&#8243; type=&#8220;justified&#8220; medias=&#8220;2289,2290,2293&#8243; justify_row_height=&#8220;250&#8243; gutter_size=&#8220;3&#8243; single_overlay_opacity=&#8220;50&#8243; single_padding=&#8220;2&#8243;][vc_button border_width=&#8220;0&#8243; link=&#8220;url:https%3A%2F%2Fblog.swt-sports.de%2Findex.php%2Fbmw-motorrad-r-100-g-s-im-look-der-siegermaschine-paris-dakar-von-1985%2F&#8220;]ALLE INFOS ZU DIESEM SWT-UMBAU[\/vc_button][\/vc_column][\/vc_row][vc_row unlock_row_content=&#8220;yes&#8220; row_height_percent=&#8220;0&#8243; overlay_alpha=&#8220;50&#8243; gutter_size=&#8220;3&#8243; column_width_percent=&#8220;100&#8243; shift_y=&#8220;0&#8243; z_index=&#8220;0&#8243;][vc_column width=&#8220;1\/1&#8243;][vc_separator sep_color=&#8220;color-gyho&#8220; type=&#8220;dotted&#8220;][\/vc_column][\/vc_row][vc_row][vc_column width=&#8220;1\/1&#8243;][vc_column_text]<\/p>\n<p class=\"p1\">Sein erfolgreichstes Jahr hatte Eddy 1986, er beendete die Paris-Dakar mit dem achten Platz in der Gesamtwertung und im Jahr 1988 gewann er die Marathonwertung. Er war zu der Zeit auf eigenem Budget bei der Paris \u2013 Dakar an den Start gegangen.<\/p>\n<p class=\"p1\">Damals wie heute sind diese Piloten f\u00fcr uns Helden. Bei dem Telefonat erz\u00e4hlte Eddy aus seinem Leben als Rallyefahrer, das nicht nur gef\u00e4hrlich sondern auch sehr unsicher war. Der junge Sportler nahm damals um die 100.000 Mark auf, um sich einen Start mit seinem kleinen Team Josef Mairinger und Richard Schalber zu leisten. Das Fahren war damals gar nicht so im Vordergrund, sondern die Navigation, die damals noch mit Kompass erfolgte. Das Roadbook war manuell und musste immer per Hand nachgedreht werden. Es war eine Materialschlacht, so war es auch wichtig, wie viele Ersatzteil man dabei hatte, oder wie gut man mit seinem bestehenden Material umging. Den Rennfahrerkollegen Gaston Raiher<span class=\"Apple-converted-space\">\u00a0 <\/span>(+ 8.Feb.2005) beschrieb er im Gespr\u00e4ch als Materialfahrer, der mit seinem Motorcross-Stil zwar supererfolgreich war, doch jeden Abend das Motorsport-Schrauberteam besch\u00e4ftigte.<\/p>\n<p>[\/vc_column_text][\/vc_column][\/vc_row][vc_row][vc_column width=&#8220;2\/3&#8243;][vc_column_text]<\/p>\n<p class=\"p1\">Mental und K\u00f6rperlich ist die Dakar ein Rennen, das man nicht beschreiben kann. Man kann \u00fcber diesen langen Zeitraum gar nicht immer konzentriert und fit sein. Jeder hat mal einen guten und einen schlechten Tag. Doch bei der Dakar ist f\u00fcr solche schlechten Tage kein Platz. Eddy beschreibt mir die Aktion, als er in der Nacht ein Hinterrad ausspeichen musste, um die Felge schnell in seiner von der Motorsportkommission markierten Radnabe einzuspeichen. Und das ging dann erst in der Nacht und am fr\u00fchsten Morgen sollte man dann fit und einsatzbereit am Start stehen. Ein normaler Mensch kann sich nicht vorstellen welche Belastung<span class=\"Apple-converted-space\">\u00a0 <\/span>hier auf Mensch und Maschine kommt und wie das Gef\u00fchl ist, wenn<span class=\"Apple-converted-space\">\u00a0 <\/span>man immer H\u00f6chstleistung bringen muss.<\/p>\n<p class=\"p1\">Leider ist diese Situation f\u00fcr den BMW Motorsport v\u00f6llige Geschichte. Unsere Traumbikes bauen zwar immer noch auf den Erfahrungen und Erfolgen solcher Helden wie <strong><a href=\"https:\/\/www.eddy-hau.de\/bmw.html\" target=\"_blank\" rel=\"noopener noreferrer\">Eddy Hau<\/a><\/strong>, <strong><a href=\"https:\/\/motorrad-schek.de\/\" target=\"_blank\" rel=\"noopener noreferrer\">Heribert Scheck<\/a><\/strong>, <strong><a href=\"https:\/\/www.allgotec.de\/der-gr%C3%BCnder\/\" target=\"_blank\" rel=\"noopener noreferrer\">Richard Schalber<\/a><\/strong><span class=\"Apple-converted-space\">\u00a0<\/span>\u2026..<span class=\"Apple-converted-space\">\u00a0 <\/span>auf,<span class=\"Apple-converted-space\">\u00a0 <\/span>doch BMW Motorrad hat sich hier verabschiedet.<\/p>\n<p class=\"p1\">Vielen DANK f\u00fcr Deine ZEIT,<\/p>\n<p class=\"p1\">Gru\u00df Manu<\/p>\n<p>[\/vc_column_text][\/vc_column][vc_column column_width_percent=&#8220;100&#8243; gutter_size=&#8220;3&#8243; back_color=&#8220;color-lxmt&#8220; overlay_alpha=&#8220;50&#8243; shift_x=&#8220;0&#8243; shift_y=&#8220;0&#8243; shift_y_down=&#8220;0&#8243; z_index=&#8220;0&#8243; medium_width=&#8220;0&#8243; mobile_width=&#8220;0&#8243; width=&#8220;1\/3&#8243;][vc_column_text]Weiter lesen: Besuch bei Heribert Schek, einer weiteren DAKAR-Legende![\/vc_column_text][vc_gallery el_id=&#8220;gallery-129565&#8243; type=&#8220;carousel&#8220; medias=&#8220;937,936,932&#8243; carousel_lg=&#8220;1&#8243; carousel_md=&#8220;1&#8243; carousel_sm=&#8220;1&#8243; gutter_size=&#8220;3&#8243; carousel_interval=&#8220;3000&#8243; carousel_navspeed=&#8220;400&#8243; stage_padding=&#8220;0&#8243; single_overlay_opacity=&#8220;50&#8243; single_padding=&#8220;2&#8243;][vc_button border_width=&#8220;0&#8243; link=&#8220;url:https%3A%2F%2Fblog.swt-sports.de%2Findex.php%2Fswt-sports-zu-gast-bei-einer-legende-dem-gelaendesportler-herbert-schek-in-wangen%2F&#8220;]SWT BESUCH BEI HERIBERT SCHEK[\/vc_button][\/vc_column][\/vc_row][vc_row row_height_percent=&#8220;0&#8243; back_color=&#8220;color-lxmt&#8220; overlay_alpha=&#8220;50&#8243; gutter_size=&#8220;3&#8243; column_width_percent=&#8220;100&#8243; shift_y=&#8220;0&#8243; z_index=&#8220;0&#8243; shape_dividers=&#8220;&#8220;][vc_column width=&#8220;1\/1&#8243;][vc_custom_heading]<\/p>\n<h1>SWT Produkte f\u00fcr dein Dakar Bike!<\/h1>\n<p>[\/vc_custom_heading][\/vc_column][\/vc_row][vc_row row_height_percent=&#8220;0&#8243; back_color=&#8220;color-lxmt&#8220; overlay_alpha=&#8220;50&#8243; gutter_size=&#8220;3&#8243; column_width_percent=&#8220;100&#8243; shift_y=&#8220;0&#8243; z_index=&#8220;0&#8243;][vc_column width=&#8220;1\/4&#8243;][vc_button border_width=&#8220;0&#8243; link=&#8220;url:https%3A%2F%2Fwww.swt-sports.de%2Fde%2Facerbis-kotfluegel-baja-hinten-weiss|target:_blank&#8220;]BAJA Kotfl\u00fcgel[\/vc_button][vc_gallery el_id=&#8220;gallery-133800&#8243; isotope_mode=&#8220;fitRows&#8220; medias=&#8220;83796&#8243; gutter_size=&#8220;3&#8243; media_items=&#8220;media|custom_link|original,icon&#8220; screen_lg=&#8220;1000&#8243; screen_md=&#8220;600&#8243; screen_sm=&#8220;480&#8243; single_width=&#8220;12&#8243; single_overlay_opacity=&#8220;50&#8243; single_padding=&#8220;2&#8243; items=&#8220;eyI4Mzc5Nl9pIjp7InNpbmdsZV9saW5rIjoidXJsOmh0dHBzJTNBJTJGJTJGd3d3LnN3dC1zcG9ydHMuZGUlMkZkZSUyRmFjZXJiaXMta290Zmx1ZWdlbC1iYWphLWhpbnRlbi13ZWlzc3x0YXJnZXQ6X2JsYW5rIn19&#8243;][\/vc_column][vc_column width=&#8220;1\/4&#8243;][vc_button border_width=&#8220;0&#8243; link=&#8220;url:https%3A%2F%2Fwww.swt-sports.de%2Fde%2Facerbis-vorderradkotfluegel-baja-weiss|target:_blank&#8220;]BAJA Front Fender[\/vc_button][vc_gallery el_id=&#8220;gallery-133800&#8243; isotope_mode=&#8220;fitRows&#8220; medias=&#8220;83795&#8243; gutter_size=&#8220;3&#8243; media_items=&#8220;media|custom_link|original,icon&#8220; screen_lg=&#8220;1000&#8243; screen_md=&#8220;600&#8243; screen_sm=&#8220;480&#8243; single_width=&#8220;12&#8243; single_overlay_opacity=&#8220;50&#8243; single_padding=&#8220;2&#8243; items=&#8220;eyI4Mzc5NV9pIjp7InNpbmdsZV9saW5rIjoidXJsOmh0dHBzJTNBJTJGJTJGd3d3LnN3dC1zcG9ydHMuZGUlMkZkZSUyRmFjZXJiaXMtdm9yZGVycmFka290Zmx1ZWdlbC1iYWphLXdlaXNzfHRhcmdldDpfYmxhbmsifX0=&#8220;][\/vc_column][vc_column width=&#8220;1\/4&#8243;][vc_button border_width=&#8220;0&#8243; link=&#8220;url:https%3A%2F%2Fwww.swt-sports.de%2Fde%2Flenker-bmw-r-80-100-gs-g-s-st-hoch-stahl-schwarz|target:_blank&#8220;]Lenker BMW Schwarz[\/vc_button][vc_gallery el_id=&#8220;gallery-133800&#8243; isotope_mode=&#8220;fitRows&#8220; medias=&#8220;83793&#8243; gutter_size=&#8220;3&#8243; media_items=&#8220;media|custom_link|original,icon&#8220; screen_lg=&#8220;1000&#8243; screen_md=&#8220;600&#8243; screen_sm=&#8220;480&#8243; single_width=&#8220;12&#8243; single_overlay_opacity=&#8220;50&#8243; single_padding=&#8220;2&#8243; items=&#8220;eyI4Mzc5M19pIjp7InNpbmdsZV9saW5rIjoidXJsOmh0dHBzJTNBJTJGJTJGd3d3LnN3dC1zcG9ydHMuZGUlMkZkZSUyRmxlbmtlci1ibXctci04MC0xMDAtZ3MtZy1zLXN0LWhvY2gtc3RhaGwtc2Nod2Fyenx0YXJnZXQ6X2JsYW5rIn19&#8243;][\/vc_column][vc_column width=&#8220;1\/4&#8243;][vc_button border_width=&#8220;0&#8243; link=&#8220;url:https%3A%2F%2Fwww.swt-sports.de%2Fde%2Flenker-bmw-r-80-100-gs-g-s-st-hoch-alu-22mm|target:_blank&#8220;]Lenker BMW hoch[\/vc_button][vc_gallery el_id=&#8220;gallery-133800&#8243; isotope_mode=&#8220;fitRows&#8220; medias=&#8220;83794&#8243; gutter_size=&#8220;3&#8243; media_items=&#8220;media|custom_link|original,icon&#8220; screen_lg=&#8220;1000&#8243; screen_md=&#8220;600&#8243; screen_sm=&#8220;480&#8243; single_width=&#8220;12&#8243; single_overlay_opacity=&#8220;50&#8243; single_padding=&#8220;2&#8243; items=&#8220;eyI4Mzc5NF9pIjp7InNpbmdsZV9saW5rIjoidXJsOmh0dHBzJTNBJTJGJTJGd3d3LnN3dC1zcG9ydHMuZGUlMkZkZSUyRmxlbmtlci1ibXctci04MC0xMDAtZ3MtZy1zLXN0LWhvY2gtYWx1LTIybW18dGFyZ2V0Ol9ibGFuayJ9fQ==&#8220;][\/vc_column][\/vc_row][vc_row row_height_percent=&#8220;0&#8243; back_color=&#8220;color-lxmt&#8220; overlay_alpha=&#8220;50&#8243; gutter_size=&#8220;3&#8243; column_width_percent=&#8220;100&#8243; shift_y=&#8220;0&#8243; z_index=&#8220;0&#8243;][vc_column width=&#8220;1\/4&#8243;][vc_button border_width=&#8220;0&#8243; link=&#8220;url:https%3A%2F%2Fwww.swt-sports.de%2Fde%2Fkupplungshebel-armatur-74-seilzug-kupplung|target:_blank&#8220;]Kupplungshebel Seilzug 74[\/vc_button][vc_gallery el_id=&#8220;gallery-133800&#8243; isotope_mode=&#8220;fitRows&#8220; medias=&#8220;83808&#8243; gutter_size=&#8220;3&#8243; media_items=&#8220;media|custom_link|original,icon&#8220; screen_lg=&#8220;1000&#8243; screen_md=&#8220;600&#8243; screen_sm=&#8220;480&#8243; single_width=&#8220;12&#8243; single_overlay_opacity=&#8220;50&#8243; single_padding=&#8220;2&#8243; items=&#8220;eyI4Mzc5Nl9pIjp7InNpbmdsZV9saW5rIjoidXJsOmh0dHBzJTNBJTJGJTJGd3d3LnN3dC1zcG9ydHMuZGUlMkZkZSUyRmFjZXJiaXMta290Zmx1ZWdlbC1iYWphLWhpbnRlbi13ZWlzc3x0YXJnZXQ6X2JsYW5rIn0sIjgzODA4X2kiOnsic2luZ2xlX2xpbmsiOiJ1cmw6aHR0cHMlM0ElMkYlMkZ3d3cuc3d0LXNwb3J0cy5kZSUyRmRlJTJGa3VwcGx1bmdzaGViZWwtYXJtYXR1ci03NC1zZWlsenVnLWt1cHBsdW5nfHRhcmdldDpfYmxhbmsifX0=&#8220;][\/vc_column][vc_column width=&#8220;1\/4&#8243;][vc_button border_width=&#8220;0&#8243; link=&#8220;url:https%3A%2F%2Fwww.swt-sports.de%2Fde%2Fbarkbusters%2Fbarkbusters-handschutz-vps-mx-kit-schwarz|target:_blank&#8220;]Barkbuster im SALE![\/vc_button][vc_gallery el_id=&#8220;gallery-133800&#8243; isotope_mode=&#8220;fitRows&#8220; medias=&#8220;83809&#8243; gutter_size=&#8220;3&#8243; media_items=&#8220;media|custom_link|original,icon&#8220; screen_lg=&#8220;1000&#8243; screen_md=&#8220;600&#8243; screen_sm=&#8220;480&#8243; single_width=&#8220;12&#8243; single_overlay_opacity=&#8220;50&#8243; single_padding=&#8220;2&#8243; items=&#8220;eyI4Mzc5NV9pIjp7InNpbmdsZV9saW5rIjoidXJsOmh0dHBzJTNBJTJGJTJGd3d3LnN3dC1zcG9ydHMuZGUlMkZkZSUyRmFjZXJiaXMtdm9yZGVycmFka290Zmx1ZWdlbC1iYWphLXdlaXNzfHRhcmdldDpfYmxhbmsifSwiODM4MDlfaSI6eyJzaW5nbGVfbGluayI6InVybDpodHRwcyUzQSUyRiUyRnd3dy5zd3Qtc3BvcnRzLmRlJTJGZGUlMkZiYXJrYnVzdGVycyUyRmJhcmtidXN0ZXJzLWhhbmRzY2h1dHotdnBzLW14LWtpdC1zY2h3YXJ6fHRhcmdldDpfYmxhbmsifX0=&#8220;][\/vc_column][vc_column width=&#8220;1\/4&#8243;][vc_button border_width=&#8220;0&#8243; link=&#8220;url:https%3A%2F%2Fwww.swt-sports.de%2Fde%2Ftank-43-ltr-nylon-lackierbar-inkl-halterung|target:_blank&#8220;]43L DAKAR Tank[\/vc_button][vc_gallery el_id=&#8220;gallery-133800&#8243; isotope_mode=&#8220;fitRows&#8220; medias=&#8220;83811&#8243; gutter_size=&#8220;3&#8243; media_items=&#8220;media|custom_link|original,icon&#8220; screen_lg=&#8220;1000&#8243; screen_md=&#8220;600&#8243; screen_sm=&#8220;480&#8243; single_width=&#8220;12&#8243; single_overlay_opacity=&#8220;50&#8243; single_padding=&#8220;2&#8243; items=&#8220;eyI4Mzc5M19pIjp7InNpbmdsZV9saW5rIjoidXJsOmh0dHBzJTNBJTJGJTJGd3d3LnN3dC1zcG9ydHMuZGUlMkZkZSUyRmxlbmtlci1ibXctci04MC0xMDAtZ3MtZy1zLXN0LWhvY2gtc3RhaGwtc2Nod2Fyenx0YXJnZXQ6X2JsYW5rIn0sIjgzODExX2kiOnsic2luZ2xlX2xpbmsiOiJ1cmw6aHR0cHMlM0ElMkYlMkZ3d3cuc3d0LXNwb3J0cy5kZSUyRmRlJTJGdGFuay00My1sdHItbnlsb24tbGFja2llcmJhci1pbmtsLWhhbHRlcnVuZ3x0YXJnZXQ6X2JsYW5rIn19&#8243;][\/vc_column][vc_column width=&#8220;1\/4&#8243;][vc_button border_width=&#8220;0&#8243; link=&#8220;url:https%3A%2F%2Fwww.swt-sports.de%2Fde%2Fhinterrad-gefraesster-radnabe-18-zoll-schwarz|target:_blank&#8220;]Hinterrad 18Zoll Custom[\/vc_button][vc_gallery el_id=&#8220;gallery-133800&#8243; isotope_mode=&#8220;fitRows&#8220; medias=&#8220;83813&#8243; gutter_size=&#8220;3&#8243; media_items=&#8220;media|custom_link|original,icon&#8220; screen_lg=&#8220;1000&#8243; screen_md=&#8220;600&#8243; screen_sm=&#8220;480&#8243; single_width=&#8220;12&#8243; single_overlay_opacity=&#8220;50&#8243; single_padding=&#8220;2&#8243; items=&#8220;eyI4Mzc5NF9pIjp7InNpbmdsZV9saW5rIjoidXJsOmh0dHBzJTNBJTJGJTJGd3d3LnN3dC1zcG9ydHMuZGUlMkZkZSUyRmxlbmtlci1ibXctci04MC0xMDAtZ3MtZy1zLXN0LWhvY2gtYWx1LTIybW18dGFyZ2V0Ol9ibGFuayJ9LCI4MzgxM19pIjp7InNpbmdsZV9saW5rIjoidXJsOmh0dHBzJTNBJTJGJTJGd3d3LnN3dC1zcG9ydHMuZGUlMkZkZSUyRmhpbnRlcnJhZC1nZWZyYWVzc3Rlci1yYWRuYWJlLTE4LXpvbGwtc2Nod2Fyenx0YXJnZXQ6X2JsYW5rIn19&#8243;][\/vc_column][\/vc_row][vc_row][vc_column width=&#8220;1\/1&#8243;][vc_custom_heading]<\/p>\n<h1>F\u00fcr alle die noch mehr DAKAR Bikes sehen wollen:<\/h1>\n<p>[\/vc_custom_heading][\/vc_column][\/vc_row][vc_row][vc_column width=&#8220;1\/1&#8243;][vc_gallery el_id=&#8220;gallery-157444&#8243; type=&#8220;justified&#8220; medias=&#8220;2512,2518,2517&#8243; justify_row_height=&#8220;250&#8243; gutter_size=&#8220;3&#8243; single_overlay_opacity=&#8220;50&#8243; single_padding=&#8220;2&#8243;][vc_button border_width=&#8220;0&#8243; link=&#8220;url:https%3A%2F%2Fblog.swt-sports.de%2Findex.php%2Fein-echtes-unikat-bmw-motorrad-rallye-maschine-aus-der-dakar-und-pharaonen-rallye%2F&#8220;]ALLE INFOS ZU DIESEM DAKAR MOTORRAD[\/vc_button][\/vc_column][\/vc_row]<\/p>\n<\/div>","protected":false},"excerpt":{"rendered":"<p>[vc_row][vc_column width=&#8220;1\/2&#8243;][vc_column_text]Der ehemalige Enduro-und Rallyefahrer stammt aus Niederwerrn bei Schweinfurt. Eigentlich trennten uns lokal nur einige Kilometer, doch er ist [&hellip;]<\/p>\n","protected":false},"author":26194,"featured_media":83771,"comment_status":"open","ping_status":"closed","sticky":false,"template":"","format":"standard","meta":{"footnotes":""},"categories":[1305,1307],"tags":[],"class_list":["post-83774","post","type-post","status-publish","format-standard","has-post-thumbnail","hentry","category-highlights","category-swt-bikes"],"yoast_head":"<!-- This site is optimized with the Yoast SEO plugin v27.5 - https:\/\/yoast.com\/product\/yoast-seo-wordpress\/ -->\n<title>Interview mit DAKAR Legende Eddy Hau! - SWT-SPORTS Blog<\/title>\n<meta name=\"robots\" content=\"index, follow, max-snippet:-1, max-image-preview:large, max-video-preview:-1\" \/>\n<link rel=\"canonical\" href=\"https:\/\/blog.swt-sports.de\/index.php\/interview-mit-dakar-legende-eddy-hau\/\" \/>\n<meta property=\"og:locale\" content=\"de_DE\" \/>\n<meta property=\"og:type\" content=\"article\" \/>\n<meta property=\"og:title\" content=\"Interview mit DAKAR Legende Eddy Hau! - SWT-SPORTS Blog\" \/>\n<meta property=\"og:description\" content=\"[vc_row][vc_column width=&#8220;1\/2&#8243;][vc_column_text]Der ehemalige Enduro-und Rallyefahrer stammt aus Niederwerrn bei Schweinfurt. Eigentlich trennten uns lokal nur einige Kilometer, doch er ist [&hellip;]\" \/>\n<meta property=\"og:url\" content=\"https:\/\/blog.swt-sports.de\/index.php\/interview-mit-dakar-legende-eddy-hau\/\" \/>\n<meta property=\"og:site_name\" content=\"SWT-SPORTS Blog\" \/>\n<meta property=\"article:publisher\" content=\"https:\/\/www.facebook.com\/\" \/>\n<meta property=\"article:published_time\" content=\"2021-01-19T17:50:24+00:00\" \/>\n<meta property=\"article:modified_time\" content=\"2021-01-25T17:22:53+00:00\" \/>\n<meta property=\"og:image\" content=\"https:\/\/blog.swt-sports.de\/wp-content\/uploads\/2021\/01\/eddy-hau_2.jpg\" \/>\n\t<meta property=\"og:image:width\" content=\"604\" \/>\n\t<meta property=\"og:image:height\" content=\"305\" \/>\n\t<meta property=\"og:image:type\" content=\"image\/jpeg\" \/>\n<meta name=\"author\" content=\"Lutz Lindemann\" \/>\n<meta name=\"twitter:card\" content=\"summary_large_image\" \/>\n<meta name=\"twitter:creator\" content=\"@swtsports\" \/>\n<meta name=\"twitter:site\" content=\"@swtsports\" \/>\n<meta name=\"twitter:label1\" content=\"Verfasst von\" \/>\n\t<meta name=\"twitter:data1\" content=\"Lutz Lindemann\" \/>\n\t<meta name=\"twitter:label2\" content=\"Gesch\u00e4tzte Lesezeit\" \/>\n\t<meta name=\"twitter:data2\" content=\"9\u00a0Minuten\" \/>\n<script type=\"application\/ld+json\" class=\"yoast-schema-graph\">{\"@context\":\"https:\\\/\\\/schema.org\",\"@graph\":[{\"@type\":\"Article\",\"@id\":\"https:\\\/\\\/blog.swt-sports.de\\\/index.php\\\/interview-mit-dakar-legende-eddy-hau\\\/#article\",\"isPartOf\":{\"@id\":\"https:\\\/\\\/blog.swt-sports.de\\\/index.php\\\/interview-mit-dakar-legende-eddy-hau\\\/\"},\"author\":{\"name\":\"Lutz Lindemann\",\"@id\":\"https:\\\/\\\/blog.swt-sports.de\\\/#\\\/schema\\\/person\\\/b1fb20850ef709b5efbd2510a27b50ec\"},\"headline\":\"Interview mit DAKAR Legende Eddy Hau!\",\"datePublished\":\"2021-01-19T17:50:24+00:00\",\"dateModified\":\"2021-01-25T17:22:53+00:00\",\"mainEntityOfPage\":{\"@id\":\"https:\\\/\\\/blog.swt-sports.de\\\/index.php\\\/interview-mit-dakar-legende-eddy-hau\\\/\"},\"wordCount\":1784,\"commentCount\":0,\"publisher\":{\"@id\":\"https:\\\/\\\/blog.swt-sports.de\\\/#organization\"},\"image\":{\"@id\":\"https:\\\/\\\/blog.swt-sports.de\\\/index.php\\\/interview-mit-dakar-legende-eddy-hau\\\/#primaryimage\"},\"thumbnailUrl\":\"https:\\\/\\\/blog.swt-sports.de\\\/wp-content\\\/uploads\\\/2021\\\/01\\\/eddy-hau_2.jpg\",\"articleSection\":[\"Highlights\",\"SWT Bikes\"],\"inLanguage\":\"de\",\"potentialAction\":[{\"@type\":\"CommentAction\",\"name\":\"Comment\",\"target\":[\"https:\\\/\\\/blog.swt-sports.de\\\/index.php\\\/interview-mit-dakar-legende-eddy-hau\\\/#respond\"]}]},{\"@type\":\"WebPage\",\"@id\":\"https:\\\/\\\/blog.swt-sports.de\\\/index.php\\\/interview-mit-dakar-legende-eddy-hau\\\/\",\"url\":\"https:\\\/\\\/blog.swt-sports.de\\\/index.php\\\/interview-mit-dakar-legende-eddy-hau\\\/\",\"name\":\"Interview mit DAKAR Legende Eddy Hau! - SWT-SPORTS Blog\",\"isPartOf\":{\"@id\":\"https:\\\/\\\/blog.swt-sports.de\\\/#website\"},\"primaryImageOfPage\":{\"@id\":\"https:\\\/\\\/blog.swt-sports.de\\\/index.php\\\/interview-mit-dakar-legende-eddy-hau\\\/#primaryimage\"},\"image\":{\"@id\":\"https:\\\/\\\/blog.swt-sports.de\\\/index.php\\\/interview-mit-dakar-legende-eddy-hau\\\/#primaryimage\"},\"thumbnailUrl\":\"https:\\\/\\\/blog.swt-sports.de\\\/wp-content\\\/uploads\\\/2021\\\/01\\\/eddy-hau_2.jpg\",\"datePublished\":\"2021-01-19T17:50:24+00:00\",\"dateModified\":\"2021-01-25T17:22:53+00:00\",\"breadcrumb\":{\"@id\":\"https:\\\/\\\/blog.swt-sports.de\\\/index.php\\\/interview-mit-dakar-legende-eddy-hau\\\/#breadcrumb\"},\"inLanguage\":\"de\",\"potentialAction\":[{\"@type\":\"ReadAction\",\"target\":[\"https:\\\/\\\/blog.swt-sports.de\\\/index.php\\\/interview-mit-dakar-legende-eddy-hau\\\/\"]}]},{\"@type\":\"ImageObject\",\"inLanguage\":\"de\",\"@id\":\"https:\\\/\\\/blog.swt-sports.de\\\/index.php\\\/interview-mit-dakar-legende-eddy-hau\\\/#primaryimage\",\"url\":\"https:\\\/\\\/blog.swt-sports.de\\\/wp-content\\\/uploads\\\/2021\\\/01\\\/eddy-hau_2.jpg\",\"contentUrl\":\"https:\\\/\\\/blog.swt-sports.de\\\/wp-content\\\/uploads\\\/2021\\\/01\\\/eddy-hau_2.jpg\",\"width\":604,\"height\":305},{\"@type\":\"BreadcrumbList\",\"@id\":\"https:\\\/\\\/blog.swt-sports.de\\\/index.php\\\/interview-mit-dakar-legende-eddy-hau\\\/#breadcrumb\",\"itemListElement\":[{\"@type\":\"ListItem\",\"position\":1,\"name\":\"Startseite\",\"item\":\"https:\\\/\\\/blog.swt-sports.de\\\/\"},{\"@type\":\"ListItem\",\"position\":2,\"name\":\"Interview mit DAKAR Legende Eddy Hau!\"}]},{\"@type\":\"WebSite\",\"@id\":\"https:\\\/\\\/blog.swt-sports.de\\\/#website\",\"url\":\"https:\\\/\\\/blog.swt-sports.de\\\/\",\"name\":\"SWT-SPORTS Blog\",\"description\":\"BMW Motorrad | 2-Ventiler | R80 \\\/ R100GS G\\\/S | Paris Dakar | BMW-Boxer\",\"publisher\":{\"@id\":\"https:\\\/\\\/blog.swt-sports.de\\\/#organization\"},\"potentialAction\":[{\"@type\":\"SearchAction\",\"target\":{\"@type\":\"EntryPoint\",\"urlTemplate\":\"https:\\\/\\\/blog.swt-sports.de\\\/?s={search_term_string}\"},\"query-input\":{\"@type\":\"PropertyValueSpecification\",\"valueRequired\":true,\"valueName\":\"search_term_string\"}}],\"inLanguage\":\"de\"},{\"@type\":\"Organization\",\"@id\":\"https:\\\/\\\/blog.swt-sports.de\\\/#organization\",\"name\":\"SWT Sports\",\"url\":\"https:\\\/\\\/blog.swt-sports.de\\\/\",\"logo\":{\"@type\":\"ImageObject\",\"inLanguage\":\"de\",\"@id\":\"https:\\\/\\\/blog.swt-sports.de\\\/#\\\/schema\\\/logo\\\/image\\\/\",\"url\":\"https:\\\/\\\/blog.swt-sports.de\\\/wp-content\\\/uploads\\\/2020\\\/08\\\/swt_sports_logo.svg\",\"contentUrl\":\"https:\\\/\\\/blog.swt-sports.de\\\/wp-content\\\/uploads\\\/2020\\\/08\\\/swt_sports_logo.svg\",\"width\":306,\"height\":247,\"caption\":\"SWT Sports\"},\"image\":{\"@id\":\"https:\\\/\\\/blog.swt-sports.de\\\/#\\\/schema\\\/logo\\\/image\\\/\"},\"sameAs\":[\"https:\\\/\\\/www.facebook.com\\\/\",\"https:\\\/\\\/x.com\\\/swtsports\",\"https:\\\/\\\/www.instagram.com\\\/swt_sports\\\/\",\"https:\\\/\\\/www.youtube.com\\\/user\\\/SWTsports\"]},{\"@type\":\"Person\",\"@id\":\"https:\\\/\\\/blog.swt-sports.de\\\/#\\\/schema\\\/person\\\/b1fb20850ef709b5efbd2510a27b50ec\",\"name\":\"Lutz Lindemann\",\"image\":{\"@type\":\"ImageObject\",\"inLanguage\":\"de\",\"@id\":\"https:\\\/\\\/secure.gravatar.com\\\/avatar\\\/734a9bedc494f6dc8377999f4d8a7d95539d24428aae22d6a7a829f916324968?s=96&r=g\",\"url\":\"https:\\\/\\\/secure.gravatar.com\\\/avatar\\\/734a9bedc494f6dc8377999f4d8a7d95539d24428aae22d6a7a829f916324968?s=96&r=g\",\"contentUrl\":\"https:\\\/\\\/secure.gravatar.com\\\/avatar\\\/734a9bedc494f6dc8377999f4d8a7d95539d24428aae22d6a7a829f916324968?s=96&r=g\",\"caption\":\"Lutz Lindemann\"},\"sameAs\":[\"http:\\\/\\\/lutzlindemann.com\"]}]}<\/script>\n<!-- \/ Yoast SEO plugin. -->","yoast_head_json":{"title":"Interview mit DAKAR Legende Eddy Hau! - SWT-SPORTS Blog","robots":{"index":"index","follow":"follow","max-snippet":"max-snippet:-1","max-image-preview":"max-image-preview:large","max-video-preview":"max-video-preview:-1"},"canonical":"https:\/\/blog.swt-sports.de\/index.php\/interview-mit-dakar-legende-eddy-hau\/","og_locale":"de_DE","og_type":"article","og_title":"Interview mit DAKAR Legende Eddy Hau! - SWT-SPORTS Blog","og_description":"[vc_row][vc_column width=&#8220;1\/2&#8243;][vc_column_text]Der ehemalige Enduro-und Rallyefahrer stammt aus Niederwerrn bei Schweinfurt. Eigentlich trennten uns lokal nur einige Kilometer, doch er ist [&hellip;]","og_url":"https:\/\/blog.swt-sports.de\/index.php\/interview-mit-dakar-legende-eddy-hau\/","og_site_name":"SWT-SPORTS Blog","article_publisher":"https:\/\/www.facebook.com\/","article_published_time":"2021-01-19T17:50:24+00:00","article_modified_time":"2021-01-25T17:22:53+00:00","og_image":[{"width":604,"height":305,"url":"https:\/\/blog.swt-sports.de\/wp-content\/uploads\/2021\/01\/eddy-hau_2.jpg","type":"image\/jpeg"}],"author":"Lutz Lindemann","twitter_card":"summary_large_image","twitter_creator":"@swtsports","twitter_site":"@swtsports","twitter_misc":{"Verfasst von":"Lutz Lindemann","Gesch\u00e4tzte Lesezeit":"9\u00a0Minuten"},"schema":{"@context":"https:\/\/schema.org","@graph":[{"@type":"Article","@id":"https:\/\/blog.swt-sports.de\/index.php\/interview-mit-dakar-legende-eddy-hau\/#article","isPartOf":{"@id":"https:\/\/blog.swt-sports.de\/index.php\/interview-mit-dakar-legende-eddy-hau\/"},"author":{"name":"Lutz Lindemann","@id":"https:\/\/blog.swt-sports.de\/#\/schema\/person\/b1fb20850ef709b5efbd2510a27b50ec"},"headline":"Interview mit DAKAR Legende Eddy Hau!","datePublished":"2021-01-19T17:50:24+00:00","dateModified":"2021-01-25T17:22:53+00:00","mainEntityOfPage":{"@id":"https:\/\/blog.swt-sports.de\/index.php\/interview-mit-dakar-legende-eddy-hau\/"},"wordCount":1784,"commentCount":0,"publisher":{"@id":"https:\/\/blog.swt-sports.de\/#organization"},"image":{"@id":"https:\/\/blog.swt-sports.de\/index.php\/interview-mit-dakar-legende-eddy-hau\/#primaryimage"},"thumbnailUrl":"https:\/\/blog.swt-sports.de\/wp-content\/uploads\/2021\/01\/eddy-hau_2.jpg","articleSection":["Highlights","SWT Bikes"],"inLanguage":"de","potentialAction":[{"@type":"CommentAction","name":"Comment","target":["https:\/\/blog.swt-sports.de\/index.php\/interview-mit-dakar-legende-eddy-hau\/#respond"]}]},{"@type":"WebPage","@id":"https:\/\/blog.swt-sports.de\/index.php\/interview-mit-dakar-legende-eddy-hau\/","url":"https:\/\/blog.swt-sports.de\/index.php\/interview-mit-dakar-legende-eddy-hau\/","name":"Interview mit DAKAR Legende Eddy Hau! - SWT-SPORTS Blog","isPartOf":{"@id":"https:\/\/blog.swt-sports.de\/#website"},"primaryImageOfPage":{"@id":"https:\/\/blog.swt-sports.de\/index.php\/interview-mit-dakar-legende-eddy-hau\/#primaryimage"},"image":{"@id":"https:\/\/blog.swt-sports.de\/index.php\/interview-mit-dakar-legende-eddy-hau\/#primaryimage"},"thumbnailUrl":"https:\/\/blog.swt-sports.de\/wp-content\/uploads\/2021\/01\/eddy-hau_2.jpg","datePublished":"2021-01-19T17:50:24+00:00","dateModified":"2021-01-25T17:22:53+00:00","breadcrumb":{"@id":"https:\/\/blog.swt-sports.de\/index.php\/interview-mit-dakar-legende-eddy-hau\/#breadcrumb"},"inLanguage":"de","potentialAction":[{"@type":"ReadAction","target":["https:\/\/blog.swt-sports.de\/index.php\/interview-mit-dakar-legende-eddy-hau\/"]}]},{"@type":"ImageObject","inLanguage":"de","@id":"https:\/\/blog.swt-sports.de\/index.php\/interview-mit-dakar-legende-eddy-hau\/#primaryimage","url":"https:\/\/blog.swt-sports.de\/wp-content\/uploads\/2021\/01\/eddy-hau_2.jpg","contentUrl":"https:\/\/blog.swt-sports.de\/wp-content\/uploads\/2021\/01\/eddy-hau_2.jpg","width":604,"height":305},{"@type":"BreadcrumbList","@id":"https:\/\/blog.swt-sports.de\/index.php\/interview-mit-dakar-legende-eddy-hau\/#breadcrumb","itemListElement":[{"@type":"ListItem","position":1,"name":"Startseite","item":"https:\/\/blog.swt-sports.de\/"},{"@type":"ListItem","position":2,"name":"Interview mit DAKAR Legende Eddy Hau!"}]},{"@type":"WebSite","@id":"https:\/\/blog.swt-sports.de\/#website","url":"https:\/\/blog.swt-sports.de\/","name":"SWT-SPORTS Blog","description":"BMW Motorrad | 2-Ventiler | R80 \/ R100GS G\/S | Paris Dakar | BMW-Boxer","publisher":{"@id":"https:\/\/blog.swt-sports.de\/#organization"},"potentialAction":[{"@type":"SearchAction","target":{"@type":"EntryPoint","urlTemplate":"https:\/\/blog.swt-sports.de\/?s={search_term_string}"},"query-input":{"@type":"PropertyValueSpecification","valueRequired":true,"valueName":"search_term_string"}}],"inLanguage":"de"},{"@type":"Organization","@id":"https:\/\/blog.swt-sports.de\/#organization","name":"SWT Sports","url":"https:\/\/blog.swt-sports.de\/","logo":{"@type":"ImageObject","inLanguage":"de","@id":"https:\/\/blog.swt-sports.de\/#\/schema\/logo\/image\/","url":"https:\/\/blog.swt-sports.de\/wp-content\/uploads\/2020\/08\/swt_sports_logo.svg","contentUrl":"https:\/\/blog.swt-sports.de\/wp-content\/uploads\/2020\/08\/swt_sports_logo.svg","width":306,"height":247,"caption":"SWT Sports"},"image":{"@id":"https:\/\/blog.swt-sports.de\/#\/schema\/logo\/image\/"},"sameAs":["https:\/\/www.facebook.com\/","https:\/\/x.com\/swtsports","https:\/\/www.instagram.com\/swt_sports\/","https:\/\/www.youtube.com\/user\/SWTsports"]},{"@type":"Person","@id":"https:\/\/blog.swt-sports.de\/#\/schema\/person\/b1fb20850ef709b5efbd2510a27b50ec","name":"Lutz Lindemann","image":{"@type":"ImageObject","inLanguage":"de","@id":"https:\/\/secure.gravatar.com\/avatar\/734a9bedc494f6dc8377999f4d8a7d95539d24428aae22d6a7a829f916324968?s=96&r=g","url":"https:\/\/secure.gravatar.com\/avatar\/734a9bedc494f6dc8377999f4d8a7d95539d24428aae22d6a7a829f916324968?s=96&r=g","contentUrl":"https:\/\/secure.gravatar.com\/avatar\/734a9bedc494f6dc8377999f4d8a7d95539d24428aae22d6a7a829f916324968?s=96&r=g","caption":"Lutz Lindemann"},"sameAs":["http:\/\/lutzlindemann.com"]}]}},"_links":{"self":[{"href":"https:\/\/blog.swt-sports.de\/index.php\/wp-json\/wp\/v2\/posts\/83774","targetHints":{"allow":["GET"]}}],"collection":[{"href":"https:\/\/blog.swt-sports.de\/index.php\/wp-json\/wp\/v2\/posts"}],"about":[{"href":"https:\/\/blog.swt-sports.de\/index.php\/wp-json\/wp\/v2\/types\/post"}],"author":[{"embeddable":true,"href":"https:\/\/blog.swt-sports.de\/index.php\/wp-json\/wp\/v2\/users\/26194"}],"replies":[{"embeddable":true,"href":"https:\/\/blog.swt-sports.de\/index.php\/wp-json\/wp\/v2\/comments?post=83774"}],"version-history":[{"count":38,"href":"https:\/\/blog.swt-sports.de\/index.php\/wp-json\/wp\/v2\/posts\/83774\/revisions"}],"predecessor-version":[{"id":83824,"href":"https:\/\/blog.swt-sports.de\/index.php\/wp-json\/wp\/v2\/posts\/83774\/revisions\/83824"}],"wp:featuredmedia":[{"embeddable":true,"href":"https:\/\/blog.swt-sports.de\/index.php\/wp-json\/wp\/v2\/media\/83771"}],"wp:attachment":[{"href":"https:\/\/blog.swt-sports.de\/index.php\/wp-json\/wp\/v2\/media?parent=83774"}],"wp:term":[{"taxonomy":"category","embeddable":true,"href":"https:\/\/blog.swt-sports.de\/index.php\/wp-json\/wp\/v2\/categories?post=83774"},{"taxonomy":"post_tag","embeddable":true,"href":"https:\/\/blog.swt-sports.de\/index.php\/wp-json\/wp\/v2\/tags?post=83774"}],"curies":[{"name":"wp","href":"https:\/\/api.w.org\/{rel}","templated":true}]}}