{"id":79,"date":"2014-01-25T10:00:17","date_gmt":"2014-01-25T09:00:17","guid":{"rendered":"http:\/\/blog.swt-sports.de\/?p=79"},"modified":"2020-08-11T19:45:57","modified_gmt":"2020-08-11T18:45:57","slug":"neue-kardanwelle-fuer-die-alte-bmw-r-80-100-r-und-gs-modelle","status":"publish","type":"post","link":"https:\/\/blog.swt-sports.de\/index.php\/neue-kardanwelle-fuer-die-alte-bmw-r-80-100-r-und-gs-modelle\/","title":{"rendered":"Neue Kardanwelle f\u00fcr die \u201ealte\u201c BMW R 80 \/ 100 R und GS Modelle"},"content":{"rendered":"<div>\n<div><\/div>\n<div><\/div>\n<div>\n<p><span style=\"font-family: Arial; font-size: medium;\">\u00a0<\/span><\/p>\n<figure id=\"attachment_86\" aria-describedby=\"caption-attachment-86\" style=\"width: 609px\" class=\"wp-caption aligncenter\"><a href=\"http:\/\/www.swt-sports.de\/de\/Antrieb\/Kardan-u--Kette\/Kardanwelle-fuer-2V-GS-und-R----Paralever\"><img decoding=\"async\" class=\"wp-image-86 \" src=\"http:\/\/blog.swt-sports.de\/wp-content\/uploads\/2014\/01\/Kardanwelle_Komplett1-1024x524.jpg\" alt=\"Kardanwelle_Komplett1\" width=\"609\" height=\"311\" srcset=\"https:\/\/blog.swt-sports.de\/wp-content\/uploads\/2014\/01\/Kardanwelle_Komplett1-1024x524.jpg 1024w, https:\/\/blog.swt-sports.de\/wp-content\/uploads\/2014\/01\/Kardanwelle_Komplett1-300x153.jpg 300w, https:\/\/blog.swt-sports.de\/wp-content\/uploads\/2014\/01\/Kardanwelle_Komplett1.jpg 1200w\" sizes=\"(max-width: 609px) 100vw, 609px\" \/><\/a><figcaption id=\"caption-attachment-86\" class=\"wp-caption-text\">Kardanwelle von SWT-SPORTS f\u00fcr den BMW Boxer<\/figcaption><\/figure>\n<\/div>\n<div><\/div>\n<div><span style=\"font-family: Arial; font-size: medium;\">Was bei den meisten Motorr\u00e4dern die <a href=\"http:\/\/www.swt-sports.de\/de\/antrieb\">Kette und das Ritzel<\/a> ist, ist bei den <strong>BMW Boxer Motorr\u00e4dern<\/strong> die <a title=\"BMW Boxer Kardanwelle\" href=\"http:\/\/www.swt-sports.de\/de\/kardanwelle-bmw-2v-gs-r-paralever-abschmierbar\" target=\"_blank\" rel=\"noopener noreferrer\">Kardanwelle<\/a>. Die Vor- und Nachteile der Kardanwelle liegen auf der Hand. Wer schon einmal ein Motorrad mit Kettenantrieb besessen hat, der kann meist ein Lied davon singen. Vor jeder Ausfahrt muss die Kette gefettet werden, die Spannung muss regelm\u00e4\u00dfig kontrolliert und nach dem Waschen sollte sie zum Schutz vor Korrosion einge\u00f6lt werden. Aber gehen wir jetzt mal zu unserem altbekannten Kardan \u00fcber. Wer hat seinen Kardan schon mal gespannt, gefettet oder ge\u00f6lt? Die Meisten wissen nicht einmal, wie die Antriebswelle ihres geliebten Motorrades aussieht. Doch auch die Antriebstechnik wird vor Verschlei\u00df nicht verschont. So kann es auch mal vorkommen, dass die Dichtung der Abtriebswelle nicht mehr dichtet und das Getriebe\u00f6l in den Kardantunnel gelangen kann. Dieses Hypiod\u00f6l schadet dem <a href=\"http:\/\/www.swt-sports.de\/de\/gummibalg-zwischen-getriebe-schwinge-verbes\"><strong>Kardangummi<\/strong> <\/a>so sehr, dass die Welle irreparabel ist. Was nun, stellen wir uns als Frage.<\/span><span style=\"font-family: Arial; font-size: medium;\">Um unseren Kunden die Sicherheit zu geben, ihr Traumziel mit einem zuverl\u00e4ssigem <strong>Reisemotorrad<\/strong> zu erreichen, haben wir unsere F\u00fchler ausgestreckt und diese <a href=\"http:\/\/www.swt-sports.de\/de\/kardanwelle-bmw-2v-gs-r-paralever-abschmierbar\"><strong>Kardanwelle<\/strong><\/a> ins Programm genommen.<\/span><\/div>\n<div>\n<figure id=\"attachment_80\" aria-describedby=\"caption-attachment-80\" style=\"width: 618px\" class=\"wp-caption aligncenter\"><a href=\"http:\/\/blog.swt-sports.de\/wp-content\/uploads\/2014\/01\/Kardanwelle1.jpg\"><img decoding=\"async\" class=\"wp-image-80 \" src=\"http:\/\/blog.swt-sports.de\/wp-content\/uploads\/2014\/01\/Kardanwelle1-1024x882.jpg\" alt=\"BMW BOXER Kardanwelle\" width=\"618\" height=\"532\" srcset=\"https:\/\/blog.swt-sports.de\/wp-content\/uploads\/2014\/01\/Kardanwelle1-1024x882.jpg 1024w, https:\/\/blog.swt-sports.de\/wp-content\/uploads\/2014\/01\/Kardanwelle1-300x258.jpg 300w, https:\/\/blog.swt-sports.de\/wp-content\/uploads\/2014\/01\/Kardanwelle1.jpg 1200w\" sizes=\"(max-width: 618px) 100vw, 618px\" \/><\/a><figcaption id=\"caption-attachment-80\" class=\"wp-caption-text\"><a href=\"http:\/\/www.swt-sports.de\/de\/kardanwelle-bmw-2v-gs-r-paralever-abschmierbar\">Kardanwelle f\u00fcr den BMW Motorrad R 80 &#8211; 100 R \/ GS Boxer<\/a><\/figcaption><\/figure>\n<p><span style=\"font-family: Arial; font-size: medium;\">Die <a title=\"BMW Boxer Kardanwelle\" href=\"http:\/\/www.swt-sports.de\/de\/kardanwelle-bmw-2v-gs-r-paralever-abschmierbar\" target=\"_blank\" rel=\"noopener noreferrer\">Kardanwelle<\/a> <a href=\"http:\/\/www.swt-sports.de\/de\/kardanwelle-bmw-2v-gs-r-paralever-abschmierbar\">Artikelnr.:\u00a0\u00a0\u00a02611001<\/a>\u00a0\u00a0 ist aus hochfestem Stahl gefertigt. Die Lager des Kreuzgelenkes sind in einer verbesserten Version und d\u00fcrfen beim j\u00e4hrlichen Kundendienst durch Einschrauben eines Schmiernippels nachgefettet werden. Sie sind durch Sicherungsringe fixiert und k\u00f6nnen auch in kleinen Werkst\u00e4tten im Ausland gewechselt werden. Die Touringwelle hat aber noch einen zweiten gro\u00dfen Vorteil. Die anf\u00e4lligen Gummis von <strong>BMW<\/strong> sind hier nicht vulkanisiert sondern gesteckt und sind im Bedarfsfall durch neue Ruckd\u00e4mpfer tauschbar. Eigentlich ist das eine Welle f\u00fcr das gesamte Leben eines Motorrads und auf jeden Fall eine Alternative zum sehr teuren <a href=\"http:\/\/www.swt-sports.de\/de\/kardanwelle-bmw-2v-gs-r-paralever\"><strong>BMW Original Ersatzteil<\/strong><\/a>. Nat\u00fcrlich k\u00f6nnen wir weiterhin Ihre Wellen in unserem Haus \u00fcberholen, doch manchmal sollte man sich \u00fcberlegen, ob man mit diesem Produkt nicht besser f\u00e4hrt. Meiner Meinung nach gibt es f\u00fcr die Paralever Modelle nichts besseres. Gerade f\u00fcr eine lange Tour in fremde L\u00e4nder, die \u00fcber einen gro\u00dfen Zeitraum geplant wird, da sollte man sich \u00fcberlegen, ob man seinem Expetitionsmobil nicht etwas Gutes tun will.<\/span><\/p>\n<figure id=\"attachment_85\" aria-describedby=\"caption-attachment-85\" style=\"width: 616px\" class=\"wp-caption aligncenter\"><a href=\"http:\/\/blog.swt-sports.de\/wp-content\/uploads\/2014\/01\/Kardanwelle7.jpg\"><img decoding=\"async\" class=\"wp-image-85 \" src=\"http:\/\/blog.swt-sports.de\/wp-content\/uploads\/2014\/01\/Kardanwelle7-1024x635.jpg\" alt=\"Kardanwelle7\" width=\"616\" height=\"382\" srcset=\"https:\/\/blog.swt-sports.de\/wp-content\/uploads\/2014\/01\/Kardanwelle7-1024x635.jpg 1024w, https:\/\/blog.swt-sports.de\/wp-content\/uploads\/2014\/01\/Kardanwelle7-300x186.jpg 300w, https:\/\/blog.swt-sports.de\/wp-content\/uploads\/2014\/01\/Kardanwelle7.jpg 1200w\" sizes=\"(max-width: 616px) 100vw, 616px\" \/><\/a><figcaption id=\"caption-attachment-85\" class=\"wp-caption-text\">Abschmierbare Kardanwelle<\/figcaption><\/figure>\n<figure id=\"attachment_84\" aria-describedby=\"caption-attachment-84\" style=\"width: 613px\" class=\"wp-caption aligncenter\"><a href=\"http:\/\/blog.swt-sports.de\/wp-content\/uploads\/2014\/01\/Kardanwelle5.jpg\"><img decoding=\"async\" class=\"wp-image-84 \" src=\"http:\/\/blog.swt-sports.de\/wp-content\/uploads\/2014\/01\/Kardanwelle5-1024x633.jpg\" alt=\"Kardanwelle5\" width=\"613\" height=\"379\" srcset=\"https:\/\/blog.swt-sports.de\/wp-content\/uploads\/2014\/01\/Kardanwelle5-1024x633.jpg 1024w, https:\/\/blog.swt-sports.de\/wp-content\/uploads\/2014\/01\/Kardanwelle5-300x185.jpg 300w, https:\/\/blog.swt-sports.de\/wp-content\/uploads\/2014\/01\/Kardanwelle5.jpg 1200w\" sizes=\"(max-width: 613px) 100vw, 613px\" \/><\/a><figcaption id=\"caption-attachment-84\" class=\"wp-caption-text\">Gut gearbeiteter Flansch der Zubeh\u00f6r-Kardanwelle<\/figcaption><\/figure>\n<figure id=\"attachment_83\" aria-describedby=\"caption-attachment-83\" style=\"width: 620px\" class=\"wp-caption aligncenter\"><a href=\"http:\/\/blog.swt-sports.de\/wp-content\/uploads\/2014\/01\/Kardanwelle4.jpg\"><img decoding=\"async\" class=\"wp-image-83 \" src=\"http:\/\/blog.swt-sports.de\/wp-content\/uploads\/2014\/01\/Kardanwelle4-1024x498.jpg\" alt=\"Kardanwelle4\" width=\"620\" height=\"301\" srcset=\"https:\/\/blog.swt-sports.de\/wp-content\/uploads\/2014\/01\/Kardanwelle4-1024x498.jpg 1024w, https:\/\/blog.swt-sports.de\/wp-content\/uploads\/2014\/01\/Kardanwelle4-300x145.jpg 300w, https:\/\/blog.swt-sports.de\/wp-content\/uploads\/2014\/01\/Kardanwelle4.jpg 1200w\" sizes=\"(max-width: 620px) 100vw, 620px\" \/><\/a><figcaption id=\"caption-attachment-83\" class=\"wp-caption-text\">Kardanwelle mit Ruckd\u00e4mpfer f\u00fcr den 2-Ventil Boxer<\/figcaption><\/figure>\n<figure id=\"attachment_82\" aria-describedby=\"caption-attachment-82\" style=\"width: 598px\" class=\"wp-caption aligncenter\"><a href=\"http:\/\/blog.swt-sports.de\/wp-content\/uploads\/2014\/01\/Kardanwelle3.jpg\"><img decoding=\"async\" class=\"wp-image-82 \" src=\"http:\/\/blog.swt-sports.de\/wp-content\/uploads\/2014\/01\/Kardanwelle3-1024x673.jpg\" alt=\"Kardanwelle3\" width=\"598\" height=\"393\" srcset=\"https:\/\/blog.swt-sports.de\/wp-content\/uploads\/2014\/01\/Kardanwelle3-1024x673.jpg 1024w, https:\/\/blog.swt-sports.de\/wp-content\/uploads\/2014\/01\/Kardanwelle3-300x197.jpg 300w, https:\/\/blog.swt-sports.de\/wp-content\/uploads\/2014\/01\/Kardanwelle3.jpg 1200w\" sizes=\"(max-width: 598px) 100vw, 598px\" \/><\/a><figcaption id=\"caption-attachment-82\" class=\"wp-caption-text\">Antriebswelle f\u00fcr den klassischen luftgek\u00fchlten Boxer<\/figcaption><\/figure>\n<figure id=\"attachment_81\" aria-describedby=\"caption-attachment-81\" style=\"width: 605px\" class=\"wp-caption aligncenter\"><a href=\"http:\/\/blog.swt-sports.de\/wp-content\/uploads\/2014\/01\/Kardanwelle2.jpg\"><img decoding=\"async\" class=\"wp-image-81 \" src=\"http:\/\/blog.swt-sports.de\/wp-content\/uploads\/2014\/01\/Kardanwelle2-1024x575.jpg\" alt=\"Kardanwelle2\" width=\"605\" height=\"340\" srcset=\"https:\/\/blog.swt-sports.de\/wp-content\/uploads\/2014\/01\/Kardanwelle2-1024x575.jpg 1024w, https:\/\/blog.swt-sports.de\/wp-content\/uploads\/2014\/01\/Kardanwelle2-300x168.jpg 300w, https:\/\/blog.swt-sports.de\/wp-content\/uploads\/2014\/01\/Kardanwelle2.jpg 1200w\" sizes=\"(max-width: 605px) 100vw, 605px\" \/><\/a><figcaption id=\"caption-attachment-81\" class=\"wp-caption-text\"><a href=\"http:\/\/www.swt-sports.de\/de\/kardanwelle-bmw-2v-gs-r-paralever-abschmierbar\">Sch\u00f6ne und standhafte Welle f\u00fcr den Kardan des BMW Motorrad Boxer Motorrades bis 1996<\/a><\/figcaption><\/figure>\n<p><span style=\"font-family: Arial; font-size: medium;\">\u00a0 <\/span><\/p>\n<\/div>\n<\/div>\n<div><\/div>\n","protected":false},"excerpt":{"rendered":"<p>\u00a0 Was bei den meisten Motorr\u00e4dern die Kette und das Ritzel ist, ist bei den BMW Boxer Motorr\u00e4dern die Kardanwelle. [&hellip;]<\/p>\n","protected":false},"author":26194,"featured_media":0,"comment_status":"open","ping_status":"closed","sticky":false,"template":"","format":"standard","meta":{"footnotes":""},"categories":[1303,1304],"tags":[3,4,5,6,8,562,563,564,565],"class_list":["post-79","post","type-post","status-publish","format-standard","hentry","category-swt-produkte","category-swt-tuning","tag-bmw","tag-boxer","tag-2-ventiler","tag-umbauten","tag-bmw-boxer","tag-antriebswelle","tag-kardanwelle","tag-kardan-bmw","tag-bmw-boxer-antrieb"],"yoast_head":"<!-- This site is optimized with the Yoast SEO plugin v27.5 - https:\/\/yoast.com\/product\/yoast-seo-wordpress\/ -->\n<title>Neue Kardanwelle f\u00fcr die \u201ealte\u201c BMW R 80 \/ 100 R und GS Modelle - SWT-SPORTS Blog<\/title>\n<meta name=\"robots\" content=\"index, follow, max-snippet:-1, max-image-preview:large, max-video-preview:-1\" \/>\n<link rel=\"canonical\" href=\"https:\/\/blog.swt-sports.de\/index.php\/neue-kardanwelle-fuer-die-alte-bmw-r-80-100-r-und-gs-modelle\/\" \/>\n<meta property=\"og:locale\" content=\"de_DE\" \/>\n<meta property=\"og:type\" content=\"article\" \/>\n<meta property=\"og:title\" content=\"Neue Kardanwelle f\u00fcr die \u201ealte\u201c BMW R 80 \/ 100 R und GS Modelle - SWT-SPORTS Blog\" \/>\n<meta property=\"og:description\" content=\"\u00a0 Was bei den meisten Motorr\u00e4dern die Kette und das Ritzel ist, ist bei den BMW Boxer Motorr\u00e4dern die Kardanwelle. [&hellip;]\" \/>\n<meta property=\"og:url\" content=\"https:\/\/blog.swt-sports.de\/index.php\/neue-kardanwelle-fuer-die-alte-bmw-r-80-100-r-und-gs-modelle\/\" \/>\n<meta property=\"og:site_name\" content=\"SWT-SPORTS Blog\" \/>\n<meta property=\"article:publisher\" content=\"https:\/\/www.facebook.com\/\" \/>\n<meta property=\"article:published_time\" content=\"2014-01-25T09:00:17+00:00\" \/>\n<meta property=\"article:modified_time\" content=\"2020-08-11T18:45:57+00:00\" \/>\n<meta property=\"og:image\" content=\"http:\/\/blog.swt-sports.de\/wp-content\/uploads\/2014\/01\/Kardanwelle_Komplett1-1024x524.jpg\" \/>\n<meta name=\"author\" content=\"Lutz Lindemann\" \/>\n<meta name=\"twitter:card\" content=\"summary_large_image\" \/>\n<meta name=\"twitter:creator\" content=\"@swtsports\" \/>\n<meta name=\"twitter:site\" content=\"@swtsports\" \/>\n<meta name=\"twitter:label1\" content=\"Verfasst von\" \/>\n\t<meta name=\"twitter:data1\" content=\"Lutz Lindemann\" \/>\n\t<meta name=\"twitter:label2\" content=\"Gesch\u00e4tzte Lesezeit\" \/>\n\t<meta name=\"twitter:data2\" content=\"2\u00a0Minuten\" \/>\n<script type=\"application\/ld+json\" class=\"yoast-schema-graph\">{\"@context\":\"https:\\\/\\\/schema.org\",\"@graph\":[{\"@type\":\"Article\",\"@id\":\"https:\\\/\\\/blog.swt-sports.de\\\/index.php\\\/neue-kardanwelle-fuer-die-alte-bmw-r-80-100-r-und-gs-modelle\\\/#article\",\"isPartOf\":{\"@id\":\"https:\\\/\\\/blog.swt-sports.de\\\/index.php\\\/neue-kardanwelle-fuer-die-alte-bmw-r-80-100-r-und-gs-modelle\\\/\"},\"author\":{\"name\":\"Lutz Lindemann\",\"@id\":\"https:\\\/\\\/blog.swt-sports.de\\\/#\\\/schema\\\/person\\\/b1fb20850ef709b5efbd2510a27b50ec\"},\"headline\":\"Neue Kardanwelle f\u00fcr die \u201ealte\u201c BMW R 80 \\\/ 100 R und GS Modelle\",\"datePublished\":\"2014-01-25T09:00:17+00:00\",\"dateModified\":\"2020-08-11T18:45:57+00:00\",\"mainEntityOfPage\":{\"@id\":\"https:\\\/\\\/blog.swt-sports.de\\\/index.php\\\/neue-kardanwelle-fuer-die-alte-bmw-r-80-100-r-und-gs-modelle\\\/\"},\"wordCount\":480,\"commentCount\":4,\"publisher\":{\"@id\":\"https:\\\/\\\/blog.swt-sports.de\\\/#organization\"},\"image\":{\"@id\":\"https:\\\/\\\/blog.swt-sports.de\\\/index.php\\\/neue-kardanwelle-fuer-die-alte-bmw-r-80-100-r-und-gs-modelle\\\/#primaryimage\"},\"thumbnailUrl\":\"http:\\\/\\\/blog.swt-sports.de\\\/wp-content\\\/uploads\\\/2014\\\/01\\\/Kardanwelle_Komplett1-1024x524.jpg\",\"keywords\":[\"BMW\",\"Boxer\",\"2-Ventiler\",\"Umbauten\",\"BMW Boxer\",\"Antriebswelle\",\"Kardanwelle\",\"Kardan BMW\",\"BMW Boxer Antrieb\"],\"articleSection\":[\"SWT Produkte\",\"SWT Tuning\"],\"inLanguage\":\"de\",\"potentialAction\":[{\"@type\":\"CommentAction\",\"name\":\"Comment\",\"target\":[\"https:\\\/\\\/blog.swt-sports.de\\\/index.php\\\/neue-kardanwelle-fuer-die-alte-bmw-r-80-100-r-und-gs-modelle\\\/#respond\"]}]},{\"@type\":\"WebPage\",\"@id\":\"https:\\\/\\\/blog.swt-sports.de\\\/index.php\\\/neue-kardanwelle-fuer-die-alte-bmw-r-80-100-r-und-gs-modelle\\\/\",\"url\":\"https:\\\/\\\/blog.swt-sports.de\\\/index.php\\\/neue-kardanwelle-fuer-die-alte-bmw-r-80-100-r-und-gs-modelle\\\/\",\"name\":\"Neue Kardanwelle f\u00fcr die \u201ealte\u201c BMW R 80 \\\/ 100 R und GS Modelle - SWT-SPORTS Blog\",\"isPartOf\":{\"@id\":\"https:\\\/\\\/blog.swt-sports.de\\\/#website\"},\"primaryImageOfPage\":{\"@id\":\"https:\\\/\\\/blog.swt-sports.de\\\/index.php\\\/neue-kardanwelle-fuer-die-alte-bmw-r-80-100-r-und-gs-modelle\\\/#primaryimage\"},\"image\":{\"@id\":\"https:\\\/\\\/blog.swt-sports.de\\\/index.php\\\/neue-kardanwelle-fuer-die-alte-bmw-r-80-100-r-und-gs-modelle\\\/#primaryimage\"},\"thumbnailUrl\":\"http:\\\/\\\/blog.swt-sports.de\\\/wp-content\\\/uploads\\\/2014\\\/01\\\/Kardanwelle_Komplett1-1024x524.jpg\",\"datePublished\":\"2014-01-25T09:00:17+00:00\",\"dateModified\":\"2020-08-11T18:45:57+00:00\",\"breadcrumb\":{\"@id\":\"https:\\\/\\\/blog.swt-sports.de\\\/index.php\\\/neue-kardanwelle-fuer-die-alte-bmw-r-80-100-r-und-gs-modelle\\\/#breadcrumb\"},\"inLanguage\":\"de\",\"potentialAction\":[{\"@type\":\"ReadAction\",\"target\":[\"https:\\\/\\\/blog.swt-sports.de\\\/index.php\\\/neue-kardanwelle-fuer-die-alte-bmw-r-80-100-r-und-gs-modelle\\\/\"]}]},{\"@type\":\"ImageObject\",\"inLanguage\":\"de\",\"@id\":\"https:\\\/\\\/blog.swt-sports.de\\\/index.php\\\/neue-kardanwelle-fuer-die-alte-bmw-r-80-100-r-und-gs-modelle\\\/#primaryimage\",\"url\":\"https:\\\/\\\/blog.swt-sports.de\\\/wp-content\\\/uploads\\\/2014\\\/01\\\/Kardanwelle_Komplett1.jpg\",\"contentUrl\":\"https:\\\/\\\/blog.swt-sports.de\\\/wp-content\\\/uploads\\\/2014\\\/01\\\/Kardanwelle_Komplett1.jpg\",\"width\":1200,\"height\":615},{\"@type\":\"BreadcrumbList\",\"@id\":\"https:\\\/\\\/blog.swt-sports.de\\\/index.php\\\/neue-kardanwelle-fuer-die-alte-bmw-r-80-100-r-und-gs-modelle\\\/#breadcrumb\",\"itemListElement\":[{\"@type\":\"ListItem\",\"position\":1,\"name\":\"Startseite\",\"item\":\"https:\\\/\\\/blog.swt-sports.de\\\/\"},{\"@type\":\"ListItem\",\"position\":2,\"name\":\"Neue Kardanwelle f\u00fcr die \u201ealte\u201c BMW R 80 \\\/ 100 R und GS Modelle\"}]},{\"@type\":\"WebSite\",\"@id\":\"https:\\\/\\\/blog.swt-sports.de\\\/#website\",\"url\":\"https:\\\/\\\/blog.swt-sports.de\\\/\",\"name\":\"SWT-SPORTS Blog\",\"description\":\"BMW Motorrad | 2-Ventiler | R80 \\\/ R100GS G\\\/S | Paris Dakar | BMW-Boxer\",\"publisher\":{\"@id\":\"https:\\\/\\\/blog.swt-sports.de\\\/#organization\"},\"potentialAction\":[{\"@type\":\"SearchAction\",\"target\":{\"@type\":\"EntryPoint\",\"urlTemplate\":\"https:\\\/\\\/blog.swt-sports.de\\\/?s={search_term_string}\"},\"query-input\":{\"@type\":\"PropertyValueSpecification\",\"valueRequired\":true,\"valueName\":\"search_term_string\"}}],\"inLanguage\":\"de\"},{\"@type\":\"Organization\",\"@id\":\"https:\\\/\\\/blog.swt-sports.de\\\/#organization\",\"name\":\"SWT Sports\",\"url\":\"https:\\\/\\\/blog.swt-sports.de\\\/\",\"logo\":{\"@type\":\"ImageObject\",\"inLanguage\":\"de\",\"@id\":\"https:\\\/\\\/blog.swt-sports.de\\\/#\\\/schema\\\/logo\\\/image\\\/\",\"url\":\"https:\\\/\\\/blog.swt-sports.de\\\/wp-content\\\/uploads\\\/2020\\\/08\\\/swt_sports_logo.svg\",\"contentUrl\":\"https:\\\/\\\/blog.swt-sports.de\\\/wp-content\\\/uploads\\\/2020\\\/08\\\/swt_sports_logo.svg\",\"width\":306,\"height\":247,\"caption\":\"SWT Sports\"},\"image\":{\"@id\":\"https:\\\/\\\/blog.swt-sports.de\\\/#\\\/schema\\\/logo\\\/image\\\/\"},\"sameAs\":[\"https:\\\/\\\/www.facebook.com\\\/\",\"https:\\\/\\\/x.com\\\/swtsports\",\"https:\\\/\\\/www.instagram.com\\\/swt_sports\\\/\",\"https:\\\/\\\/www.youtube.com\\\/user\\\/SWTsports\"]},{\"@type\":\"Person\",\"@id\":\"https:\\\/\\\/blog.swt-sports.de\\\/#\\\/schema\\\/person\\\/b1fb20850ef709b5efbd2510a27b50ec\",\"name\":\"Lutz Lindemann\",\"image\":{\"@type\":\"ImageObject\",\"inLanguage\":\"de\",\"@id\":\"https:\\\/\\\/secure.gravatar.com\\\/avatar\\\/734a9bedc494f6dc8377999f4d8a7d95539d24428aae22d6a7a829f916324968?s=96&r=g\",\"url\":\"https:\\\/\\\/secure.gravatar.com\\\/avatar\\\/734a9bedc494f6dc8377999f4d8a7d95539d24428aae22d6a7a829f916324968?s=96&r=g\",\"contentUrl\":\"https:\\\/\\\/secure.gravatar.com\\\/avatar\\\/734a9bedc494f6dc8377999f4d8a7d95539d24428aae22d6a7a829f916324968?s=96&r=g\",\"caption\":\"Lutz Lindemann\"},\"sameAs\":[\"http:\\\/\\\/lutzlindemann.com\"]}]}<\/script>\n<!-- \/ Yoast SEO plugin. -->","yoast_head_json":{"title":"Neue Kardanwelle f\u00fcr die \u201ealte\u201c BMW R 80 \/ 100 R und GS Modelle - SWT-SPORTS Blog","robots":{"index":"index","follow":"follow","max-snippet":"max-snippet:-1","max-image-preview":"max-image-preview:large","max-video-preview":"max-video-preview:-1"},"canonical":"https:\/\/blog.swt-sports.de\/index.php\/neue-kardanwelle-fuer-die-alte-bmw-r-80-100-r-und-gs-modelle\/","og_locale":"de_DE","og_type":"article","og_title":"Neue Kardanwelle f\u00fcr die \u201ealte\u201c BMW R 80 \/ 100 R und GS Modelle - SWT-SPORTS Blog","og_description":"\u00a0 Was bei den meisten Motorr\u00e4dern die Kette und das Ritzel ist, ist bei den BMW Boxer Motorr\u00e4dern die Kardanwelle. [&hellip;]","og_url":"https:\/\/blog.swt-sports.de\/index.php\/neue-kardanwelle-fuer-die-alte-bmw-r-80-100-r-und-gs-modelle\/","og_site_name":"SWT-SPORTS Blog","article_publisher":"https:\/\/www.facebook.com\/","article_published_time":"2014-01-25T09:00:17+00:00","article_modified_time":"2020-08-11T18:45:57+00:00","og_image":[{"url":"http:\/\/blog.swt-sports.de\/wp-content\/uploads\/2014\/01\/Kardanwelle_Komplett1-1024x524.jpg","type":"","width":"","height":""}],"author":"Lutz Lindemann","twitter_card":"summary_large_image","twitter_creator":"@swtsports","twitter_site":"@swtsports","twitter_misc":{"Verfasst von":"Lutz Lindemann","Gesch\u00e4tzte Lesezeit":"2\u00a0Minuten"},"schema":{"@context":"https:\/\/schema.org","@graph":[{"@type":"Article","@id":"https:\/\/blog.swt-sports.de\/index.php\/neue-kardanwelle-fuer-die-alte-bmw-r-80-100-r-und-gs-modelle\/#article","isPartOf":{"@id":"https:\/\/blog.swt-sports.de\/index.php\/neue-kardanwelle-fuer-die-alte-bmw-r-80-100-r-und-gs-modelle\/"},"author":{"name":"Lutz Lindemann","@id":"https:\/\/blog.swt-sports.de\/#\/schema\/person\/b1fb20850ef709b5efbd2510a27b50ec"},"headline":"Neue Kardanwelle f\u00fcr die \u201ealte\u201c BMW R 80 \/ 100 R und GS Modelle","datePublished":"2014-01-25T09:00:17+00:00","dateModified":"2020-08-11T18:45:57+00:00","mainEntityOfPage":{"@id":"https:\/\/blog.swt-sports.de\/index.php\/neue-kardanwelle-fuer-die-alte-bmw-r-80-100-r-und-gs-modelle\/"},"wordCount":480,"commentCount":4,"publisher":{"@id":"https:\/\/blog.swt-sports.de\/#organization"},"image":{"@id":"https:\/\/blog.swt-sports.de\/index.php\/neue-kardanwelle-fuer-die-alte-bmw-r-80-100-r-und-gs-modelle\/#primaryimage"},"thumbnailUrl":"http:\/\/blog.swt-sports.de\/wp-content\/uploads\/2014\/01\/Kardanwelle_Komplett1-1024x524.jpg","keywords":["BMW","Boxer","2-Ventiler","Umbauten","BMW Boxer","Antriebswelle","Kardanwelle","Kardan BMW","BMW Boxer Antrieb"],"articleSection":["SWT Produkte","SWT Tuning"],"inLanguage":"de","potentialAction":[{"@type":"CommentAction","name":"Comment","target":["https:\/\/blog.swt-sports.de\/index.php\/neue-kardanwelle-fuer-die-alte-bmw-r-80-100-r-und-gs-modelle\/#respond"]}]},{"@type":"WebPage","@id":"https:\/\/blog.swt-sports.de\/index.php\/neue-kardanwelle-fuer-die-alte-bmw-r-80-100-r-und-gs-modelle\/","url":"https:\/\/blog.swt-sports.de\/index.php\/neue-kardanwelle-fuer-die-alte-bmw-r-80-100-r-und-gs-modelle\/","name":"Neue Kardanwelle f\u00fcr die \u201ealte\u201c BMW R 80 \/ 100 R und GS Modelle - SWT-SPORTS Blog","isPartOf":{"@id":"https:\/\/blog.swt-sports.de\/#website"},"primaryImageOfPage":{"@id":"https:\/\/blog.swt-sports.de\/index.php\/neue-kardanwelle-fuer-die-alte-bmw-r-80-100-r-und-gs-modelle\/#primaryimage"},"image":{"@id":"https:\/\/blog.swt-sports.de\/index.php\/neue-kardanwelle-fuer-die-alte-bmw-r-80-100-r-und-gs-modelle\/#primaryimage"},"thumbnailUrl":"http:\/\/blog.swt-sports.de\/wp-content\/uploads\/2014\/01\/Kardanwelle_Komplett1-1024x524.jpg","datePublished":"2014-01-25T09:00:17+00:00","dateModified":"2020-08-11T18:45:57+00:00","breadcrumb":{"@id":"https:\/\/blog.swt-sports.de\/index.php\/neue-kardanwelle-fuer-die-alte-bmw-r-80-100-r-und-gs-modelle\/#breadcrumb"},"inLanguage":"de","potentialAction":[{"@type":"ReadAction","target":["https:\/\/blog.swt-sports.de\/index.php\/neue-kardanwelle-fuer-die-alte-bmw-r-80-100-r-und-gs-modelle\/"]}]},{"@type":"ImageObject","inLanguage":"de","@id":"https:\/\/blog.swt-sports.de\/index.php\/neue-kardanwelle-fuer-die-alte-bmw-r-80-100-r-und-gs-modelle\/#primaryimage","url":"https:\/\/blog.swt-sports.de\/wp-content\/uploads\/2014\/01\/Kardanwelle_Komplett1.jpg","contentUrl":"https:\/\/blog.swt-sports.de\/wp-content\/uploads\/2014\/01\/Kardanwelle_Komplett1.jpg","width":1200,"height":615},{"@type":"BreadcrumbList","@id":"https:\/\/blog.swt-sports.de\/index.php\/neue-kardanwelle-fuer-die-alte-bmw-r-80-100-r-und-gs-modelle\/#breadcrumb","itemListElement":[{"@type":"ListItem","position":1,"name":"Startseite","item":"https:\/\/blog.swt-sports.de\/"},{"@type":"ListItem","position":2,"name":"Neue Kardanwelle f\u00fcr die \u201ealte\u201c BMW R 80 \/ 100 R und GS Modelle"}]},{"@type":"WebSite","@id":"https:\/\/blog.swt-sports.de\/#website","url":"https:\/\/blog.swt-sports.de\/","name":"SWT-SPORTS Blog","description":"BMW Motorrad | 2-Ventiler | R80 \/ R100GS G\/S | Paris Dakar | BMW-Boxer","publisher":{"@id":"https:\/\/blog.swt-sports.de\/#organization"},"potentialAction":[{"@type":"SearchAction","target":{"@type":"EntryPoint","urlTemplate":"https:\/\/blog.swt-sports.de\/?s={search_term_string}"},"query-input":{"@type":"PropertyValueSpecification","valueRequired":true,"valueName":"search_term_string"}}],"inLanguage":"de"},{"@type":"Organization","@id":"https:\/\/blog.swt-sports.de\/#organization","name":"SWT Sports","url":"https:\/\/blog.swt-sports.de\/","logo":{"@type":"ImageObject","inLanguage":"de","@id":"https:\/\/blog.swt-sports.de\/#\/schema\/logo\/image\/","url":"https:\/\/blog.swt-sports.de\/wp-content\/uploads\/2020\/08\/swt_sports_logo.svg","contentUrl":"https:\/\/blog.swt-sports.de\/wp-content\/uploads\/2020\/08\/swt_sports_logo.svg","width":306,"height":247,"caption":"SWT Sports"},"image":{"@id":"https:\/\/blog.swt-sports.de\/#\/schema\/logo\/image\/"},"sameAs":["https:\/\/www.facebook.com\/","https:\/\/x.com\/swtsports","https:\/\/www.instagram.com\/swt_sports\/","https:\/\/www.youtube.com\/user\/SWTsports"]},{"@type":"Person","@id":"https:\/\/blog.swt-sports.de\/#\/schema\/person\/b1fb20850ef709b5efbd2510a27b50ec","name":"Lutz Lindemann","image":{"@type":"ImageObject","inLanguage":"de","@id":"https:\/\/secure.gravatar.com\/avatar\/734a9bedc494f6dc8377999f4d8a7d95539d24428aae22d6a7a829f916324968?s=96&r=g","url":"https:\/\/secure.gravatar.com\/avatar\/734a9bedc494f6dc8377999f4d8a7d95539d24428aae22d6a7a829f916324968?s=96&r=g","contentUrl":"https:\/\/secure.gravatar.com\/avatar\/734a9bedc494f6dc8377999f4d8a7d95539d24428aae22d6a7a829f916324968?s=96&r=g","caption":"Lutz Lindemann"},"sameAs":["http:\/\/lutzlindemann.com"]}]}},"_links":{"self":[{"href":"https:\/\/blog.swt-sports.de\/index.php\/wp-json\/wp\/v2\/posts\/79","targetHints":{"allow":["GET"]}}],"collection":[{"href":"https:\/\/blog.swt-sports.de\/index.php\/wp-json\/wp\/v2\/posts"}],"about":[{"href":"https:\/\/blog.swt-sports.de\/index.php\/wp-json\/wp\/v2\/types\/post"}],"author":[{"embeddable":true,"href":"https:\/\/blog.swt-sports.de\/index.php\/wp-json\/wp\/v2\/users\/26194"}],"replies":[{"embeddable":true,"href":"https:\/\/blog.swt-sports.de\/index.php\/wp-json\/wp\/v2\/comments?post=79"}],"version-history":[{"count":8,"href":"https:\/\/blog.swt-sports.de\/index.php\/wp-json\/wp\/v2\/posts\/79\/revisions"}],"predecessor-version":[{"id":83322,"href":"https:\/\/blog.swt-sports.de\/index.php\/wp-json\/wp\/v2\/posts\/79\/revisions\/83322"}],"wp:attachment":[{"href":"https:\/\/blog.swt-sports.de\/index.php\/wp-json\/wp\/v2\/media?parent=79"}],"wp:term":[{"taxonomy":"category","embeddable":true,"href":"https:\/\/blog.swt-sports.de\/index.php\/wp-json\/wp\/v2\/categories?post=79"},{"taxonomy":"post_tag","embeddable":true,"href":"https:\/\/blog.swt-sports.de\/index.php\/wp-json\/wp\/v2\/tags?post=79"}],"curies":[{"name":"wp","href":"https:\/\/api.w.org\/{rel}","templated":true}]}}