{"id":671,"date":"2015-01-11T10:13:38","date_gmt":"2015-01-11T09:13:38","guid":{"rendered":"http:\/\/blog.swt-sports.de\/?p=671"},"modified":"2020-08-11T20:01:57","modified_gmt":"2020-08-11T19:01:57","slug":"rallye-paris-dakar-africa-eco-race-2015","status":"publish","type":"post","link":"https:\/\/blog.swt-sports.de\/index.php\/rallye-paris-dakar-africa-eco-race-2015\/","title":{"rendered":"Rallye Paris Dakar &#8211; Africa Eco Race  2015"},"content":{"rendered":"<figure style=\"width: 466px\" class=\"wp-caption aligncenter\"><a href=\"https:\/\/lh6.googleusercontent.com\/-__uknQmzZeQ\/RoZCJwBP76I\/AAAAAAAAC0E\/RAQMTd4cyVg\/w466-h350-no\/DSCN0164.jpg\"><img decoding=\"async\" src=\"https:\/\/lh6.googleusercontent.com\/-__uknQmzZeQ\/RoZCJwBP76I\/AAAAAAAAC0E\/RAQMTd4cyVg\/w466-h350-no\/DSCN0164.jpg\" alt=\"SWT-SPORTS BMW Desert\" width=\"466\" height=\"350\" \/><\/a><figcaption class=\"wp-caption-text\">SWT-SPORTS BMW Motorrad im Sand<\/figcaption><\/figure>\n<p>Die <a title=\"Seite der DAKAR\" href=\"http:\/\/www.dakar.com\/index_DAKus.html\" target=\"_blank\" rel=\"noopener noreferrer\">Rallye Paris Dakar<\/a> ist gerade wieder in Aktion. Ob es sein muss, dass die DAKAR seit Jahren in S\u00fcdamerika ist, dar\u00fcber l\u00e4sst sich streiten. Doch ich glaube, eine R\u00fcckkehr werden wir wohl nicht mehr erleben. Auf den Spuren der <strong>DAKAR<\/strong> entstand das <a title=\"Africa Eco Race\" href=\"http:\/\/www.africarace.com\" target=\"_blank\" rel=\"noopener noreferrer\">AFRICA ECO RACE.<\/a> Da mich Africa noch immer fasziniert, fesseln mich die 30 Minuten der \u00dcbertragung bei Eurosport immer wieder vor den Fernseher. Die W\u00fcste hat einfach etwas Faszinierendes.<\/p>\n<figure style=\"width: 466px\" class=\"wp-caption aligncenter\"><a href=\"https:\/\/lh4.googleusercontent.com\/-F5dYpFYaY10\/RoZB_QBP7ZI\/AAAAAAAACxw\/1zu4msSzeKs\/w466-h350-no\/DSCN0122.jpg\"><img decoding=\"async\" src=\"https:\/\/lh4.googleusercontent.com\/-F5dYpFYaY10\/RoZB_QBP7ZI\/AAAAAAAACxw\/1zu4msSzeKs\/w466-h350-no\/DSCN0122.jpg\" alt=\"BMW GS in Marokko\" width=\"466\" height=\"350\" \/><\/a><figcaption class=\"wp-caption-text\">Grenzenlose Weite in Marokko mit zwei BMW R 100 GS<\/figcaption><\/figure>\n<p>Egal ob <strong>DAKAR<\/strong> oder <strong>AFRICA Eco Race<\/strong>, der Ursprung ist meiner Meinung nach im gleichen Rennen. Und <strong>BMW Motorrad<\/strong> hat auch in dieser Historie seinen Beitrag geleistet. Damals als Kind waren wir zur Startzeit der Paris-Dakar immer im Skiurlaub. Am sp\u00e4ten Abend durfte ich mir regelm\u00e4\u00dfig die Abenteurer auf ihren W\u00fcstenmaschinen mit langen Federwegen und riesigem Tank anschauen. Die Motorr\u00e4der sahen oft recht abenteuerlich aus und waren f\u00fcr mich wie W\u00fcstenelefanten.<\/p>\n<figure style=\"width: 466px\" class=\"wp-caption aligncenter\"><a href=\"https:\/\/lh6.googleusercontent.com\/-E1oKLz3mPcI\/RoZBvwBP63I\/AAAAAAAACvc\/YpT9wQXCnhY\/w466-h350-no\/DSCN0081.jpg\"><img decoding=\"async\" src=\"https:\/\/lh6.googleusercontent.com\/-E1oKLz3mPcI\/RoZBvwBP63I\/AAAAAAAACvc\/YpT9wQXCnhY\/w466-h350-no\/DSCN0081.jpg\" alt=\"BMW SWT-SPORTS Motorrad\" width=\"466\" height=\"350\" \/><\/a><figcaption class=\"wp-caption-text\">BMW R 100 GS Motorrad im SWT-SPORTS trimm<\/figcaption><\/figure>\n<p>Dies hat mich in meiner Jugend so gepr\u00e4gt, dass ich vor 10 Jahren das erste Mal aufgebrochen bin, um den Spuren der legend\u00e4ren <strong>Paris-Dakar<\/strong> zu folgen. Damals hatten wir einen schlechten Zeitpunkt erwischt, in Spanien war der Winter eingebrochen, auch in Marokko hatten wir mit sehr viel Regen und teilweise auch Schnee zu k\u00e4mpfen. Belohnt wurden wir mit tollen Momenten. So konnten wir den RACE-Touareg von Jutta Kleinschmitt und den deutschen Beifahrer Andy Schulz kenne lernen. Jetzt wo ich wieder jeden Abend vor dem TV sitze und mit beide \u00dcbertragungen ansehe, da kommen die Erinnerung an diesen abenteuerlichen Trip wieder zur\u00fcck.<\/p>\n<figure style=\"width: 466px\" class=\"wp-caption aligncenter\"><a href=\"https:\/\/lh5.googleusercontent.com\/-IS9rJ98l2iU\/RoZCMgBP8DI\/AAAAAAAAC0w\/b_DGem1J-RE\/w466-h350-no\/DSCN0178.jpg\"><img decoding=\"async\" src=\"https:\/\/lh5.googleusercontent.com\/-IS9rJ98l2iU\/RoZCMgBP8DI\/AAAAAAAAC0w\/b_DGem1J-RE\/w466-h350-no\/DSCN0178.jpg\" alt=\"Race Touareg im Einsatz\" width=\"466\" height=\"350\" \/><\/a><figcaption class=\"wp-caption-text\">VW Race Touareg im Einsatz<\/figcaption><\/figure>\n<p>So kann ich nur als Abschluss sagen, Marokko, eine Reise wert\u2026..<\/p>\n<p><a title=\"Album Marokko von SWT-SPORTS\" href=\"https:\/\/plus.google.com\/photos\/111521186839069639078\/albums\/5081821234666137793?banner=pwahttp:\/\/\">Bilder vom Trip 2005<\/a><\/p>\n<p><a href=\"http:\/\/blog.swt-sports.de\/wp-content\/uploads\/2015\/01\/Zeitungsbericht-Marokko-Tour.pdf\">Zeitungsbericht Mainpost Marokko Tour<\/a><\/p>\n<p>&nbsp;<\/p>\n<p>&nbsp;<\/p>\n","protected":false},"excerpt":{"rendered":"<p>Die Rallye Paris Dakar ist gerade wieder in Aktion. Ob es sein muss, dass die DAKAR seit Jahren in S\u00fcdamerika [&hellip;]<\/p>\n","protected":false},"author":26194,"featured_media":681,"comment_status":"open","ping_status":"closed","sticky":false,"template":"","format":"standard","meta":{"footnotes":""},"categories":[1306],"tags":[166,167,168,169,170,171,172],"class_list":["post-671","post","type-post","status-publish","format-standard","has-post-thumbnail","hentry","category-events","tag-paris-dakar","tag-marokko-tour","tag-reise-marokko","tag-trip-marokko","tag-africa-eco-race","tag-dakar","tag-bmw-paris-dakar-gs"],"yoast_head":"<!-- This site is optimized with the Yoast SEO plugin v27.5 - https:\/\/yoast.com\/product\/yoast-seo-wordpress\/ -->\n<title>Rallye Paris Dakar - Africa Eco Race 2015 - SWT-SPORTS Blog<\/title>\n<meta name=\"robots\" content=\"index, follow, max-snippet:-1, max-image-preview:large, max-video-preview:-1\" \/>\n<link rel=\"canonical\" href=\"https:\/\/blog.swt-sports.de\/index.php\/rallye-paris-dakar-africa-eco-race-2015\/\" \/>\n<meta property=\"og:locale\" content=\"de_DE\" \/>\n<meta property=\"og:type\" content=\"article\" \/>\n<meta property=\"og:title\" content=\"Rallye Paris Dakar - Africa Eco Race 2015 - SWT-SPORTS Blog\" \/>\n<meta property=\"og:description\" content=\"Die Rallye Paris Dakar ist gerade wieder in Aktion. Ob es sein muss, dass die DAKAR seit Jahren in S\u00fcdamerika [&hellip;]\" \/>\n<meta property=\"og:url\" content=\"https:\/\/blog.swt-sports.de\/index.php\/rallye-paris-dakar-africa-eco-race-2015\/\" \/>\n<meta property=\"og:site_name\" content=\"SWT-SPORTS Blog\" \/>\n<meta property=\"article:publisher\" content=\"https:\/\/www.facebook.com\/\" \/>\n<meta property=\"article:published_time\" content=\"2015-01-11T09:13:38+00:00\" \/>\n<meta property=\"article:modified_time\" content=\"2020-08-11T19:01:57+00:00\" \/>\n<meta property=\"og:image\" content=\"https:\/\/blog.swt-sports.de\/wp-content\/uploads\/2015\/01\/Marokko_DAKAR_Trip.jpg\" \/>\n\t<meta property=\"og:image:width\" content=\"466\" \/>\n\t<meta property=\"og:image:height\" content=\"350\" \/>\n\t<meta property=\"og:image:type\" content=\"image\/jpeg\" \/>\n<meta name=\"author\" content=\"Lutz Lindemann\" \/>\n<meta name=\"twitter:card\" content=\"summary_large_image\" \/>\n<meta name=\"twitter:creator\" content=\"@swtsports\" \/>\n<meta name=\"twitter:site\" content=\"@swtsports\" \/>\n<meta name=\"twitter:label1\" content=\"Verfasst von\" \/>\n\t<meta name=\"twitter:data1\" content=\"Lutz Lindemann\" \/>\n\t<meta name=\"twitter:label2\" content=\"Gesch\u00e4tzte Lesezeit\" \/>\n\t<meta name=\"twitter:data2\" content=\"2\u00a0Minuten\" \/>\n<script type=\"application\/ld+json\" class=\"yoast-schema-graph\">{\"@context\":\"https:\\\/\\\/schema.org\",\"@graph\":[{\"@type\":\"Article\",\"@id\":\"https:\\\/\\\/blog.swt-sports.de\\\/index.php\\\/rallye-paris-dakar-africa-eco-race-2015\\\/#article\",\"isPartOf\":{\"@id\":\"https:\\\/\\\/blog.swt-sports.de\\\/index.php\\\/rallye-paris-dakar-africa-eco-race-2015\\\/\"},\"author\":{\"name\":\"Lutz Lindemann\",\"@id\":\"https:\\\/\\\/blog.swt-sports.de\\\/#\\\/schema\\\/person\\\/b1fb20850ef709b5efbd2510a27b50ec\"},\"headline\":\"Rallye Paris Dakar &#8211; Africa Eco Race 2015\",\"datePublished\":\"2015-01-11T09:13:38+00:00\",\"dateModified\":\"2020-08-11T19:01:57+00:00\",\"mainEntityOfPage\":{\"@id\":\"https:\\\/\\\/blog.swt-sports.de\\\/index.php\\\/rallye-paris-dakar-africa-eco-race-2015\\\/\"},\"wordCount\":334,\"commentCount\":1,\"publisher\":{\"@id\":\"https:\\\/\\\/blog.swt-sports.de\\\/#organization\"},\"image\":{\"@id\":\"https:\\\/\\\/blog.swt-sports.de\\\/index.php\\\/rallye-paris-dakar-africa-eco-race-2015\\\/#primaryimage\"},\"thumbnailUrl\":\"https:\\\/\\\/blog.swt-sports.de\\\/wp-content\\\/uploads\\\/2015\\\/01\\\/Marokko_DAKAR_Trip.jpg\",\"keywords\":[\"Paris Dakar\",\"Marokko Tour\",\"Reise Marokko\",\"Trip Marokko\",\"Africa Eco Race\",\"Dakar\",\"BMW Paris Dakar GS\"],\"articleSection\":[\"Events\"],\"inLanguage\":\"de\",\"potentialAction\":[{\"@type\":\"CommentAction\",\"name\":\"Comment\",\"target\":[\"https:\\\/\\\/blog.swt-sports.de\\\/index.php\\\/rallye-paris-dakar-africa-eco-race-2015\\\/#respond\"]}]},{\"@type\":\"WebPage\",\"@id\":\"https:\\\/\\\/blog.swt-sports.de\\\/index.php\\\/rallye-paris-dakar-africa-eco-race-2015\\\/\",\"url\":\"https:\\\/\\\/blog.swt-sports.de\\\/index.php\\\/rallye-paris-dakar-africa-eco-race-2015\\\/\",\"name\":\"Rallye Paris Dakar - Africa Eco Race 2015 - SWT-SPORTS Blog\",\"isPartOf\":{\"@id\":\"https:\\\/\\\/blog.swt-sports.de\\\/#website\"},\"primaryImageOfPage\":{\"@id\":\"https:\\\/\\\/blog.swt-sports.de\\\/index.php\\\/rallye-paris-dakar-africa-eco-race-2015\\\/#primaryimage\"},\"image\":{\"@id\":\"https:\\\/\\\/blog.swt-sports.de\\\/index.php\\\/rallye-paris-dakar-africa-eco-race-2015\\\/#primaryimage\"},\"thumbnailUrl\":\"https:\\\/\\\/blog.swt-sports.de\\\/wp-content\\\/uploads\\\/2015\\\/01\\\/Marokko_DAKAR_Trip.jpg\",\"datePublished\":\"2015-01-11T09:13:38+00:00\",\"dateModified\":\"2020-08-11T19:01:57+00:00\",\"breadcrumb\":{\"@id\":\"https:\\\/\\\/blog.swt-sports.de\\\/index.php\\\/rallye-paris-dakar-africa-eco-race-2015\\\/#breadcrumb\"},\"inLanguage\":\"de\",\"potentialAction\":[{\"@type\":\"ReadAction\",\"target\":[\"https:\\\/\\\/blog.swt-sports.de\\\/index.php\\\/rallye-paris-dakar-africa-eco-race-2015\\\/\"]}]},{\"@type\":\"ImageObject\",\"inLanguage\":\"de\",\"@id\":\"https:\\\/\\\/blog.swt-sports.de\\\/index.php\\\/rallye-paris-dakar-africa-eco-race-2015\\\/#primaryimage\",\"url\":\"https:\\\/\\\/blog.swt-sports.de\\\/wp-content\\\/uploads\\\/2015\\\/01\\\/Marokko_DAKAR_Trip.jpg\",\"contentUrl\":\"https:\\\/\\\/blog.swt-sports.de\\\/wp-content\\\/uploads\\\/2015\\\/01\\\/Marokko_DAKAR_Trip.jpg\",\"width\":466,\"height\":350,\"caption\":\"Trip nach Afrika auf den Spuren der Dakar\"},{\"@type\":\"BreadcrumbList\",\"@id\":\"https:\\\/\\\/blog.swt-sports.de\\\/index.php\\\/rallye-paris-dakar-africa-eco-race-2015\\\/#breadcrumb\",\"itemListElement\":[{\"@type\":\"ListItem\",\"position\":1,\"name\":\"Startseite\",\"item\":\"https:\\\/\\\/blog.swt-sports.de\\\/\"},{\"@type\":\"ListItem\",\"position\":2,\"name\":\"Rallye Paris Dakar &#8211; Africa Eco Race 2015\"}]},{\"@type\":\"WebSite\",\"@id\":\"https:\\\/\\\/blog.swt-sports.de\\\/#website\",\"url\":\"https:\\\/\\\/blog.swt-sports.de\\\/\",\"name\":\"SWT-SPORTS Blog\",\"description\":\"BMW Motorrad | 2-Ventiler | R80 \\\/ R100GS G\\\/S | Paris Dakar | BMW-Boxer\",\"publisher\":{\"@id\":\"https:\\\/\\\/blog.swt-sports.de\\\/#organization\"},\"potentialAction\":[{\"@type\":\"SearchAction\",\"target\":{\"@type\":\"EntryPoint\",\"urlTemplate\":\"https:\\\/\\\/blog.swt-sports.de\\\/?s={search_term_string}\"},\"query-input\":{\"@type\":\"PropertyValueSpecification\",\"valueRequired\":true,\"valueName\":\"search_term_string\"}}],\"inLanguage\":\"de\"},{\"@type\":\"Organization\",\"@id\":\"https:\\\/\\\/blog.swt-sports.de\\\/#organization\",\"name\":\"SWT Sports\",\"url\":\"https:\\\/\\\/blog.swt-sports.de\\\/\",\"logo\":{\"@type\":\"ImageObject\",\"inLanguage\":\"de\",\"@id\":\"https:\\\/\\\/blog.swt-sports.de\\\/#\\\/schema\\\/logo\\\/image\\\/\",\"url\":\"https:\\\/\\\/blog.swt-sports.de\\\/wp-content\\\/uploads\\\/2020\\\/08\\\/swt_sports_logo.svg\",\"contentUrl\":\"https:\\\/\\\/blog.swt-sports.de\\\/wp-content\\\/uploads\\\/2020\\\/08\\\/swt_sports_logo.svg\",\"width\":306,\"height\":247,\"caption\":\"SWT Sports\"},\"image\":{\"@id\":\"https:\\\/\\\/blog.swt-sports.de\\\/#\\\/schema\\\/logo\\\/image\\\/\"},\"sameAs\":[\"https:\\\/\\\/www.facebook.com\\\/\",\"https:\\\/\\\/x.com\\\/swtsports\",\"https:\\\/\\\/www.instagram.com\\\/swt_sports\\\/\",\"https:\\\/\\\/www.youtube.com\\\/user\\\/SWTsports\"]},{\"@type\":\"Person\",\"@id\":\"https:\\\/\\\/blog.swt-sports.de\\\/#\\\/schema\\\/person\\\/b1fb20850ef709b5efbd2510a27b50ec\",\"name\":\"Lutz Lindemann\",\"image\":{\"@type\":\"ImageObject\",\"inLanguage\":\"de\",\"@id\":\"https:\\\/\\\/secure.gravatar.com\\\/avatar\\\/734a9bedc494f6dc8377999f4d8a7d95539d24428aae22d6a7a829f916324968?s=96&r=g\",\"url\":\"https:\\\/\\\/secure.gravatar.com\\\/avatar\\\/734a9bedc494f6dc8377999f4d8a7d95539d24428aae22d6a7a829f916324968?s=96&r=g\",\"contentUrl\":\"https:\\\/\\\/secure.gravatar.com\\\/avatar\\\/734a9bedc494f6dc8377999f4d8a7d95539d24428aae22d6a7a829f916324968?s=96&r=g\",\"caption\":\"Lutz Lindemann\"},\"sameAs\":[\"http:\\\/\\\/lutzlindemann.com\"]}]}<\/script>\n<!-- \/ Yoast SEO plugin. -->","yoast_head_json":{"title":"Rallye Paris Dakar - Africa Eco Race 2015 - SWT-SPORTS Blog","robots":{"index":"index","follow":"follow","max-snippet":"max-snippet:-1","max-image-preview":"max-image-preview:large","max-video-preview":"max-video-preview:-1"},"canonical":"https:\/\/blog.swt-sports.de\/index.php\/rallye-paris-dakar-africa-eco-race-2015\/","og_locale":"de_DE","og_type":"article","og_title":"Rallye Paris Dakar - Africa Eco Race 2015 - SWT-SPORTS Blog","og_description":"Die Rallye Paris Dakar ist gerade wieder in Aktion. Ob es sein muss, dass die DAKAR seit Jahren in S\u00fcdamerika [&hellip;]","og_url":"https:\/\/blog.swt-sports.de\/index.php\/rallye-paris-dakar-africa-eco-race-2015\/","og_site_name":"SWT-SPORTS Blog","article_publisher":"https:\/\/www.facebook.com\/","article_published_time":"2015-01-11T09:13:38+00:00","article_modified_time":"2020-08-11T19:01:57+00:00","og_image":[{"width":466,"height":350,"url":"https:\/\/blog.swt-sports.de\/wp-content\/uploads\/2015\/01\/Marokko_DAKAR_Trip.jpg","type":"image\/jpeg"}],"author":"Lutz Lindemann","twitter_card":"summary_large_image","twitter_creator":"@swtsports","twitter_site":"@swtsports","twitter_misc":{"Verfasst von":"Lutz Lindemann","Gesch\u00e4tzte Lesezeit":"2\u00a0Minuten"},"schema":{"@context":"https:\/\/schema.org","@graph":[{"@type":"Article","@id":"https:\/\/blog.swt-sports.de\/index.php\/rallye-paris-dakar-africa-eco-race-2015\/#article","isPartOf":{"@id":"https:\/\/blog.swt-sports.de\/index.php\/rallye-paris-dakar-africa-eco-race-2015\/"},"author":{"name":"Lutz Lindemann","@id":"https:\/\/blog.swt-sports.de\/#\/schema\/person\/b1fb20850ef709b5efbd2510a27b50ec"},"headline":"Rallye Paris Dakar &#8211; Africa Eco Race 2015","datePublished":"2015-01-11T09:13:38+00:00","dateModified":"2020-08-11T19:01:57+00:00","mainEntityOfPage":{"@id":"https:\/\/blog.swt-sports.de\/index.php\/rallye-paris-dakar-africa-eco-race-2015\/"},"wordCount":334,"commentCount":1,"publisher":{"@id":"https:\/\/blog.swt-sports.de\/#organization"},"image":{"@id":"https:\/\/blog.swt-sports.de\/index.php\/rallye-paris-dakar-africa-eco-race-2015\/#primaryimage"},"thumbnailUrl":"https:\/\/blog.swt-sports.de\/wp-content\/uploads\/2015\/01\/Marokko_DAKAR_Trip.jpg","keywords":["Paris Dakar","Marokko Tour","Reise Marokko","Trip Marokko","Africa Eco Race","Dakar","BMW Paris Dakar GS"],"articleSection":["Events"],"inLanguage":"de","potentialAction":[{"@type":"CommentAction","name":"Comment","target":["https:\/\/blog.swt-sports.de\/index.php\/rallye-paris-dakar-africa-eco-race-2015\/#respond"]}]},{"@type":"WebPage","@id":"https:\/\/blog.swt-sports.de\/index.php\/rallye-paris-dakar-africa-eco-race-2015\/","url":"https:\/\/blog.swt-sports.de\/index.php\/rallye-paris-dakar-africa-eco-race-2015\/","name":"Rallye Paris Dakar - Africa Eco Race 2015 - SWT-SPORTS Blog","isPartOf":{"@id":"https:\/\/blog.swt-sports.de\/#website"},"primaryImageOfPage":{"@id":"https:\/\/blog.swt-sports.de\/index.php\/rallye-paris-dakar-africa-eco-race-2015\/#primaryimage"},"image":{"@id":"https:\/\/blog.swt-sports.de\/index.php\/rallye-paris-dakar-africa-eco-race-2015\/#primaryimage"},"thumbnailUrl":"https:\/\/blog.swt-sports.de\/wp-content\/uploads\/2015\/01\/Marokko_DAKAR_Trip.jpg","datePublished":"2015-01-11T09:13:38+00:00","dateModified":"2020-08-11T19:01:57+00:00","breadcrumb":{"@id":"https:\/\/blog.swt-sports.de\/index.php\/rallye-paris-dakar-africa-eco-race-2015\/#breadcrumb"},"inLanguage":"de","potentialAction":[{"@type":"ReadAction","target":["https:\/\/blog.swt-sports.de\/index.php\/rallye-paris-dakar-africa-eco-race-2015\/"]}]},{"@type":"ImageObject","inLanguage":"de","@id":"https:\/\/blog.swt-sports.de\/index.php\/rallye-paris-dakar-africa-eco-race-2015\/#primaryimage","url":"https:\/\/blog.swt-sports.de\/wp-content\/uploads\/2015\/01\/Marokko_DAKAR_Trip.jpg","contentUrl":"https:\/\/blog.swt-sports.de\/wp-content\/uploads\/2015\/01\/Marokko_DAKAR_Trip.jpg","width":466,"height":350,"caption":"Trip nach Afrika auf den Spuren der Dakar"},{"@type":"BreadcrumbList","@id":"https:\/\/blog.swt-sports.de\/index.php\/rallye-paris-dakar-africa-eco-race-2015\/#breadcrumb","itemListElement":[{"@type":"ListItem","position":1,"name":"Startseite","item":"https:\/\/blog.swt-sports.de\/"},{"@type":"ListItem","position":2,"name":"Rallye Paris Dakar &#8211; Africa Eco Race 2015"}]},{"@type":"WebSite","@id":"https:\/\/blog.swt-sports.de\/#website","url":"https:\/\/blog.swt-sports.de\/","name":"SWT-SPORTS Blog","description":"BMW Motorrad | 2-Ventiler | R80 \/ R100GS G\/S | Paris Dakar | BMW-Boxer","publisher":{"@id":"https:\/\/blog.swt-sports.de\/#organization"},"potentialAction":[{"@type":"SearchAction","target":{"@type":"EntryPoint","urlTemplate":"https:\/\/blog.swt-sports.de\/?s={search_term_string}"},"query-input":{"@type":"PropertyValueSpecification","valueRequired":true,"valueName":"search_term_string"}}],"inLanguage":"de"},{"@type":"Organization","@id":"https:\/\/blog.swt-sports.de\/#organization","name":"SWT Sports","url":"https:\/\/blog.swt-sports.de\/","logo":{"@type":"ImageObject","inLanguage":"de","@id":"https:\/\/blog.swt-sports.de\/#\/schema\/logo\/image\/","url":"https:\/\/blog.swt-sports.de\/wp-content\/uploads\/2020\/08\/swt_sports_logo.svg","contentUrl":"https:\/\/blog.swt-sports.de\/wp-content\/uploads\/2020\/08\/swt_sports_logo.svg","width":306,"height":247,"caption":"SWT Sports"},"image":{"@id":"https:\/\/blog.swt-sports.de\/#\/schema\/logo\/image\/"},"sameAs":["https:\/\/www.facebook.com\/","https:\/\/x.com\/swtsports","https:\/\/www.instagram.com\/swt_sports\/","https:\/\/www.youtube.com\/user\/SWTsports"]},{"@type":"Person","@id":"https:\/\/blog.swt-sports.de\/#\/schema\/person\/b1fb20850ef709b5efbd2510a27b50ec","name":"Lutz Lindemann","image":{"@type":"ImageObject","inLanguage":"de","@id":"https:\/\/secure.gravatar.com\/avatar\/734a9bedc494f6dc8377999f4d8a7d95539d24428aae22d6a7a829f916324968?s=96&r=g","url":"https:\/\/secure.gravatar.com\/avatar\/734a9bedc494f6dc8377999f4d8a7d95539d24428aae22d6a7a829f916324968?s=96&r=g","contentUrl":"https:\/\/secure.gravatar.com\/avatar\/734a9bedc494f6dc8377999f4d8a7d95539d24428aae22d6a7a829f916324968?s=96&r=g","caption":"Lutz Lindemann"},"sameAs":["http:\/\/lutzlindemann.com"]}]}},"_links":{"self":[{"href":"https:\/\/blog.swt-sports.de\/index.php\/wp-json\/wp\/v2\/posts\/671","targetHints":{"allow":["GET"]}}],"collection":[{"href":"https:\/\/blog.swt-sports.de\/index.php\/wp-json\/wp\/v2\/posts"}],"about":[{"href":"https:\/\/blog.swt-sports.de\/index.php\/wp-json\/wp\/v2\/types\/post"}],"author":[{"embeddable":true,"href":"https:\/\/blog.swt-sports.de\/index.php\/wp-json\/wp\/v2\/users\/26194"}],"replies":[{"embeddable":true,"href":"https:\/\/blog.swt-sports.de\/index.php\/wp-json\/wp\/v2\/comments?post=671"}],"version-history":[{"count":8,"href":"https:\/\/blog.swt-sports.de\/index.php\/wp-json\/wp\/v2\/posts\/671\/revisions"}],"predecessor-version":[{"id":83368,"href":"https:\/\/blog.swt-sports.de\/index.php\/wp-json\/wp\/v2\/posts\/671\/revisions\/83368"}],"wp:featuredmedia":[{"embeddable":true,"href":"https:\/\/blog.swt-sports.de\/index.php\/wp-json\/wp\/v2\/media\/681"}],"wp:attachment":[{"href":"https:\/\/blog.swt-sports.de\/index.php\/wp-json\/wp\/v2\/media?parent=671"}],"wp:term":[{"taxonomy":"category","embeddable":true,"href":"https:\/\/blog.swt-sports.de\/index.php\/wp-json\/wp\/v2\/categories?post=671"},{"taxonomy":"post_tag","embeddable":true,"href":"https:\/\/blog.swt-sports.de\/index.php\/wp-json\/wp\/v2\/tags?post=671"}],"curies":[{"name":"wp","href":"https:\/\/api.w.org\/{rel}","templated":true}]}}