{"id":495,"date":"2014-08-19T23:05:01","date_gmt":"2014-08-19T22:05:01","guid":{"rendered":"http:\/\/blog.swt-sports.de\/?p=495"},"modified":"2020-08-11T19:55:44","modified_gmt":"2020-08-11T18:55:44","slug":"enduroboxer-treffen-mit-simo-kirssi-2014-auf-ktm","status":"publish","type":"post","link":"https:\/\/blog.swt-sports.de\/index.php\/enduroboxer-treffen-mit-simo-kirssi-2014-auf-ktm\/","title":{"rendered":"EnduroBoxer Treffen mit Simo Kirssi 2014 auf KTM"},"content":{"rendered":"<p style=\"margin-right: 0.13cm; margin-bottom: 0cm;\"><span style=\"font-family: Arial Black,sans-serif;\"><span style=\"font-size: medium;\"><span style=\"color: #000000;\">Das <\/span><a title=\"EnduroBoxer Page\" href=\"http:\/\/enduroboxer.swt-sports.de\/\" target=\"_blank\" rel=\"noopener noreferrer\"><span style=\"color: #000000;\"><b>Enduro Boxer <\/b><\/span><\/a><span style=\"color: #000000;\">Treffen 2014 mit Training von <a title=\"SWT-SPORTS Webshop\" href=\"http:\/\/www.swt-sports.de\" target=\"_blank\" rel=\"noopener noreferrer\">SWT-SPORTS<\/a> an der Schwarzen Pf\u00fctze<\/span><\/span><\/span><\/p>\n<figure id=\"attachment_496\" aria-describedby=\"caption-attachment-496\" style=\"width: 640px\" class=\"wp-caption aligncenter\"><a href=\"http:\/\/blog.swt-sports.de\/wp-content\/uploads\/2014\/08\/DSC6935.png\"><img decoding=\"async\" class=\"wp-image-496 size-large\" src=\"http:\/\/blog.swt-sports.de\/wp-content\/uploads\/2014\/08\/DSC6935-1024x680.png\" alt=\"_DSC6935\" width=\"640\" height=\"425\" srcset=\"https:\/\/blog.swt-sports.de\/wp-content\/uploads\/2014\/08\/DSC6935-1024x680.png 1024w, https:\/\/blog.swt-sports.de\/wp-content\/uploads\/2014\/08\/DSC6935-300x199.png 300w, https:\/\/blog.swt-sports.de\/wp-content\/uploads\/2014\/08\/DSC6935.png 1200w\" sizes=\"(max-width: 640px) 100vw, 640px\" \/><\/a><figcaption id=\"caption-attachment-496\" class=\"wp-caption-text\">Gem\u00fcdliches Beisammensein beim BoxerTreffen<\/figcaption><\/figure>\n<p style=\"margin-right: 0.13cm; margin-bottom: 0cm;\"><span style=\"font-family: Arial Black,sans-serif;\"><span style=\"font-size: medium;\"><span style=\"color: #000000;\">Auch in diesem Jahr veranstaltete die Firma SWT Sports ihr j\u00e4hrliches Treffen der <strong>DICKSCHIFFE<\/strong>. Zum Gl\u00fcck waren vom Regen, der an diesem Wochenende ganze Landstriche in Deutschland verw\u00fcstete, auf dem Gel\u00e4nde des <a title=\"Page MMC Schweinfurt\" href=\"http:\/\/mmc-schweinfurt.de\" target=\"_blank\" rel=\"noopener noreferrer\"><strong>MMC Schweinfurt<\/strong><\/a>, nur in der Ferne einige Wolken zu sehen. Wie in jedem Jahr was das Teilnehmerfeld wieder bunt gemischt. Man konnte von der blutigen Anf\u00e4ngerin bis hin zum erfahrenen Rennteilnehmer alle Kategorien antreffen. Einige nutzten das angebotene <strong>Training<\/strong> auch als Vorbereitung f\u00fcr eine bevorstehende <strong>RALLYE<\/strong>.<\/span><\/span><\/span><\/p>\n<p>Die Veranstaltung startete Freitag Abend in einem \u00fcberschaubaren Rahmen, bei dem die Angereisten sich nach und nach im Bierzelt trafen. Hier wurden Informationen und Tipps rund um die gemeinsame Leidenschaft ausgetauscht. Au\u00dferdem gab es die verschiedensten Verbesserungsvorschl\u00e4ge f\u00fcr die schweren <a title=\"Homepage Enduro Magazin\" href=\"http:\/\/www.enduro-press.de\/\" target=\"_blank\" rel=\"noopener noreferrer\"><strong>ENDURO<\/strong><\/a> &#8211; Fahrzeuge. Wie jedes Jahr war Elke wieder mit ihrem extra angereisten Imbisswagen zur Stelle und versorgte uns mit ihren K\u00f6stlichkeiten.<\/p>\n<figure id=\"attachment_497\" aria-describedby=\"caption-attachment-497\" style=\"width: 300px\" class=\"wp-caption aligncenter\"><a href=\"http:\/\/blog.swt-sports.de\/wp-content\/uploads\/2014\/08\/DSC6786.png\"><img decoding=\"async\" class=\"wp-image-497 size-medium\" src=\"http:\/\/blog.swt-sports.de\/wp-content\/uploads\/2014\/08\/DSC6786-300x199.png\" alt=\"_DSC6786\" width=\"300\" height=\"199\" srcset=\"https:\/\/blog.swt-sports.de\/wp-content\/uploads\/2014\/08\/DSC6786-300x199.png 300w, https:\/\/blog.swt-sports.de\/wp-content\/uploads\/2014\/08\/DSC6786-1024x680.png 1024w, https:\/\/blog.swt-sports.de\/wp-content\/uploads\/2014\/08\/DSC6786.png 1200w\" sizes=\"(max-width: 300px) 100vw, 300px\" \/><\/a><figcaption id=\"caption-attachment-497\" class=\"wp-caption-text\">Besprechung vor dem Training<\/figcaption><\/figure>\n<p style=\"margin-right: 0.13cm; margin-bottom: 0cm;\"><span style=\"font-family: Arial Black,sans-serif;\"><span style=\"font-size: medium;\"><span style=\"color: #000000;\">Samstag Morgen ben\u00f6tigten einige Fahrer nach einer langen Nacht noch etwas Zeit f\u00fcr sich und ihr <strong>MOTORRAD<\/strong>. So zog sich der Start des Trainings etwas hin. W\u00e4hrend einige bereits den Streckenverlauf begutachteten, steckten andere noch in ihrer Freizeitkleidung. Nun waren auch schon deutlich mehr Fahrer als am Vortag und die Strecke f\u00fcllte sich schnell. W\u00e4hrend die Anf\u00e4ngergruppe noch das richtige Bremsen \u00fcbte, probierte die Sportgruppe unter <a title=\"Simo Kirssi BMW Motorrad Motorsport\" href=\"http:\/\/simo-kirssi.com\/\" target=\"_blank\" rel=\"noopener noreferrer\"><strong>SIMO KIRSSI<\/strong> <\/a>( ehemaliger <a title=\"Homepage BMW Motorrad\" href=\"http:\/\/www.bmw-motorrad.de\" target=\"_blank\" rel=\"noopener noreferrer\">BMW MOTORRAD <\/a>Werksfahrer ) bereits die Hindernisse der Strecke aus. Dabei kam bei manchem <em>Motorrad<\/em> die erh\u00f6hte Schwerkraft zum Tagen und es n\u00e4herte sich mit gro\u00dfer Geschwindigkeit dem Boden.<\/span><\/span><\/span><\/p>\n<figure id=\"attachment_498\" aria-describedby=\"caption-attachment-498\" style=\"width: 300px\" class=\"wp-caption aligncenter\"><a href=\"http:\/\/blog.swt-sports.de\/wp-content\/uploads\/2014\/08\/DSCN0189.png\"><img decoding=\"async\" class=\"wp-image-498 size-medium\" src=\"http:\/\/blog.swt-sports.de\/wp-content\/uploads\/2014\/08\/DSCN0189-300x225.png\" alt=\"DSCN0189\" width=\"300\" height=\"225\" srcset=\"https:\/\/blog.swt-sports.de\/wp-content\/uploads\/2014\/08\/DSCN0189-300x225.png 300w, https:\/\/blog.swt-sports.de\/wp-content\/uploads\/2014\/08\/DSCN0189-1024x768.png 1024w, https:\/\/blog.swt-sports.de\/wp-content\/uploads\/2014\/08\/DSCN0189.png 1200w\" sizes=\"(max-width: 300px) 100vw, 300px\" \/><\/a><figcaption id=\"caption-attachment-498\" class=\"wp-caption-text\">www.Kohlenwerk.de<\/figcaption><\/figure>\n<p style=\"margin-right: 0.13cm; margin-bottom: 0cm;\">\u00a0<span style=\"color: #000000;\"><span style=\"font-family: Arial Black,sans-serif;\"><span style=\"font-size: medium;\">Ein Highlight der Veranstaltung war das Motorrad, dass die Firma <a title=\"HP2 mit Kohlefaserrahmen\" href=\"http:\/\/www.kohlenwerk.de\/\" target=\"_blank\" rel=\"noopener noreferrer\">KOHLENWERK <\/a>vorstellte. Hierbei handelt es sich um eine <strong>HP2<\/strong> mit einem <em>Carbonrahmen<\/em>, <em>PDS D\u00e4mpfer<\/em>, einer <em>Carbonschwinge<\/em> und noch weiteren tollen Innovationen. Getankt bringt das Fahrzeug ein Gewicht von unter 180 kg auf die Waage. Sicherlich berichtet die n\u00e4chste Ausgabe der <a title=\"MO - Medienverlag Stuttgart BMW Motorr\u00e4der\" href=\"http:\/\/www.motorradonline.de\/in-eigener-sache\/motorrad-sonderheft-bmw-spezial-12014\/542688\" target=\"_blank\" rel=\"noopener noreferrer\"><strong>MO (BMW Sonderheft)<\/strong><\/a> \u00fcber das Projekt von Willi und Mirko. Schon als Vorabinformation: wir konnten bereits einige Bilder dieser Maschine auf unserer Strecke einfangen.<\/span><\/span><\/span><\/p>\n<figure id=\"attachment_499\" aria-describedby=\"caption-attachment-499\" style=\"width: 300px\" class=\"wp-caption aligncenter\"><a href=\"http:\/\/blog.swt-sports.de\/wp-content\/uploads\/2014\/08\/DSC6792.png\"><img decoding=\"async\" class=\"wp-image-499 size-medium\" src=\"http:\/\/blog.swt-sports.de\/wp-content\/uploads\/2014\/08\/DSC6792-300x199.png\" alt=\"_DSC6792\" width=\"300\" height=\"199\" srcset=\"https:\/\/blog.swt-sports.de\/wp-content\/uploads\/2014\/08\/DSC6792-300x199.png 300w, https:\/\/blog.swt-sports.de\/wp-content\/uploads\/2014\/08\/DSC6792-1024x680.png 1024w, https:\/\/blog.swt-sports.de\/wp-content\/uploads\/2014\/08\/DSC6792.png 1200w\" sizes=\"(max-width: 300px) 100vw, 300px\" \/><\/a><figcaption id=\"caption-attachment-499\" class=\"wp-caption-text\">Fahr- und Brems\u00fcbungen beim EnduroBoxer Treffen<\/figcaption><\/figure>\n<p style=\"margin-right: 0.13cm; margin-bottom: 0cm;\"><span style=\"color: #000000;\"><span style=\"font-family: Arial Black,sans-serif;\"><span style=\"font-size: medium;\">Den ganzen Samstag nutzten wir zum \u00dcben und diejenigen, die noch Energie hatten, tobten sich anschlie\u00dfend noch in Eigenregie an den Hindernissen unseres Parks aus. Hier konnten dann die am Vormittag erlernten <em>Steilauffahrten<\/em> und <em>Abfahrten<\/em> vertieft und gesichert werden. So leerten sich innerhalb k\u00fcrzester Zeit auch die gr\u00f6\u00dften Kraftreserven.<\/span><\/span><\/span><\/p>\n<p style=\"margin-right: 0.13cm; margin-bottom: 0cm;\"><span style=\"color: #000000;\"><span style=\"font-family: Arial Black,sans-serif;\"><span style=\"font-size: medium;\">Nach diesem gelungenen Trainingstag veranstalteten wir unseren bekannten Zehnkampf. Dem Sieger winkte ein Warengutschein im Wert von 250.- Euro. Die weiteren Pl\u00e4tze erhielten Sachpreise. In diesem Zusammenhang m\u00f6chten wir uns bei den Firmen <a title=\"Butzner Reifenhandel und Zelte\" href=\"http:\/\/www.butzner.de\/\" target=\"_blank\" rel=\"noopener noreferrer\">BUTZNER REIFENHANDEL<\/a>, <a title=\"MEFO Reifen und Mousse\" href=\"http:\/\/www.mefo.de\/\" target=\"_blank\" rel=\"noopener noreferrer\">MEFO SPORT<\/a> und <a title=\"Shop von SWT-SPORTS\" href=\"http:\/\/www.swt-sports.de\" target=\"_blank\" rel=\"noopener noreferrer\">SWT SPORTS<\/a> f\u00fcr die von ihnen gestifteten tollen Siegerpr\u00e4mien bedanken.<\/span><\/span><\/span><\/p>\n<figure id=\"attachment_500\" aria-describedby=\"caption-attachment-500\" style=\"width: 300px\" class=\"wp-caption aligncenter\"><a href=\"http:\/\/blog.swt-sports.de\/wp-content\/uploads\/2014\/08\/DSCN0172.png\"><img decoding=\"async\" class=\"wp-image-500 size-medium\" src=\"http:\/\/blog.swt-sports.de\/wp-content\/uploads\/2014\/08\/DSCN0172-300x225.png\" alt=\"DSCN0172\" width=\"300\" height=\"225\" srcset=\"https:\/\/blog.swt-sports.de\/wp-content\/uploads\/2014\/08\/DSCN0172-300x225.png 300w, https:\/\/blog.swt-sports.de\/wp-content\/uploads\/2014\/08\/DSCN0172-1024x768.png 1024w, https:\/\/blog.swt-sports.de\/wp-content\/uploads\/2014\/08\/DSCN0172.png 1200w\" sizes=\"(max-width: 300px) 100vw, 300px\" \/><\/a><figcaption id=\"caption-attachment-500\" class=\"wp-caption-text\">Teilnehmer des Zehnkampfes beim Boxertreffen<\/figcaption><\/figure>\n<p style=\"margin-right: 0.13cm; margin-bottom: 0cm;\"><span style=\"color: #000000;\"><span style=\"font-family: Arial Black,sans-serif;\"><span style=\"font-size: medium;\">Nun konnten die Fahrer sich bei einer erfrischenden Dusche auf der Motocross-Strecke abk\u00fchlen.<\/span><\/span><\/span><\/p>\n<p style=\"margin-right: 0.13cm; margin-bottom: 0cm;\"><span style=\"color: #000000;\"><span style=\"font-family: Arial Black,sans-serif;\"><span style=\"font-size: medium;\">Das Programm ging ab etwa 21.00 Uhr mit einer Dia-Show und dem Trailer \u00fcber die Finnland-Tour mit <a title=\"Simo Kirssi BMW Motorrad Motorsport\" href=\"http:\/\/www.bmw-motorrad.de\/de\/de\/index.html?content=http:\/\/www.bmw-motorrad.de\/de\/de\/fascination\/motorsport\/index.jsp&amp;id=55&amp;type=25&amp;notrack=1\" target=\"_blank\" rel=\"noopener noreferrer\">Simo Kirssi<\/a> im Festzelt (dem mehrfachen <a title=\"German Cross Country\" href=\"http:\/\/gcc.xcc-racing.com\/\" target=\"_blank\" rel=\"noopener noreferrer\">ECC<\/a> und <a title=\"European Cross Country\" href=\"http:\/\/www.xcc-racing.com\/htdocs\/de\/\" target=\"_blank\" rel=\"noopener noreferrer\">GCC <\/a>SIEGER, dem SIEGER des <a title=\"Erzbergrodeo in \u00d6sterreich\" href=\"http:\/\/www.erzbergrodeo.at\/\" target=\"_blank\" rel=\"noopener noreferrer\">Erzbergrodeo Prolog<\/a> , &#8230;) weiter. Dank vieler flei\u00dfiger Helfer folgte dann der Bericht \u00fcber die EnduroBoxer Tour 2014. Danke auch an Gerd Kropf (dem ersten Sieger der <a title=\"BAJA DEUTSCHLAND\" href=\"http:\/\/www.baja-deutschland.de\/\" target=\"_blank\" rel=\"noopener noreferrer\">Baja Deutschland<\/a> &#8211; Klasse &lt; 180 kg) f\u00fcr seine Aufnahmen des Trainings am Samstag.<\/span><\/span><\/span><\/p>\n<p style=\"margin-right: 0.13cm; margin-bottom: 0cm;\"><span style=\"color: #000000;\"><span style=\"font-family: Arial Black,sans-serif;\"><span style=\"font-size: medium;\">Anschlie\u00dfend sa\u00dfen wir noch lange zusammen und sprachen \u00fcber das ein oder andere Projekt oder unser Trips.<\/span><\/span><\/span><\/p>\n<figure id=\"attachment_501\" aria-describedby=\"caption-attachment-501\" style=\"width: 300px\" class=\"wp-caption aligncenter\"><a href=\"http:\/\/blog.swt-sports.de\/wp-content\/uploads\/2014\/08\/DSCN0032.png\"><img decoding=\"async\" class=\"wp-image-501 size-medium\" src=\"http:\/\/blog.swt-sports.de\/wp-content\/uploads\/2014\/08\/DSCN0032-300x225.png\" alt=\"DSCN0032\" width=\"300\" height=\"225\" srcset=\"https:\/\/blog.swt-sports.de\/wp-content\/uploads\/2014\/08\/DSCN0032-300x225.png 300w, https:\/\/blog.swt-sports.de\/wp-content\/uploads\/2014\/08\/DSCN0032-1024x768.png 1024w, https:\/\/blog.swt-sports.de\/wp-content\/uploads\/2014\/08\/DSCN0032.png 1200w\" sizes=\"(max-width: 300px) 100vw, 300px\" \/><\/a><figcaption id=\"caption-attachment-501\" class=\"wp-caption-text\">Fahrwerksschulung mit Markus Tolksdorf<\/figcaption><\/figure>\n<figure id=\"attachment_502\" aria-describedby=\"caption-attachment-502\" style=\"width: 300px\" class=\"wp-caption aligncenter\"><a href=\"http:\/\/blog.swt-sports.de\/wp-content\/uploads\/2014\/08\/DSCN0114.png\"><img decoding=\"async\" class=\"wp-image-502 size-medium\" src=\"http:\/\/blog.swt-sports.de\/wp-content\/uploads\/2014\/08\/DSCN0114-300x225.png\" alt=\"DSCN0114\" width=\"300\" height=\"225\" srcset=\"https:\/\/blog.swt-sports.de\/wp-content\/uploads\/2014\/08\/DSCN0114-300x225.png 300w, https:\/\/blog.swt-sports.de\/wp-content\/uploads\/2014\/08\/DSCN0114-1024x768.png 1024w, https:\/\/blog.swt-sports.de\/wp-content\/uploads\/2014\/08\/DSCN0114.png 1200w\" sizes=\"(max-width: 300px) 100vw, 300px\" \/><\/a><figcaption id=\"caption-attachment-502\" class=\"wp-caption-text\">Mousseschulung mit Joachim Liebl<\/figcaption><\/figure>\n<p style=\"margin-right: 0.13cm; margin-bottom: 0cm;\"><span style=\"color: #000000;\"><span style=\"font-family: Arial Black,sans-serif;\"><span style=\"font-size: medium;\">Nach einer kurzen Nacht dr\u00fcckten wir alle am Sonntag Morgen nachmal die Schulbank. Anhand von Beispielen erkl\u00e4rte uns <a title=\"Tolksdorf Racing Leutershausen\" href=\"http:\/\/trp-sx.cmsv1.de\/\" target=\"_blank\" rel=\"noopener noreferrer\">Markus Tolksdorf von TRP<\/a> das Wirken eines Fahrwerks. Dieser Vortrag riss die Teilnehmer so sehr mit, dass sie danach ihre Rallyeenduro oder Reiseenduro zur Analyse vor das Zelt schoben. Der folgende Programmpunkt, der Vortrag von J<a title=\"MEFO Reifengro\u00dfhandel\" href=\"http:\/\/www.mefo.de\/shop-reifen-grosshandel-motorrad\/\" target=\"_blank\" rel=\"noopener noreferrer\">oachim Liebl von MEFO Reifen<\/a> war nicht weniger interessant. Dieser erkl\u00e4rte uns viel Wissenswertes \u00fcber die im eigenen Haus produzierten <a title=\"Mefo Mousse\" href=\"http:\/\/www.mefo-shop.de\/Reifen\/Mousse\/\" target=\"_blank\" rel=\"noopener noreferrer\">Mousse<\/a>. Danach ging er auch noch auf seine gro\u00dfe Reifenauswahl ein.<\/span><\/span><\/span><\/p>\n<figure id=\"attachment_503\" aria-describedby=\"caption-attachment-503\" style=\"width: 300px\" class=\"wp-caption aligncenter\"><a href=\"http:\/\/blog.swt-sports.de\/wp-content\/uploads\/2014\/08\/DSC7333.png\"><img decoding=\"async\" class=\"wp-image-503 size-medium\" src=\"http:\/\/blog.swt-sports.de\/wp-content\/uploads\/2014\/08\/DSC7333-300x199.png\" alt=\"_DSC7333\" width=\"300\" height=\"199\" srcset=\"https:\/\/blog.swt-sports.de\/wp-content\/uploads\/2014\/08\/DSC7333-300x199.png 300w, https:\/\/blog.swt-sports.de\/wp-content\/uploads\/2014\/08\/DSC7333-1024x680.png 1024w, https:\/\/blog.swt-sports.de\/wp-content\/uploads\/2014\/08\/DSC7333.png 1200w\" sizes=\"(max-width: 300px) 100vw, 300px\" \/><\/a><figcaption id=\"caption-attachment-503\" class=\"wp-caption-text\">BMW 2-Ventiler im Einsatz<\/figcaption><\/figure>\n<figure id=\"attachment_504\" aria-describedby=\"caption-attachment-504\" style=\"width: 300px\" class=\"wp-caption aligncenter\"><a href=\"http:\/\/blog.swt-sports.de\/wp-content\/uploads\/2014\/08\/DSCN1209.png\"><img decoding=\"async\" class=\"wp-image-504 size-medium\" src=\"http:\/\/blog.swt-sports.de\/wp-content\/uploads\/2014\/08\/DSCN1209-300x225.png\" alt=\"DSCN1209\" width=\"300\" height=\"225\" srcset=\"https:\/\/blog.swt-sports.de\/wp-content\/uploads\/2014\/08\/DSCN1209-300x225.png 300w, https:\/\/blog.swt-sports.de\/wp-content\/uploads\/2014\/08\/DSCN1209-1024x768.png 1024w, https:\/\/blog.swt-sports.de\/wp-content\/uploads\/2014\/08\/DSCN1209.png 1200w\" sizes=\"(max-width: 300px) 100vw, 300px\" \/><\/a><figcaption id=\"caption-attachment-504\" class=\"wp-caption-text\">J\u00f6rg auf seiner von HPN aufgebauten BMW<\/figcaption><\/figure>\n<figure id=\"attachment_505\" aria-describedby=\"caption-attachment-505\" style=\"width: 300px\" class=\"wp-caption aligncenter\"><a href=\"http:\/\/blog.swt-sports.de\/wp-content\/uploads\/2014\/08\/DSC7244.png\"><img decoding=\"async\" class=\"wp-image-505 size-medium\" src=\"http:\/\/blog.swt-sports.de\/wp-content\/uploads\/2014\/08\/DSC7244-300x199.png\" alt=\"_DSC7244\" width=\"300\" height=\"199\" srcset=\"https:\/\/blog.swt-sports.de\/wp-content\/uploads\/2014\/08\/DSC7244-300x199.png 300w, https:\/\/blog.swt-sports.de\/wp-content\/uploads\/2014\/08\/DSC7244-1024x680.png 1024w, https:\/\/blog.swt-sports.de\/wp-content\/uploads\/2014\/08\/DSC7244.png 1200w\" sizes=\"(max-width: 300px) 100vw, 300px\" \/><\/a><figcaption id=\"caption-attachment-505\" class=\"wp-caption-text\">Gerd Kropf beim Fliegen mit der HP2<\/figcaption><\/figure>\n<p style=\"margin-right: 0.13cm; margin-bottom: 0cm;\">\u00a0<span style=\"color: #000000;\"><span style=\"font-family: Arial Black,sans-serif;\"><span style=\"font-size: medium;\">Da viele von weit her angereist waren, standen dann kurz vor dem Mittagessen nur noch eine Hand voll Fahrer bereit, um ihre m\u00fcden Knochen noch einmal auf der Crossstrecke zu beanspruchen. <a title=\"Filmchen \u00fcber Manuel Schad\" href=\"http:\/\/youtu.be\/lnfLJpJHheE\" target=\"_blank\" rel=\"noopener noreferrer\">Manuel Schad<\/a> ( Sieger der Klasse 4 der Interessengemeinschaft Enduro <a title=\"Interessengemeinschaft Enduro IGE\" href=\"http:\/\/www.igeonline.de\/\" target=\"_blank\" rel=\"noopener noreferrer\">IGE<\/a> 2013) hielt noch einmal ein Training ab und sp\u00e4ter dann gingen die wenigen, die noch Ausdauer und Kraft hatten, zum freien Fahren \u00fcber.<\/span><\/span><\/span><\/p>\n<figure id=\"attachment_506\" aria-describedby=\"caption-attachment-506\" style=\"width: 300px\" class=\"wp-caption aligncenter\"><a href=\"http:\/\/blog.swt-sports.de\/wp-content\/uploads\/2014\/08\/DSCN0144.png\"><img decoding=\"async\" class=\"wp-image-506 size-medium\" src=\"http:\/\/blog.swt-sports.de\/wp-content\/uploads\/2014\/08\/DSCN0144-300x225.png\" alt=\"DSCN0144\" width=\"300\" height=\"225\" srcset=\"https:\/\/blog.swt-sports.de\/wp-content\/uploads\/2014\/08\/DSCN0144-300x225.png 300w, https:\/\/blog.swt-sports.de\/wp-content\/uploads\/2014\/08\/DSCN0144-1024x768.png 1024w, https:\/\/blog.swt-sports.de\/wp-content\/uploads\/2014\/08\/DSCN0144.png 1200w\" sizes=\"(max-width: 300px) 100vw, 300px\" \/><\/a><figcaption id=\"caption-attachment-506\" class=\"wp-caption-text\">Auch zahlreiche HELFER am Start<\/figcaption><\/figure>\n<p style=\"margin-right: 0.13cm; margin-bottom: 0cm;\"><span style=\"color: #000000;\"><span style=\"font-family: Arial Black,sans-serif;\"><span style=\"font-size: medium;\">An die zahlreichen Helfer vom <strong>MMC SCHWEINFURT<\/strong>\u00a0 geht ein gro\u00dfes Dankesch\u00f6n. Nat\u00fcrlich m\u00f6chte ich mich an dieser Stelle auch bei den Instruktoren <strong><a title=\"BMW Motorsport SIMO KIRSSI\" href=\"http:\/\/simo-kirssi.com\/\" target=\"_blank\" rel=\"noopener noreferrer\">Simo Kirssi<\/a><\/strong> , der auf seiner <a title=\"KTM Motorrad Mattighofen \" href=\"http:\/\/ktm.at\/\" target=\"_blank\" rel=\"noopener noreferrer\"><strong>KTM<\/strong><\/a> wieder ganz tolle Arbeit geleistet hat, und Marco Zwirlein, der ausdauernd in der Anf\u00e4ngergruppe war, bedanken. Nat\u00fcrlich auch ein gro\u00dfer Dank an die Besucher, ohne die eine solche Veranstaltung nicht m\u00f6glich gewesen w\u00e4re.<\/span><\/span><\/span><\/p>\n<p>&nbsp;<\/p>\n<p style=\"margin: 0px 5px 0px 0px;\">Weitere <a title=\"Bildergarlerie des EnduroBoxer Treffen 2014\" href=\"https:\/\/plus.google.com\/photos\/101621162510593456072\/albums\/6045795494228500145?banner=pwa\" target=\"_blank\" rel=\"noopener noreferrer\">BILDER<\/a> vom EnduroBoxer Treffen 2014 <a title=\"Bilder vom BoxerTreffen 2014\" href=\"https:\/\/plus.google.com\/photos\/101621162510593456072\/albums\/6045795494228500145?banner=pwa\" target=\"_blank\" rel=\"noopener noreferrer\">hier<\/a>!<\/p>\n<p style=\"margin: 0px 5px 0px 0px;\"><a title=\" Bildergarlerie vom EnduroBoxer Treffen 2014\" href=\"https:\/\/plus.google.com\/photos\/101621162510593456072\/albums\/6045795494228500145?banner=pwa\" target=\"_blank\" rel=\"noopener noreferrer\">https:\/\/plus.google.com\/photos\/101621162510593456072\/albums\/6045795494228500145?banner=pwa<\/a><\/p>\n","protected":false},"excerpt":{"rendered":"<p>Das Enduro Boxer Treffen 2014 mit Training von SWT-SPORTS an der Schwarzen Pf\u00fctze Auch in diesem Jahr veranstaltete die Firma [&hellip;]<\/p>\n","protected":false},"author":26194,"featured_media":497,"comment_status":"open","ping_status":"closed","sticky":false,"template":"","format":"standard","meta":{"footnotes":""},"categories":[1302,1306],"tags":[93,8,69,85,89,90,91,92],"class_list":["post-495","post","type-post","status-publish","format-standard","has-post-thumbnail","hentry","category-enduroboxer","category-events","tag-enduroboxer-training-2014","tag-bmw-boxer","tag-enduroboxer-treffen-2014","tag-kohlenwerk","tag-hpn-motorrad","tag-hp-2-bmw","tag-hp2-motorrad","tag-hpn-bmw"],"yoast_head":"<!-- This site is optimized with the Yoast SEO plugin v27.5 - https:\/\/yoast.com\/product\/yoast-seo-wordpress\/ -->\n<title>EnduroBoxer Treffen mit Simo Kirssi 2014 auf KTM - SWT-SPORTS Blog<\/title>\n<meta name=\"robots\" content=\"index, follow, max-snippet:-1, max-image-preview:large, max-video-preview:-1\" \/>\n<link rel=\"canonical\" href=\"https:\/\/blog.swt-sports.de\/index.php\/enduroboxer-treffen-mit-simo-kirssi-2014-auf-ktm\/\" \/>\n<meta property=\"og:locale\" content=\"de_DE\" \/>\n<meta property=\"og:type\" content=\"article\" \/>\n<meta property=\"og:title\" content=\"EnduroBoxer Treffen mit Simo Kirssi 2014 auf KTM - SWT-SPORTS Blog\" \/>\n<meta property=\"og:description\" content=\"Das Enduro Boxer Treffen 2014 mit Training von SWT-SPORTS an der Schwarzen Pf\u00fctze Auch in diesem Jahr veranstaltete die Firma [&hellip;]\" \/>\n<meta property=\"og:url\" content=\"https:\/\/blog.swt-sports.de\/index.php\/enduroboxer-treffen-mit-simo-kirssi-2014-auf-ktm\/\" \/>\n<meta property=\"og:site_name\" content=\"SWT-SPORTS Blog\" \/>\n<meta property=\"article:publisher\" content=\"https:\/\/www.facebook.com\/\" \/>\n<meta property=\"article:published_time\" content=\"2014-08-19T22:05:01+00:00\" \/>\n<meta property=\"article:modified_time\" content=\"2020-08-11T18:55:44+00:00\" \/>\n<meta property=\"og:image\" content=\"https:\/\/blog.swt-sports.de\/wp-content\/uploads\/2014\/08\/DSC6786.png\" \/>\n\t<meta property=\"og:image:width\" content=\"1200\" \/>\n\t<meta property=\"og:image:height\" content=\"797\" \/>\n\t<meta property=\"og:image:type\" content=\"image\/png\" \/>\n<meta name=\"author\" content=\"Lutz Lindemann\" \/>\n<meta name=\"twitter:card\" content=\"summary_large_image\" \/>\n<meta name=\"twitter:creator\" content=\"@swtsports\" \/>\n<meta name=\"twitter:site\" content=\"@swtsports\" \/>\n<meta name=\"twitter:label1\" content=\"Verfasst von\" \/>\n\t<meta name=\"twitter:data1\" content=\"Lutz Lindemann\" \/>\n\t<meta name=\"twitter:label2\" content=\"Gesch\u00e4tzte Lesezeit\" \/>\n\t<meta name=\"twitter:data2\" content=\"5\u00a0Minuten\" \/>\n<script type=\"application\/ld+json\" class=\"yoast-schema-graph\">{\"@context\":\"https:\\\/\\\/schema.org\",\"@graph\":[{\"@type\":\"Article\",\"@id\":\"https:\\\/\\\/blog.swt-sports.de\\\/index.php\\\/enduroboxer-treffen-mit-simo-kirssi-2014-auf-ktm\\\/#article\",\"isPartOf\":{\"@id\":\"https:\\\/\\\/blog.swt-sports.de\\\/index.php\\\/enduroboxer-treffen-mit-simo-kirssi-2014-auf-ktm\\\/\"},\"author\":{\"name\":\"Lutz Lindemann\",\"@id\":\"https:\\\/\\\/blog.swt-sports.de\\\/#\\\/schema\\\/person\\\/b1fb20850ef709b5efbd2510a27b50ec\"},\"headline\":\"EnduroBoxer Treffen mit Simo Kirssi 2014 auf KTM\",\"datePublished\":\"2014-08-19T22:05:01+00:00\",\"dateModified\":\"2020-08-11T18:55:44+00:00\",\"mainEntityOfPage\":{\"@id\":\"https:\\\/\\\/blog.swt-sports.de\\\/index.php\\\/enduroboxer-treffen-mit-simo-kirssi-2014-auf-ktm\\\/\"},\"wordCount\":926,\"commentCount\":0,\"publisher\":{\"@id\":\"https:\\\/\\\/blog.swt-sports.de\\\/#organization\"},\"image\":{\"@id\":\"https:\\\/\\\/blog.swt-sports.de\\\/index.php\\\/enduroboxer-treffen-mit-simo-kirssi-2014-auf-ktm\\\/#primaryimage\"},\"thumbnailUrl\":\"https:\\\/\\\/blog.swt-sports.de\\\/wp-content\\\/uploads\\\/2014\\\/08\\\/DSC6786.png\",\"keywords\":[\"EnduroBoxer Training 2014\",\"BMW Boxer\",\"EnduroBoxer Treffen 2014\",\"Kohlenwerk\",\"HPN Motorrad\",\"HP 2 BMW\",\"HP2 Motorrad\",\"HPN BMW\"],\"articleSection\":[\"Enduroboxer\",\"Events\"],\"inLanguage\":\"de\",\"potentialAction\":[{\"@type\":\"CommentAction\",\"name\":\"Comment\",\"target\":[\"https:\\\/\\\/blog.swt-sports.de\\\/index.php\\\/enduroboxer-treffen-mit-simo-kirssi-2014-auf-ktm\\\/#respond\"]}]},{\"@type\":\"WebPage\",\"@id\":\"https:\\\/\\\/blog.swt-sports.de\\\/index.php\\\/enduroboxer-treffen-mit-simo-kirssi-2014-auf-ktm\\\/\",\"url\":\"https:\\\/\\\/blog.swt-sports.de\\\/index.php\\\/enduroboxer-treffen-mit-simo-kirssi-2014-auf-ktm\\\/\",\"name\":\"EnduroBoxer Treffen mit Simo Kirssi 2014 auf KTM - SWT-SPORTS Blog\",\"isPartOf\":{\"@id\":\"https:\\\/\\\/blog.swt-sports.de\\\/#website\"},\"primaryImageOfPage\":{\"@id\":\"https:\\\/\\\/blog.swt-sports.de\\\/index.php\\\/enduroboxer-treffen-mit-simo-kirssi-2014-auf-ktm\\\/#primaryimage\"},\"image\":{\"@id\":\"https:\\\/\\\/blog.swt-sports.de\\\/index.php\\\/enduroboxer-treffen-mit-simo-kirssi-2014-auf-ktm\\\/#primaryimage\"},\"thumbnailUrl\":\"https:\\\/\\\/blog.swt-sports.de\\\/wp-content\\\/uploads\\\/2014\\\/08\\\/DSC6786.png\",\"datePublished\":\"2014-08-19T22:05:01+00:00\",\"dateModified\":\"2020-08-11T18:55:44+00:00\",\"breadcrumb\":{\"@id\":\"https:\\\/\\\/blog.swt-sports.de\\\/index.php\\\/enduroboxer-treffen-mit-simo-kirssi-2014-auf-ktm\\\/#breadcrumb\"},\"inLanguage\":\"de\",\"potentialAction\":[{\"@type\":\"ReadAction\",\"target\":[\"https:\\\/\\\/blog.swt-sports.de\\\/index.php\\\/enduroboxer-treffen-mit-simo-kirssi-2014-auf-ktm\\\/\"]}]},{\"@type\":\"ImageObject\",\"inLanguage\":\"de\",\"@id\":\"https:\\\/\\\/blog.swt-sports.de\\\/index.php\\\/enduroboxer-treffen-mit-simo-kirssi-2014-auf-ktm\\\/#primaryimage\",\"url\":\"https:\\\/\\\/blog.swt-sports.de\\\/wp-content\\\/uploads\\\/2014\\\/08\\\/DSC6786.png\",\"contentUrl\":\"https:\\\/\\\/blog.swt-sports.de\\\/wp-content\\\/uploads\\\/2014\\\/08\\\/DSC6786.png\",\"width\":1200,\"height\":797},{\"@type\":\"BreadcrumbList\",\"@id\":\"https:\\\/\\\/blog.swt-sports.de\\\/index.php\\\/enduroboxer-treffen-mit-simo-kirssi-2014-auf-ktm\\\/#breadcrumb\",\"itemListElement\":[{\"@type\":\"ListItem\",\"position\":1,\"name\":\"Startseite\",\"item\":\"https:\\\/\\\/blog.swt-sports.de\\\/\"},{\"@type\":\"ListItem\",\"position\":2,\"name\":\"EnduroBoxer Treffen mit Simo Kirssi 2014 auf KTM\"}]},{\"@type\":\"WebSite\",\"@id\":\"https:\\\/\\\/blog.swt-sports.de\\\/#website\",\"url\":\"https:\\\/\\\/blog.swt-sports.de\\\/\",\"name\":\"SWT-SPORTS Blog\",\"description\":\"BMW Motorrad | 2-Ventiler | R80 \\\/ R100GS G\\\/S | Paris Dakar | BMW-Boxer\",\"publisher\":{\"@id\":\"https:\\\/\\\/blog.swt-sports.de\\\/#organization\"},\"potentialAction\":[{\"@type\":\"SearchAction\",\"target\":{\"@type\":\"EntryPoint\",\"urlTemplate\":\"https:\\\/\\\/blog.swt-sports.de\\\/?s={search_term_string}\"},\"query-input\":{\"@type\":\"PropertyValueSpecification\",\"valueRequired\":true,\"valueName\":\"search_term_string\"}}],\"inLanguage\":\"de\"},{\"@type\":\"Organization\",\"@id\":\"https:\\\/\\\/blog.swt-sports.de\\\/#organization\",\"name\":\"SWT Sports\",\"url\":\"https:\\\/\\\/blog.swt-sports.de\\\/\",\"logo\":{\"@type\":\"ImageObject\",\"inLanguage\":\"de\",\"@id\":\"https:\\\/\\\/blog.swt-sports.de\\\/#\\\/schema\\\/logo\\\/image\\\/\",\"url\":\"https:\\\/\\\/blog.swt-sports.de\\\/wp-content\\\/uploads\\\/2020\\\/08\\\/swt_sports_logo.svg\",\"contentUrl\":\"https:\\\/\\\/blog.swt-sports.de\\\/wp-content\\\/uploads\\\/2020\\\/08\\\/swt_sports_logo.svg\",\"width\":306,\"height\":247,\"caption\":\"SWT Sports\"},\"image\":{\"@id\":\"https:\\\/\\\/blog.swt-sports.de\\\/#\\\/schema\\\/logo\\\/image\\\/\"},\"sameAs\":[\"https:\\\/\\\/www.facebook.com\\\/\",\"https:\\\/\\\/x.com\\\/swtsports\",\"https:\\\/\\\/www.instagram.com\\\/swt_sports\\\/\",\"https:\\\/\\\/www.youtube.com\\\/user\\\/SWTsports\"]},{\"@type\":\"Person\",\"@id\":\"https:\\\/\\\/blog.swt-sports.de\\\/#\\\/schema\\\/person\\\/b1fb20850ef709b5efbd2510a27b50ec\",\"name\":\"Lutz Lindemann\",\"image\":{\"@type\":\"ImageObject\",\"inLanguage\":\"de\",\"@id\":\"https:\\\/\\\/secure.gravatar.com\\\/avatar\\\/734a9bedc494f6dc8377999f4d8a7d95539d24428aae22d6a7a829f916324968?s=96&r=g\",\"url\":\"https:\\\/\\\/secure.gravatar.com\\\/avatar\\\/734a9bedc494f6dc8377999f4d8a7d95539d24428aae22d6a7a829f916324968?s=96&r=g\",\"contentUrl\":\"https:\\\/\\\/secure.gravatar.com\\\/avatar\\\/734a9bedc494f6dc8377999f4d8a7d95539d24428aae22d6a7a829f916324968?s=96&r=g\",\"caption\":\"Lutz Lindemann\"},\"sameAs\":[\"http:\\\/\\\/lutzlindemann.com\"]}]}<\/script>\n<!-- \/ Yoast SEO plugin. -->","yoast_head_json":{"title":"EnduroBoxer Treffen mit Simo Kirssi 2014 auf KTM - SWT-SPORTS Blog","robots":{"index":"index","follow":"follow","max-snippet":"max-snippet:-1","max-image-preview":"max-image-preview:large","max-video-preview":"max-video-preview:-1"},"canonical":"https:\/\/blog.swt-sports.de\/index.php\/enduroboxer-treffen-mit-simo-kirssi-2014-auf-ktm\/","og_locale":"de_DE","og_type":"article","og_title":"EnduroBoxer Treffen mit Simo Kirssi 2014 auf KTM - SWT-SPORTS Blog","og_description":"Das Enduro Boxer Treffen 2014 mit Training von SWT-SPORTS an der Schwarzen Pf\u00fctze Auch in diesem Jahr veranstaltete die Firma [&hellip;]","og_url":"https:\/\/blog.swt-sports.de\/index.php\/enduroboxer-treffen-mit-simo-kirssi-2014-auf-ktm\/","og_site_name":"SWT-SPORTS Blog","article_publisher":"https:\/\/www.facebook.com\/","article_published_time":"2014-08-19T22:05:01+00:00","article_modified_time":"2020-08-11T18:55:44+00:00","og_image":[{"width":1200,"height":797,"url":"https:\/\/blog.swt-sports.de\/wp-content\/uploads\/2014\/08\/DSC6786.png","type":"image\/png"}],"author":"Lutz Lindemann","twitter_card":"summary_large_image","twitter_creator":"@swtsports","twitter_site":"@swtsports","twitter_misc":{"Verfasst von":"Lutz Lindemann","Gesch\u00e4tzte Lesezeit":"5\u00a0Minuten"},"schema":{"@context":"https:\/\/schema.org","@graph":[{"@type":"Article","@id":"https:\/\/blog.swt-sports.de\/index.php\/enduroboxer-treffen-mit-simo-kirssi-2014-auf-ktm\/#article","isPartOf":{"@id":"https:\/\/blog.swt-sports.de\/index.php\/enduroboxer-treffen-mit-simo-kirssi-2014-auf-ktm\/"},"author":{"name":"Lutz Lindemann","@id":"https:\/\/blog.swt-sports.de\/#\/schema\/person\/b1fb20850ef709b5efbd2510a27b50ec"},"headline":"EnduroBoxer Treffen mit Simo Kirssi 2014 auf KTM","datePublished":"2014-08-19T22:05:01+00:00","dateModified":"2020-08-11T18:55:44+00:00","mainEntityOfPage":{"@id":"https:\/\/blog.swt-sports.de\/index.php\/enduroboxer-treffen-mit-simo-kirssi-2014-auf-ktm\/"},"wordCount":926,"commentCount":0,"publisher":{"@id":"https:\/\/blog.swt-sports.de\/#organization"},"image":{"@id":"https:\/\/blog.swt-sports.de\/index.php\/enduroboxer-treffen-mit-simo-kirssi-2014-auf-ktm\/#primaryimage"},"thumbnailUrl":"https:\/\/blog.swt-sports.de\/wp-content\/uploads\/2014\/08\/DSC6786.png","keywords":["EnduroBoxer Training 2014","BMW Boxer","EnduroBoxer Treffen 2014","Kohlenwerk","HPN Motorrad","HP 2 BMW","HP2 Motorrad","HPN BMW"],"articleSection":["Enduroboxer","Events"],"inLanguage":"de","potentialAction":[{"@type":"CommentAction","name":"Comment","target":["https:\/\/blog.swt-sports.de\/index.php\/enduroboxer-treffen-mit-simo-kirssi-2014-auf-ktm\/#respond"]}]},{"@type":"WebPage","@id":"https:\/\/blog.swt-sports.de\/index.php\/enduroboxer-treffen-mit-simo-kirssi-2014-auf-ktm\/","url":"https:\/\/blog.swt-sports.de\/index.php\/enduroboxer-treffen-mit-simo-kirssi-2014-auf-ktm\/","name":"EnduroBoxer Treffen mit Simo Kirssi 2014 auf KTM - SWT-SPORTS Blog","isPartOf":{"@id":"https:\/\/blog.swt-sports.de\/#website"},"primaryImageOfPage":{"@id":"https:\/\/blog.swt-sports.de\/index.php\/enduroboxer-treffen-mit-simo-kirssi-2014-auf-ktm\/#primaryimage"},"image":{"@id":"https:\/\/blog.swt-sports.de\/index.php\/enduroboxer-treffen-mit-simo-kirssi-2014-auf-ktm\/#primaryimage"},"thumbnailUrl":"https:\/\/blog.swt-sports.de\/wp-content\/uploads\/2014\/08\/DSC6786.png","datePublished":"2014-08-19T22:05:01+00:00","dateModified":"2020-08-11T18:55:44+00:00","breadcrumb":{"@id":"https:\/\/blog.swt-sports.de\/index.php\/enduroboxer-treffen-mit-simo-kirssi-2014-auf-ktm\/#breadcrumb"},"inLanguage":"de","potentialAction":[{"@type":"ReadAction","target":["https:\/\/blog.swt-sports.de\/index.php\/enduroboxer-treffen-mit-simo-kirssi-2014-auf-ktm\/"]}]},{"@type":"ImageObject","inLanguage":"de","@id":"https:\/\/blog.swt-sports.de\/index.php\/enduroboxer-treffen-mit-simo-kirssi-2014-auf-ktm\/#primaryimage","url":"https:\/\/blog.swt-sports.de\/wp-content\/uploads\/2014\/08\/DSC6786.png","contentUrl":"https:\/\/blog.swt-sports.de\/wp-content\/uploads\/2014\/08\/DSC6786.png","width":1200,"height":797},{"@type":"BreadcrumbList","@id":"https:\/\/blog.swt-sports.de\/index.php\/enduroboxer-treffen-mit-simo-kirssi-2014-auf-ktm\/#breadcrumb","itemListElement":[{"@type":"ListItem","position":1,"name":"Startseite","item":"https:\/\/blog.swt-sports.de\/"},{"@type":"ListItem","position":2,"name":"EnduroBoxer Treffen mit Simo Kirssi 2014 auf KTM"}]},{"@type":"WebSite","@id":"https:\/\/blog.swt-sports.de\/#website","url":"https:\/\/blog.swt-sports.de\/","name":"SWT-SPORTS Blog","description":"BMW Motorrad | 2-Ventiler | R80 \/ R100GS G\/S | Paris Dakar | BMW-Boxer","publisher":{"@id":"https:\/\/blog.swt-sports.de\/#organization"},"potentialAction":[{"@type":"SearchAction","target":{"@type":"EntryPoint","urlTemplate":"https:\/\/blog.swt-sports.de\/?s={search_term_string}"},"query-input":{"@type":"PropertyValueSpecification","valueRequired":true,"valueName":"search_term_string"}}],"inLanguage":"de"},{"@type":"Organization","@id":"https:\/\/blog.swt-sports.de\/#organization","name":"SWT Sports","url":"https:\/\/blog.swt-sports.de\/","logo":{"@type":"ImageObject","inLanguage":"de","@id":"https:\/\/blog.swt-sports.de\/#\/schema\/logo\/image\/","url":"https:\/\/blog.swt-sports.de\/wp-content\/uploads\/2020\/08\/swt_sports_logo.svg","contentUrl":"https:\/\/blog.swt-sports.de\/wp-content\/uploads\/2020\/08\/swt_sports_logo.svg","width":306,"height":247,"caption":"SWT Sports"},"image":{"@id":"https:\/\/blog.swt-sports.de\/#\/schema\/logo\/image\/"},"sameAs":["https:\/\/www.facebook.com\/","https:\/\/x.com\/swtsports","https:\/\/www.instagram.com\/swt_sports\/","https:\/\/www.youtube.com\/user\/SWTsports"]},{"@type":"Person","@id":"https:\/\/blog.swt-sports.de\/#\/schema\/person\/b1fb20850ef709b5efbd2510a27b50ec","name":"Lutz Lindemann","image":{"@type":"ImageObject","inLanguage":"de","@id":"https:\/\/secure.gravatar.com\/avatar\/734a9bedc494f6dc8377999f4d8a7d95539d24428aae22d6a7a829f916324968?s=96&r=g","url":"https:\/\/secure.gravatar.com\/avatar\/734a9bedc494f6dc8377999f4d8a7d95539d24428aae22d6a7a829f916324968?s=96&r=g","contentUrl":"https:\/\/secure.gravatar.com\/avatar\/734a9bedc494f6dc8377999f4d8a7d95539d24428aae22d6a7a829f916324968?s=96&r=g","caption":"Lutz Lindemann"},"sameAs":["http:\/\/lutzlindemann.com"]}]}},"_links":{"self":[{"href":"https:\/\/blog.swt-sports.de\/index.php\/wp-json\/wp\/v2\/posts\/495","targetHints":{"allow":["GET"]}}],"collection":[{"href":"https:\/\/blog.swt-sports.de\/index.php\/wp-json\/wp\/v2\/posts"}],"about":[{"href":"https:\/\/blog.swt-sports.de\/index.php\/wp-json\/wp\/v2\/types\/post"}],"author":[{"embeddable":true,"href":"https:\/\/blog.swt-sports.de\/index.php\/wp-json\/wp\/v2\/users\/26194"}],"replies":[{"embeddable":true,"href":"https:\/\/blog.swt-sports.de\/index.php\/wp-json\/wp\/v2\/comments?post=495"}],"version-history":[{"count":4,"href":"https:\/\/blog.swt-sports.de\/index.php\/wp-json\/wp\/v2\/posts\/495\/revisions"}],"predecessor-version":[{"id":83343,"href":"https:\/\/blog.swt-sports.de\/index.php\/wp-json\/wp\/v2\/posts\/495\/revisions\/83343"}],"wp:featuredmedia":[{"embeddable":true,"href":"https:\/\/blog.swt-sports.de\/index.php\/wp-json\/wp\/v2\/media\/497"}],"wp:attachment":[{"href":"https:\/\/blog.swt-sports.de\/index.php\/wp-json\/wp\/v2\/media?parent=495"}],"wp:term":[{"taxonomy":"category","embeddable":true,"href":"https:\/\/blog.swt-sports.de\/index.php\/wp-json\/wp\/v2\/categories?post=495"},{"taxonomy":"post_tag","embeddable":true,"href":"https:\/\/blog.swt-sports.de\/index.php\/wp-json\/wp\/v2\/tags?post=495"}],"curies":[{"name":"wp","href":"https:\/\/api.w.org\/{rel}","templated":true}]}}