{"id":295,"date":"2014-07-07T05:02:13","date_gmt":"2014-07-07T04:02:13","guid":{"rendered":"http:\/\/blog.swt-sports.de\/?p=295"},"modified":"2020-08-11T19:52:12","modified_gmt":"2020-08-11T18:52:12","slug":"spannendes-wochenende-fuer-bmw-fahrer-in-garmisch-patenkirchen-bei-den-bmw-motorrad-days-2014","status":"publish","type":"post","link":"https:\/\/blog.swt-sports.de\/index.php\/spannendes-wochenende-fuer-bmw-fahrer-in-garmisch-patenkirchen-bei-den-bmw-motorrad-days-2014\/","title":{"rendered":"Spannendes Wochenende f\u00fcr BMW-Fahrer in Garmisch-Patenkirchen bei den BMW Motorrad Days 2014"},"content":{"rendered":"<div>\n<p style=\"margin: 0px; padding: 0px;\">Das <strong><a title=\"SWT-SPORTS Webshop\" href=\"http:\/\/www.swt-sports.de\" target=\"_blank\" rel=\"noopener noreferrer\">SWT-SPORTS<\/a> Team<\/strong> besuchte zusammen mit dem Finnen und Ex-BMW-Werkfahrer <strong><a title=\"BMW Motorsport SIMO KIRSSI\" href=\"http:\/\/www.bmw-motorrad.de\/de\/de\/index.html?content=http:\/\/www.bmw-motorrad.de\/de\/de\/fascination\/motorsport\/index.jsp&amp;id=55&amp;type=25\" target=\"_blank\" rel=\"noopener noreferrer\">SIMO KIRSSI<\/a><\/strong>\u00a0 das weltgr\u00f6\u00dfte <strong>BMW \u2013 MOTORRAD<\/strong> \u2013 Biker &#8211; Treffen in Garmisch-Patenkirchen am vergangenen Wochenende. Dort stellten wir drei unserer Rennmaschinen aus: eine bei der <a title=\"MO Medienverlag Stuttgart\" href=\"http:\/\/www.mo-web.de\/\" target=\"_blank\" rel=\"noopener noreferrer\">Zeitschrift &#8222;MO&#8220;<\/a> und zwei Motorr\u00e4der bei <a title=\"Gamin Navigation und Film\" href=\"http:\/\/www.garmin.com\/de-DE\/\" target=\"_blank\" rel=\"noopener noreferrer\">GARMIN<\/a>.<\/p>\n<figure id=\"attachment_405\" aria-describedby=\"caption-attachment-405\" style=\"width: 640px\" class=\"wp-caption aligncenter\"><a href=\"http:\/\/blog.swt-sports.de\/wp-content\/uploads\/2014\/07\/P1030708.jpg\"><img decoding=\"async\" class=\"wp-image-405 size-large\" src=\"http:\/\/blog.swt-sports.de\/wp-content\/uploads\/2014\/07\/P1030708-1024x682.jpg\" alt=\"P1030708\" width=\"640\" height=\"426\" srcset=\"https:\/\/blog.swt-sports.de\/wp-content\/uploads\/2014\/07\/P1030708-1024x682.jpg 1024w, https:\/\/blog.swt-sports.de\/wp-content\/uploads\/2014\/07\/P1030708-300x200.jpg 300w, https:\/\/blog.swt-sports.de\/wp-content\/uploads\/2014\/07\/P1030708.jpg 1200w\" sizes=\"(max-width: 640px) 100vw, 640px\" \/><\/a><figcaption id=\"caption-attachment-405\" class=\"wp-caption-text\">SWT-SPORTS Wettbewerbs- BMW Motorrad, Sieger der Klasse 4 IGE 2013<\/figcaption><\/figure>\n<figure id=\"attachment_317\" aria-describedby=\"caption-attachment-317\" style=\"width: 640px\" class=\"wp-caption alignnone\"><a href=\"http:\/\/blog.swt-sports.de\/wp-content\/uploads\/2014\/07\/L1030532.jpg\"><img decoding=\"async\" class=\"wp-image-317 size-large\" src=\"http:\/\/blog.swt-sports.de\/wp-content\/uploads\/2014\/07\/L1030532-1024x768.jpg\" alt=\"L1030532\" width=\"640\" height=\"480\" srcset=\"https:\/\/blog.swt-sports.de\/wp-content\/uploads\/2014\/07\/L1030532-1024x768.jpg 1024w, https:\/\/blog.swt-sports.de\/wp-content\/uploads\/2014\/07\/L1030532-300x225.jpg 300w, https:\/\/blog.swt-sports.de\/wp-content\/uploads\/2014\/07\/L1030532.jpg 1200w\" sizes=\"(max-width: 640px) 100vw, 640px\" \/><\/a><figcaption id=\"caption-attachment-317\" class=\"wp-caption-text\">BMW HP2 im Simo Kirssi Trimm Design 2005 made by SWT-SPORTS<\/figcaption><\/figure>\n<p style=\"margin: 0px; padding: 0px;\">Tausende Motorradfahrer und ihre Motorr\u00e4der kamen zusammen, um u.a. Aussteller wie <a title=\"Siebenrock GmbH\" href=\"http:\/\/www.siebenrock.com\/\" target=\"_blank\" rel=\"noopener noreferrer\">Siebenrock<\/a>, <a title=\"Wunderlich BMW Parts\" href=\"http:\/\/wunderlich.de\/\" target=\"_blank\" rel=\"noopener noreferrer\">Wunderlich<\/a>, <a title=\"Touratech Tourentechnik \" href=\"http:\/\/www.touratech.de\/aktuelles.html\" target=\"_blank\" rel=\"noopener noreferrer\">Touratech<\/a>, <a title=\"\u00d6hlins\" href=\"http:\/\/www.ohlins.eu\/de\/\" target=\"_blank\" rel=\"noopener noreferrer\">\u00d6hlins<\/a>, <a title=\"GARMIN\" href=\"http:\/\/www.garmin.com\/de-DE\" target=\"_blank\" rel=\"noopener noreferrer\">Garmin<\/a>, <a title=\"MO Medienverlag \" href=\"http:\/\/www.mo-web.de\/\" target=\"_blank\" rel=\"noopener noreferrer\">MO Medienverlag<\/a>, <a title=\"Schmier\u00f6lhersteller \" href=\"http:\/\/www.castrol.com\/de_de\/germany.html\" target=\"_blank\" rel=\"noopener noreferrer\">Castrol<\/a>, <a title=\"Malelobo Touren\" href=\"http:\/\/www.tommwolf.com\/\" target=\"_blank\" rel=\"noopener noreferrer\">Malelobo<\/a>, <a title=\"HATTECH\" href=\"http:\/\/www.hattech.de\/\" target=\"_blank\" rel=\"noopener noreferrer\">Hattech<\/a>, <a title=\"Hersteller f\u00fcr Gabeln, Lenker und Amaturen\" href=\"http:\/\/www.magura.com\/\" target=\"_blank\" rel=\"noopener noreferrer\">Magura<\/a> und und und zu besuchen, sich deren neuste Produkte vorstellen zu lassen und sich \u00fcber Erfahrungen und Reisen auszutauschen.<\/p>\n<p style=\"margin: 0px; padding: 0px;\">Der Aussteller <strong>SIEBENROCK<\/strong>, der sich auf BMW 2-Ventil Boxer ab der Baujahr \/5 spezialisiert hat, informierte Interessierte \u00fcber seine Replacement und Bigborekits und weitere Nachfertigungen, die er im Programm hat. Nat\u00fcrlich waren auch die SGSG2 Umbauten auf Basis einer <strong>R 80 G\/S , R 80 GS<\/strong> oder <strong>R 100 GS<\/strong> ein Hinkucker. Die Firma HATTECH stellte mit Altrider zusammen ihre umfangreiche Produktpalette an Auspuffanlagen f\u00fcr <strong>BMW Motorr\u00e4der<\/strong> und <strong>Zubeh\u00f6r<\/strong> f\u00fcr die neuen 4-ventiler GS-Modelle vor. Dirk Scheffler von <a title=\"Edelweiss Motorsport\" href=\"http:\/\/edelweiss-motorsport.de\/\" target=\"_blank\" rel=\"noopener noreferrer\">Edelweis-Tuning<\/a> \u00fcberzeugte den ausgew\u00e4hlten Kundenkreis mit seinen speziellen Zylinders\u00e4tzen und Zylinderk\u00f6pfen f\u00fcr hochhubraumige BMW-Rennsport-Motorr\u00e4der. Beim MO Medienverlag Stuttgart bekam der Besucher einen Eindruck \u00fcber die zahlreichen Spezialausgaben der Zeitschrift \u201e<a title=\"BMW Motorr\u00e4der MO Verlag\" href=\"http:\/\/www.mo-web.de\/zeitschriften\/bmw-motorraeder.html\" target=\"_blank\" rel=\"noopener noreferrer\">BMW-Motorr\u00e4der<\/a>\u201cvermittelt. Auch stellten sie ihre \u201e<a title=\"Gel\u00e4ndesport Klassik Mo Verlag\" href=\"http:\/\/www.mo-web.de\/zeitschriften\/gelaendesport-spezial.html\" target=\"_blank\" rel=\"noopener noreferrer\">Gel\u00e4ndesport Klassik<\/a>\u201c , die \u00fcber den einen oder anderen EnduroBoxer der 70iger berichten, vor. GARMIN\u00a0 ist nicht nur ein sehr kompetenter Hersteller von Navigationsger\u00e4te, sondern vertreibt auch eignes entwickelte Action Cam\u00b4s. Die Jungs von CASTROL kontrollierten den \u00d6lstand und f\u00fcllten uns das Motoren\u00f6l nach.<\/p>\n<p style=\"margin: 0px; padding: 0px;\">Der bekannte BMW-Fernreisende <strong>Possi<\/strong> ( <a title=\"www.POSSI.de\" href=\"http:\/\/www.possi.de\/\" target=\"_blank\" rel=\"noopener noreferrer\">Claus Possberg, HPN Rahmen &#8211; Nummer 6<\/a> ) hatte auch den Weg gefunden und hat sich bei Manuel Schad \u00fcber die Art seiner Umbauten erkundigt.<\/p>\n<figure id=\"attachment_469\" aria-describedby=\"caption-attachment-469\" style=\"width: 640px\" class=\"wp-caption aligncenter\"><a href=\"http:\/\/blog.swt-sports.de\/wp-content\/uploads\/2014\/07\/P1030826.jpg\"><img decoding=\"async\" class=\"wp-image-469 size-large\" src=\"http:\/\/blog.swt-sports.de\/wp-content\/uploads\/2014\/07\/P1030826-1024x682.jpg\" alt=\"P1030826\" width=\"640\" height=\"426\" srcset=\"https:\/\/blog.swt-sports.de\/wp-content\/uploads\/2014\/07\/P1030826-1024x682.jpg 1024w, https:\/\/blog.swt-sports.de\/wp-content\/uploads\/2014\/07\/P1030826-300x200.jpg 300w, https:\/\/blog.swt-sports.de\/wp-content\/uploads\/2014\/07\/P1030826.jpg 1200w\" sizes=\"(max-width: 640px) 100vw, 640px\" \/><\/a><figcaption id=\"caption-attachment-469\" class=\"wp-caption-text\">Dr. Claus Possberg und Simo Kirssi am MO Stand neben der SWT-SPORTS BMW<\/figcaption><\/figure>\n<p style=\"margin: 0px; padding: 0px;\">Den Teilnehmern der BMW MOTORRAD Days 2014 wurde au\u00dferdem ein umfangreiches Unterhaltungs- und Abendprogramm inklusive der vielen Bands und Puplic Viewing ( Weltmeisterschaft Fu\u00dfball ) geboten.<\/p>\n<figure id=\"attachment_366\" aria-describedby=\"caption-attachment-366\" style=\"width: 640px\" class=\"wp-caption aligncenter\"><a href=\"http:\/\/blog.swt-sports.de\/wp-content\/uploads\/2014\/07\/P1030855.jpg\"><img decoding=\"async\" class=\"wp-image-366 size-large\" src=\"http:\/\/blog.swt-sports.de\/wp-content\/uploads\/2014\/07\/P1030855-1024x682.jpg\" alt=\"P1030855\" width=\"640\" height=\"426\" srcset=\"https:\/\/blog.swt-sports.de\/wp-content\/uploads\/2014\/07\/P1030855-1024x682.jpg 1024w, https:\/\/blog.swt-sports.de\/wp-content\/uploads\/2014\/07\/P1030855-300x200.jpg 300w, https:\/\/blog.swt-sports.de\/wp-content\/uploads\/2014\/07\/P1030855.jpg 1200w\" sizes=\"(max-width: 640px) 100vw, 640px\" \/><\/a><figcaption id=\"caption-attachment-366\" class=\"wp-caption-text\">KOHLENWERK BMW R 1200 mit SIMO KIRSSI<\/figcaption><\/figure>\n<p style=\"margin: 0px; padding: 0px;\">Zum Schluss durften wir noch Zeugen eines besonderen Ereignisses werden. Die <strong>KOHLENWERK BMW<\/strong> war vor Ort. Nicht f\u00fcr jeden sichtbar, aber wir waren quasi VIP\u00b4s. Der ultraschlanke Zweizylinder wird voraussichtlich am<a title=\"BMW BOXER TREFFEN\" href=\"http:\/\/enduroboxer.swt-sports.de\/\" target=\"_blank\" rel=\"noopener noreferrer\"> BoxerTreffen 2014<\/a> auch am Start sein.<\/p>\n<div id='gallery-1' class='gallery galleryid-295 gallery-columns-3 gallery-size-thumbnail'><figure class='gallery-item'>\n\t\t\t<div class='gallery-icon landscape'>\n\t\t\t\t<a href='https:\/\/blog.swt-sports.de\/index.php\/spannendes-wochenende-fuer-bmw-fahrer-in-garmisch-patenkirchen-bei-den-bmw-motorrad-days-2014\/l1030511\/'><img decoding=\"async\" width=\"150\" height=\"150\" src=\"https:\/\/blog.swt-sports.de\/wp-content\/uploads\/2014\/07\/L1030511-150x150.jpg\" class=\"attachment-thumbnail size-thumbnail\" alt=\"\" \/><\/a>\n\t\t\t<\/div><\/figure><figure class='gallery-item'>\n\t\t\t<div class='gallery-icon landscape'>\n\t\t\t\t<a href='https:\/\/blog.swt-sports.de\/index.php\/spannendes-wochenende-fuer-bmw-fahrer-in-garmisch-patenkirchen-bei-den-bmw-motorrad-days-2014\/l1030507\/'><img decoding=\"async\" width=\"150\" height=\"150\" src=\"https:\/\/blog.swt-sports.de\/wp-content\/uploads\/2014\/07\/L1030507-150x150.jpg\" class=\"attachment-thumbnail size-thumbnail\" alt=\"\" \/><\/a>\n\t\t\t<\/div><\/figure><figure class='gallery-item'>\n\t\t\t<div class='gallery-icon landscape'>\n\t\t\t\t<a href='https:\/\/blog.swt-sports.de\/index.php\/spannendes-wochenende-fuer-bmw-fahrer-in-garmisch-patenkirchen-bei-den-bmw-motorrad-days-2014\/l1030509\/'><img decoding=\"async\" width=\"150\" height=\"150\" src=\"https:\/\/blog.swt-sports.de\/wp-content\/uploads\/2014\/07\/L1030509-150x150.jpg\" class=\"attachment-thumbnail size-thumbnail\" alt=\"\" \/><\/a>\n\t\t\t<\/div><\/figure><figure class='gallery-item'>\n\t\t\t<div class='gallery-icon landscape'>\n\t\t\t\t<a href='https:\/\/blog.swt-sports.de\/index.php\/spannendes-wochenende-fuer-bmw-fahrer-in-garmisch-patenkirchen-bei-den-bmw-motorrad-days-2014\/l1030510\/'><img decoding=\"async\" width=\"150\" height=\"150\" src=\"https:\/\/blog.swt-sports.de\/wp-content\/uploads\/2014\/07\/L1030510-150x150.jpg\" class=\"attachment-thumbnail size-thumbnail\" alt=\"\" \/><\/a>\n\t\t\t<\/div><\/figure><figure class='gallery-item'>\n\t\t\t<div class='gallery-icon landscape'>\n\t\t\t\t<a href='https:\/\/blog.swt-sports.de\/index.php\/spannendes-wochenende-fuer-bmw-fahrer-in-garmisch-patenkirchen-bei-den-bmw-motorrad-days-2014\/l1030513\/'><img decoding=\"async\" width=\"150\" height=\"150\" src=\"https:\/\/blog.swt-sports.de\/wp-content\/uploads\/2014\/07\/L1030513-150x150.jpg\" class=\"attachment-thumbnail size-thumbnail\" alt=\"\" \/><\/a>\n\t\t\t<\/div><\/figure><figure class='gallery-item'>\n\t\t\t<div class='gallery-icon landscape'>\n\t\t\t\t<a href='https:\/\/blog.swt-sports.de\/index.php\/spannendes-wochenende-fuer-bmw-fahrer-in-garmisch-patenkirchen-bei-den-bmw-motorrad-days-2014\/l1030514\/'><img decoding=\"async\" width=\"150\" height=\"150\" src=\"https:\/\/blog.swt-sports.de\/wp-content\/uploads\/2014\/07\/L1030514-150x150.jpg\" class=\"attachment-thumbnail size-thumbnail\" alt=\"\" \/><\/a>\n\t\t\t<\/div><\/figure><figure class='gallery-item'>\n\t\t\t<div class='gallery-icon landscape'>\n\t\t\t\t<a href='https:\/\/blog.swt-sports.de\/index.php\/spannendes-wochenende-fuer-bmw-fahrer-in-garmisch-patenkirchen-bei-den-bmw-motorrad-days-2014\/l1030516\/'><img decoding=\"async\" width=\"150\" height=\"150\" src=\"https:\/\/blog.swt-sports.de\/wp-content\/uploads\/2014\/07\/L1030516-150x150.jpg\" class=\"attachment-thumbnail size-thumbnail\" alt=\"\" \/><\/a>\n\t\t\t<\/div><\/figure><figure class='gallery-item'>\n\t\t\t<div class='gallery-icon landscape'>\n\t\t\t\t<a href='https:\/\/blog.swt-sports.de\/index.php\/spannendes-wochenende-fuer-bmw-fahrer-in-garmisch-patenkirchen-bei-den-bmw-motorrad-days-2014\/l1030517\/'><img decoding=\"async\" width=\"150\" height=\"150\" src=\"https:\/\/blog.swt-sports.de\/wp-content\/uploads\/2014\/07\/L1030517-150x150.jpg\" class=\"attachment-thumbnail size-thumbnail\" alt=\"\" \/><\/a>\n\t\t\t<\/div><\/figure><figure class='gallery-item'>\n\t\t\t<div class='gallery-icon landscape'>\n\t\t\t\t<a href='https:\/\/blog.swt-sports.de\/index.php\/spannendes-wochenende-fuer-bmw-fahrer-in-garmisch-patenkirchen-bei-den-bmw-motorrad-days-2014\/l1030518\/'><img decoding=\"async\" width=\"150\" height=\"150\" src=\"https:\/\/blog.swt-sports.de\/wp-content\/uploads\/2014\/07\/L1030518-150x150.jpg\" class=\"attachment-thumbnail size-thumbnail\" alt=\"\" \/><\/a>\n\t\t\t<\/div><\/figure><figure class='gallery-item'>\n\t\t\t<div class='gallery-icon landscape'>\n\t\t\t\t<a href='https:\/\/blog.swt-sports.de\/index.php\/spannendes-wochenende-fuer-bmw-fahrer-in-garmisch-patenkirchen-bei-den-bmw-motorrad-days-2014\/l1030519\/'><img decoding=\"async\" width=\"150\" height=\"150\" src=\"https:\/\/blog.swt-sports.de\/wp-content\/uploads\/2014\/07\/L1030519-150x150.jpg\" class=\"attachment-thumbnail size-thumbnail\" alt=\"\" \/><\/a>\n\t\t\t<\/div><\/figure><figure class='gallery-item'>\n\t\t\t<div class='gallery-icon landscape'>\n\t\t\t\t<a href='https:\/\/blog.swt-sports.de\/index.php\/spannendes-wochenende-fuer-bmw-fahrer-in-garmisch-patenkirchen-bei-den-bmw-motorrad-days-2014\/l1030520\/'><img decoding=\"async\" width=\"150\" height=\"150\" src=\"https:\/\/blog.swt-sports.de\/wp-content\/uploads\/2014\/07\/L1030520-150x150.jpg\" class=\"attachment-thumbnail size-thumbnail\" alt=\"\" \/><\/a>\n\t\t\t<\/div><\/figure><figure class='gallery-item'>\n\t\t\t<div class='gallery-icon landscape'>\n\t\t\t\t<a href='https:\/\/blog.swt-sports.de\/index.php\/spannendes-wochenende-fuer-bmw-fahrer-in-garmisch-patenkirchen-bei-den-bmw-motorrad-days-2014\/l1030521\/'><img decoding=\"async\" width=\"150\" height=\"150\" src=\"https:\/\/blog.swt-sports.de\/wp-content\/uploads\/2014\/07\/L1030521-150x150.jpg\" class=\"attachment-thumbnail size-thumbnail\" alt=\"\" \/><\/a>\n\t\t\t<\/div><\/figure><figure class='gallery-item'>\n\t\t\t<div class='gallery-icon landscape'>\n\t\t\t\t<a href='https:\/\/blog.swt-sports.de\/index.php\/spannendes-wochenende-fuer-bmw-fahrer-in-garmisch-patenkirchen-bei-den-bmw-motorrad-days-2014\/l1030522\/'><img decoding=\"async\" width=\"150\" height=\"150\" src=\"https:\/\/blog.swt-sports.de\/wp-content\/uploads\/2014\/07\/L1030522-150x150.jpg\" class=\"attachment-thumbnail size-thumbnail\" alt=\"\" \/><\/a>\n\t\t\t<\/div><\/figure><figure class='gallery-item'>\n\t\t\t<div class='gallery-icon landscape'>\n\t\t\t\t<a href='https:\/\/blog.swt-sports.de\/index.php\/spannendes-wochenende-fuer-bmw-fahrer-in-garmisch-patenkirchen-bei-den-bmw-motorrad-days-2014\/l1030524\/'><img decoding=\"async\" width=\"150\" height=\"150\" src=\"https:\/\/blog.swt-sports.de\/wp-content\/uploads\/2014\/07\/L1030524-150x150.jpg\" class=\"attachment-thumbnail size-thumbnail\" alt=\"\" \/><\/a>\n\t\t\t<\/div><\/figure><figure class='gallery-item'>\n\t\t\t<div class='gallery-icon landscape'>\n\t\t\t\t<a href='https:\/\/blog.swt-sports.de\/index.php\/spannendes-wochenende-fuer-bmw-fahrer-in-garmisch-patenkirchen-bei-den-bmw-motorrad-days-2014\/l1030525\/'><img decoding=\"async\" width=\"150\" height=\"150\" src=\"https:\/\/blog.swt-sports.de\/wp-content\/uploads\/2014\/07\/L1030525-150x150.jpg\" class=\"attachment-thumbnail size-thumbnail\" alt=\"\" \/><\/a>\n\t\t\t<\/div><\/figure><figure class='gallery-item'>\n\t\t\t<div class='gallery-icon landscape'>\n\t\t\t\t<a href='https:\/\/blog.swt-sports.de\/index.php\/spannendes-wochenende-fuer-bmw-fahrer-in-garmisch-patenkirchen-bei-den-bmw-motorrad-days-2014\/l1030526\/'><img decoding=\"async\" width=\"150\" height=\"150\" src=\"https:\/\/blog.swt-sports.de\/wp-content\/uploads\/2014\/07\/L1030526-150x150.jpg\" class=\"attachment-thumbnail size-thumbnail\" alt=\"\" \/><\/a>\n\t\t\t<\/div><\/figure><figure class='gallery-item'>\n\t\t\t<div class='gallery-icon landscape'>\n\t\t\t\t<a href='https:\/\/blog.swt-sports.de\/index.php\/spannendes-wochenende-fuer-bmw-fahrer-in-garmisch-patenkirchen-bei-den-bmw-motorrad-days-2014\/l1030528\/'><img decoding=\"async\" width=\"150\" height=\"150\" src=\"https:\/\/blog.swt-sports.de\/wp-content\/uploads\/2014\/07\/L1030528-150x150.jpg\" class=\"attachment-thumbnail size-thumbnail\" alt=\"\" \/><\/a>\n\t\t\t<\/div><\/figure><figure class='gallery-item'>\n\t\t\t<div class='gallery-icon landscape'>\n\t\t\t\t<a href='https:\/\/blog.swt-sports.de\/index.php\/spannendes-wochenende-fuer-bmw-fahrer-in-garmisch-patenkirchen-bei-den-bmw-motorrad-days-2014\/l1030529\/'><img decoding=\"async\" width=\"150\" height=\"150\" src=\"https:\/\/blog.swt-sports.de\/wp-content\/uploads\/2014\/07\/L1030529-150x150.jpg\" class=\"attachment-thumbnail size-thumbnail\" alt=\"\" \/><\/a>\n\t\t\t<\/div><\/figure><figure class='gallery-item'>\n\t\t\t<div class='gallery-icon landscape'>\n\t\t\t\t<a href='https:\/\/blog.swt-sports.de\/index.php\/spannendes-wochenende-fuer-bmw-fahrer-in-garmisch-patenkirchen-bei-den-bmw-motorrad-days-2014\/l1030532\/'><img decoding=\"async\" width=\"150\" height=\"150\" src=\"https:\/\/blog.swt-sports.de\/wp-content\/uploads\/2014\/07\/L1030532-150x150.jpg\" class=\"attachment-thumbnail size-thumbnail\" alt=\"\" \/><\/a>\n\t\t\t<\/div><\/figure><figure class='gallery-item'>\n\t\t\t<div class='gallery-icon landscape'>\n\t\t\t\t<a href='https:\/\/blog.swt-sports.de\/index.php\/spannendes-wochenende-fuer-bmw-fahrer-in-garmisch-patenkirchen-bei-den-bmw-motorrad-days-2014\/l1030533\/'><img decoding=\"async\" width=\"150\" height=\"150\" src=\"https:\/\/blog.swt-sports.de\/wp-content\/uploads\/2014\/07\/L1030533-150x150.jpg\" class=\"attachment-thumbnail size-thumbnail\" alt=\"\" \/><\/a>\n\t\t\t<\/div><\/figure><figure class='gallery-item'>\n\t\t\t<div class='gallery-icon landscape'>\n\t\t\t\t<a href='https:\/\/blog.swt-sports.de\/index.php\/spannendes-wochenende-fuer-bmw-fahrer-in-garmisch-patenkirchen-bei-den-bmw-motorrad-days-2014\/l1030534\/'><img decoding=\"async\" width=\"150\" height=\"150\" src=\"https:\/\/blog.swt-sports.de\/wp-content\/uploads\/2014\/07\/L1030534-150x150.jpg\" class=\"attachment-thumbnail size-thumbnail\" alt=\"\" \/><\/a>\n\t\t\t<\/div><\/figure><figure class='gallery-item'>\n\t\t\t<div class='gallery-icon landscape'>\n\t\t\t\t<a href='https:\/\/blog.swt-sports.de\/index.php\/spannendes-wochenende-fuer-bmw-fahrer-in-garmisch-patenkirchen-bei-den-bmw-motorrad-days-2014\/l1030535\/'><img decoding=\"async\" width=\"150\" height=\"150\" src=\"https:\/\/blog.swt-sports.de\/wp-content\/uploads\/2014\/07\/L1030535-150x150.jpg\" class=\"attachment-thumbnail size-thumbnail\" alt=\"\" \/><\/a>\n\t\t\t<\/div><\/figure><figure class='gallery-item'>\n\t\t\t<div class='gallery-icon landscape'>\n\t\t\t\t<a href='https:\/\/blog.swt-sports.de\/index.php\/spannendes-wochenende-fuer-bmw-fahrer-in-garmisch-patenkirchen-bei-den-bmw-motorrad-days-2014\/l1030536\/'><img decoding=\"async\" width=\"150\" height=\"150\" src=\"https:\/\/blog.swt-sports.de\/wp-content\/uploads\/2014\/07\/L1030536-150x150.jpg\" class=\"attachment-thumbnail size-thumbnail\" alt=\"\" \/><\/a>\n\t\t\t<\/div><\/figure><figure class='gallery-item'>\n\t\t\t<div class='gallery-icon landscape'>\n\t\t\t\t<a href='https:\/\/blog.swt-sports.de\/index.php\/spannendes-wochenende-fuer-bmw-fahrer-in-garmisch-patenkirchen-bei-den-bmw-motorrad-days-2014\/l1030537\/'><img decoding=\"async\" width=\"150\" height=\"150\" src=\"https:\/\/blog.swt-sports.de\/wp-content\/uploads\/2014\/07\/L1030537-150x150.jpg\" class=\"attachment-thumbnail size-thumbnail\" alt=\"\" \/><\/a>\n\t\t\t<\/div><\/figure><figure class='gallery-item'>\n\t\t\t<div class='gallery-icon landscape'>\n\t\t\t\t<a href='https:\/\/blog.swt-sports.de\/index.php\/spannendes-wochenende-fuer-bmw-fahrer-in-garmisch-patenkirchen-bei-den-bmw-motorrad-days-2014\/l1030539\/'><img decoding=\"async\" width=\"150\" height=\"150\" src=\"https:\/\/blog.swt-sports.de\/wp-content\/uploads\/2014\/07\/L1030539-150x150.jpg\" class=\"attachment-thumbnail size-thumbnail\" alt=\"\" \/><\/a>\n\t\t\t<\/div><\/figure><figure class='gallery-item'>\n\t\t\t<div class='gallery-icon landscape'>\n\t\t\t\t<a href='https:\/\/blog.swt-sports.de\/index.php\/spannendes-wochenende-fuer-bmw-fahrer-in-garmisch-patenkirchen-bei-den-bmw-motorrad-days-2014\/l1030543\/'><img decoding=\"async\" width=\"150\" height=\"150\" src=\"https:\/\/blog.swt-sports.de\/wp-content\/uploads\/2014\/07\/L1030543-150x150.jpg\" class=\"attachment-thumbnail size-thumbnail\" alt=\"\" \/><\/a>\n\t\t\t<\/div><\/figure><figure class='gallery-item'>\n\t\t\t<div class='gallery-icon landscape'>\n\t\t\t\t<a href='https:\/\/blog.swt-sports.de\/index.php\/spannendes-wochenende-fuer-bmw-fahrer-in-garmisch-patenkirchen-bei-den-bmw-motorrad-days-2014\/l1030546\/'><img decoding=\"async\" width=\"150\" height=\"150\" src=\"https:\/\/blog.swt-sports.de\/wp-content\/uploads\/2014\/07\/L1030546-150x150.jpg\" class=\"attachment-thumbnail size-thumbnail\" alt=\"\" \/><\/a>\n\t\t\t<\/div><\/figure><figure class='gallery-item'>\n\t\t\t<div class='gallery-icon landscape'>\n\t\t\t\t<a href='https:\/\/blog.swt-sports.de\/index.php\/spannendes-wochenende-fuer-bmw-fahrer-in-garmisch-patenkirchen-bei-den-bmw-motorrad-days-2014\/l1030547\/'><img decoding=\"async\" width=\"150\" height=\"150\" src=\"https:\/\/blog.swt-sports.de\/wp-content\/uploads\/2014\/07\/L1030547-150x150.jpg\" class=\"attachment-thumbnail size-thumbnail\" alt=\"\" \/><\/a>\n\t\t\t<\/div><\/figure><figure class='gallery-item'>\n\t\t\t<div class='gallery-icon landscape'>\n\t\t\t\t<a href='https:\/\/blog.swt-sports.de\/index.php\/spannendes-wochenende-fuer-bmw-fahrer-in-garmisch-patenkirchen-bei-den-bmw-motorrad-days-2014\/l1030549\/'><img decoding=\"async\" width=\"150\" height=\"150\" src=\"https:\/\/blog.swt-sports.de\/wp-content\/uploads\/2014\/07\/L1030549-150x150.jpg\" class=\"attachment-thumbnail size-thumbnail\" alt=\"\" \/><\/a>\n\t\t\t<\/div><\/figure><figure class='gallery-item'>\n\t\t\t<div class='gallery-icon landscape'>\n\t\t\t\t<a href='https:\/\/blog.swt-sports.de\/index.php\/spannendes-wochenende-fuer-bmw-fahrer-in-garmisch-patenkirchen-bei-den-bmw-motorrad-days-2014\/l1030550\/'><img decoding=\"async\" width=\"150\" height=\"150\" src=\"https:\/\/blog.swt-sports.de\/wp-content\/uploads\/2014\/07\/L1030550-150x150.jpg\" class=\"attachment-thumbnail size-thumbnail\" alt=\"\" \/><\/a>\n\t\t\t<\/div><\/figure><figure class='gallery-item'>\n\t\t\t<div class='gallery-icon landscape'>\n\t\t\t\t<a href='https:\/\/blog.swt-sports.de\/index.php\/spannendes-wochenende-fuer-bmw-fahrer-in-garmisch-patenkirchen-bei-den-bmw-motorrad-days-2014\/l1030551\/'><img decoding=\"async\" width=\"150\" height=\"150\" src=\"https:\/\/blog.swt-sports.de\/wp-content\/uploads\/2014\/07\/L1030551-150x150.jpg\" class=\"attachment-thumbnail size-thumbnail\" alt=\"\" \/><\/a>\n\t\t\t<\/div><\/figure><figure class='gallery-item'>\n\t\t\t<div class='gallery-icon landscape'>\n\t\t\t\t<a href='https:\/\/blog.swt-sports.de\/index.php\/spannendes-wochenende-fuer-bmw-fahrer-in-garmisch-patenkirchen-bei-den-bmw-motorrad-days-2014\/l1030553\/'><img decoding=\"async\" width=\"150\" height=\"150\" src=\"https:\/\/blog.swt-sports.de\/wp-content\/uploads\/2014\/07\/L1030553-150x150.jpg\" class=\"attachment-thumbnail size-thumbnail\" alt=\"\" \/><\/a>\n\t\t\t<\/div><\/figure><figure class='gallery-item'>\n\t\t\t<div class='gallery-icon landscape'>\n\t\t\t\t<a href='https:\/\/blog.swt-sports.de\/index.php\/spannendes-wochenende-fuer-bmw-fahrer-in-garmisch-patenkirchen-bei-den-bmw-motorrad-days-2014\/l1030554\/'><img decoding=\"async\" width=\"150\" height=\"150\" src=\"https:\/\/blog.swt-sports.de\/wp-content\/uploads\/2014\/07\/L1030554-150x150.jpg\" class=\"attachment-thumbnail size-thumbnail\" alt=\"\" \/><\/a>\n\t\t\t<\/div><\/figure><figure class='gallery-item'>\n\t\t\t<div class='gallery-icon landscape'>\n\t\t\t\t<a href='https:\/\/blog.swt-sports.de\/index.php\/spannendes-wochenende-fuer-bmw-fahrer-in-garmisch-patenkirchen-bei-den-bmw-motorrad-days-2014\/l1030556\/'><img decoding=\"async\" width=\"150\" height=\"150\" src=\"https:\/\/blog.swt-sports.de\/wp-content\/uploads\/2014\/07\/L1030556-150x150.jpg\" class=\"attachment-thumbnail size-thumbnail\" alt=\"\" \/><\/a>\n\t\t\t<\/div><\/figure><figure class='gallery-item'>\n\t\t\t<div class='gallery-icon landscape'>\n\t\t\t\t<a href='https:\/\/blog.swt-sports.de\/index.php\/spannendes-wochenende-fuer-bmw-fahrer-in-garmisch-patenkirchen-bei-den-bmw-motorrad-days-2014\/l1030557\/'><img decoding=\"async\" width=\"150\" height=\"150\" src=\"https:\/\/blog.swt-sports.de\/wp-content\/uploads\/2014\/07\/L1030557-150x150.jpg\" class=\"attachment-thumbnail size-thumbnail\" alt=\"\" \/><\/a>\n\t\t\t<\/div><\/figure><figure class='gallery-item'>\n\t\t\t<div class='gallery-icon landscape'>\n\t\t\t\t<a href='https:\/\/blog.swt-sports.de\/index.php\/spannendes-wochenende-fuer-bmw-fahrer-in-garmisch-patenkirchen-bei-den-bmw-motorrad-days-2014\/l1030559\/'><img decoding=\"async\" width=\"150\" height=\"150\" src=\"https:\/\/blog.swt-sports.de\/wp-content\/uploads\/2014\/07\/L1030559-150x150.jpg\" class=\"attachment-thumbnail size-thumbnail\" alt=\"\" \/><\/a>\n\t\t\t<\/div><\/figure><figure class='gallery-item'>\n\t\t\t<div class='gallery-icon landscape'>\n\t\t\t\t<a href='https:\/\/blog.swt-sports.de\/index.php\/spannendes-wochenende-fuer-bmw-fahrer-in-garmisch-patenkirchen-bei-den-bmw-motorrad-days-2014\/l1030560\/'><img decoding=\"async\" width=\"150\" height=\"150\" src=\"https:\/\/blog.swt-sports.de\/wp-content\/uploads\/2014\/07\/L1030560-150x150.jpg\" class=\"attachment-thumbnail size-thumbnail\" alt=\"\" \/><\/a>\n\t\t\t<\/div><\/figure><figure class='gallery-item'>\n\t\t\t<div class='gallery-icon landscape'>\n\t\t\t\t<a href='https:\/\/blog.swt-sports.de\/index.php\/spannendes-wochenende-fuer-bmw-fahrer-in-garmisch-patenkirchen-bei-den-bmw-motorrad-days-2014\/l1030562\/'><img decoding=\"async\" width=\"150\" height=\"150\" src=\"https:\/\/blog.swt-sports.de\/wp-content\/uploads\/2014\/07\/L1030562-150x150.jpg\" class=\"attachment-thumbnail size-thumbnail\" alt=\"\" \/><\/a>\n\t\t\t<\/div><\/figure><figure class='gallery-item'>\n\t\t\t<div class='gallery-icon landscape'>\n\t\t\t\t<a href='https:\/\/blog.swt-sports.de\/index.php\/spannendes-wochenende-fuer-bmw-fahrer-in-garmisch-patenkirchen-bei-den-bmw-motorrad-days-2014\/l1030563\/'><img decoding=\"async\" width=\"150\" height=\"150\" src=\"https:\/\/blog.swt-sports.de\/wp-content\/uploads\/2014\/07\/L1030563-150x150.jpg\" class=\"attachment-thumbnail size-thumbnail\" alt=\"\" \/><\/a>\n\t\t\t<\/div><\/figure><figure class='gallery-item'>\n\t\t\t<div class='gallery-icon landscape'>\n\t\t\t\t<a href='https:\/\/blog.swt-sports.de\/index.php\/spannendes-wochenende-fuer-bmw-fahrer-in-garmisch-patenkirchen-bei-den-bmw-motorrad-days-2014\/l1030565\/'><img decoding=\"async\" width=\"150\" height=\"150\" src=\"https:\/\/blog.swt-sports.de\/wp-content\/uploads\/2014\/07\/L1030565-150x150.jpg\" class=\"attachment-thumbnail size-thumbnail\" alt=\"\" \/><\/a>\n\t\t\t<\/div><\/figure><figure class='gallery-item'>\n\t\t\t<div class='gallery-icon landscape'>\n\t\t\t\t<a href='https:\/\/blog.swt-sports.de\/index.php\/spannendes-wochenende-fuer-bmw-fahrer-in-garmisch-patenkirchen-bei-den-bmw-motorrad-days-2014\/l1030566\/'><img decoding=\"async\" width=\"150\" height=\"150\" src=\"https:\/\/blog.swt-sports.de\/wp-content\/uploads\/2014\/07\/L1030566-150x150.jpg\" class=\"attachment-thumbnail size-thumbnail\" alt=\"\" \/><\/a>\n\t\t\t<\/div><\/figure><figure class='gallery-item'>\n\t\t\t<div class='gallery-icon landscape'>\n\t\t\t\t<a href='https:\/\/blog.swt-sports.de\/index.php\/spannendes-wochenende-fuer-bmw-fahrer-in-garmisch-patenkirchen-bei-den-bmw-motorrad-days-2014\/l1030567\/'><img decoding=\"async\" width=\"150\" height=\"150\" src=\"https:\/\/blog.swt-sports.de\/wp-content\/uploads\/2014\/07\/L1030567-150x150.jpg\" class=\"attachment-thumbnail size-thumbnail\" alt=\"\" \/><\/a>\n\t\t\t<\/div><\/figure><figure class='gallery-item'>\n\t\t\t<div class='gallery-icon landscape'>\n\t\t\t\t<a href='https:\/\/blog.swt-sports.de\/index.php\/spannendes-wochenende-fuer-bmw-fahrer-in-garmisch-patenkirchen-bei-den-bmw-motorrad-days-2014\/l1030569\/'><img decoding=\"async\" width=\"150\" height=\"150\" src=\"https:\/\/blog.swt-sports.de\/wp-content\/uploads\/2014\/07\/L1030569-150x150.jpg\" class=\"attachment-thumbnail size-thumbnail\" alt=\"\" \/><\/a>\n\t\t\t<\/div><\/figure><figure class='gallery-item'>\n\t\t\t<div class='gallery-icon landscape'>\n\t\t\t\t<a href='https:\/\/blog.swt-sports.de\/index.php\/spannendes-wochenende-fuer-bmw-fahrer-in-garmisch-patenkirchen-bei-den-bmw-motorrad-days-2014\/l1030570\/'><img decoding=\"async\" width=\"150\" height=\"150\" src=\"https:\/\/blog.swt-sports.de\/wp-content\/uploads\/2014\/07\/L1030570-150x150.jpg\" class=\"attachment-thumbnail size-thumbnail\" alt=\"\" \/><\/a>\n\t\t\t<\/div><\/figure><figure class='gallery-item'>\n\t\t\t<div class='gallery-icon landscape'>\n\t\t\t\t<a href='https:\/\/blog.swt-sports.de\/index.php\/spannendes-wochenende-fuer-bmw-fahrer-in-garmisch-patenkirchen-bei-den-bmw-motorrad-days-2014\/l1030572\/'><img decoding=\"async\" width=\"150\" height=\"150\" src=\"https:\/\/blog.swt-sports.de\/wp-content\/uploads\/2014\/07\/L1030572-150x150.jpg\" class=\"attachment-thumbnail size-thumbnail\" alt=\"\" \/><\/a>\n\t\t\t<\/div><\/figure><figure class='gallery-item'>\n\t\t\t<div class='gallery-icon landscape'>\n\t\t\t\t<a href='https:\/\/blog.swt-sports.de\/index.php\/spannendes-wochenende-fuer-bmw-fahrer-in-garmisch-patenkirchen-bei-den-bmw-motorrad-days-2014\/l1030573\/'><img decoding=\"async\" width=\"150\" height=\"150\" src=\"https:\/\/blog.swt-sports.de\/wp-content\/uploads\/2014\/07\/L1030573-150x150.jpg\" class=\"attachment-thumbnail size-thumbnail\" alt=\"\" \/><\/a>\n\t\t\t<\/div><\/figure><figure class='gallery-item'>\n\t\t\t<div class='gallery-icon landscape'>\n\t\t\t\t<a href='https:\/\/blog.swt-sports.de\/index.php\/spannendes-wochenende-fuer-bmw-fahrer-in-garmisch-patenkirchen-bei-den-bmw-motorrad-days-2014\/l1030574\/'><img decoding=\"async\" width=\"150\" height=\"150\" src=\"https:\/\/blog.swt-sports.de\/wp-content\/uploads\/2014\/07\/L1030574-150x150.jpg\" class=\"attachment-thumbnail size-thumbnail\" alt=\"\" \/><\/a>\n\t\t\t<\/div><\/figure><figure class='gallery-item'>\n\t\t\t<div class='gallery-icon landscape'>\n\t\t\t\t<a href='https:\/\/blog.swt-sports.de\/index.php\/spannendes-wochenende-fuer-bmw-fahrer-in-garmisch-patenkirchen-bei-den-bmw-motorrad-days-2014\/l1030575\/'><img decoding=\"async\" width=\"150\" height=\"150\" src=\"https:\/\/blog.swt-sports.de\/wp-content\/uploads\/2014\/07\/L1030575-150x150.jpg\" class=\"attachment-thumbnail size-thumbnail\" alt=\"\" \/><\/a>\n\t\t\t<\/div><\/figure><figure class='gallery-item'>\n\t\t\t<div class='gallery-icon landscape'>\n\t\t\t\t<a href='https:\/\/blog.swt-sports.de\/index.php\/spannendes-wochenende-fuer-bmw-fahrer-in-garmisch-patenkirchen-bei-den-bmw-motorrad-days-2014\/l1030576\/'><img decoding=\"async\" width=\"150\" height=\"150\" src=\"https:\/\/blog.swt-sports.de\/wp-content\/uploads\/2014\/07\/L1030576-150x150.jpg\" class=\"attachment-thumbnail size-thumbnail\" alt=\"\" \/><\/a>\n\t\t\t<\/div><\/figure><figure class='gallery-item'>\n\t\t\t<div class='gallery-icon landscape'>\n\t\t\t\t<a href='https:\/\/blog.swt-sports.de\/index.php\/spannendes-wochenende-fuer-bmw-fahrer-in-garmisch-patenkirchen-bei-den-bmw-motorrad-days-2014\/l1030577\/'><img decoding=\"async\" width=\"150\" height=\"150\" src=\"https:\/\/blog.swt-sports.de\/wp-content\/uploads\/2014\/07\/L1030577-150x150.jpg\" class=\"attachment-thumbnail size-thumbnail\" alt=\"\" \/><\/a>\n\t\t\t<\/div><\/figure><figure class='gallery-item'>\n\t\t\t<div class='gallery-icon landscape'>\n\t\t\t\t<a href='https:\/\/blog.swt-sports.de\/index.php\/spannendes-wochenende-fuer-bmw-fahrer-in-garmisch-patenkirchen-bei-den-bmw-motorrad-days-2014\/l1030584\/'><img decoding=\"async\" width=\"150\" height=\"150\" src=\"https:\/\/blog.swt-sports.de\/wp-content\/uploads\/2014\/07\/L1030584-150x150.jpg\" class=\"attachment-thumbnail size-thumbnail\" alt=\"\" \/><\/a>\n\t\t\t<\/div><\/figure><figure class='gallery-item'>\n\t\t\t<div class='gallery-icon landscape'>\n\t\t\t\t<a href='https:\/\/blog.swt-sports.de\/index.php\/spannendes-wochenende-fuer-bmw-fahrer-in-garmisch-patenkirchen-bei-den-bmw-motorrad-days-2014\/p1030842\/'><img decoding=\"async\" width=\"150\" height=\"150\" src=\"https:\/\/blog.swt-sports.de\/wp-content\/uploads\/2014\/07\/P1030842-150x150.jpg\" class=\"attachment-thumbnail size-thumbnail\" alt=\"\" \/><\/a>\n\t\t\t<\/div><\/figure><figure class='gallery-item'>\n\t\t\t<div class='gallery-icon portrait'>\n\t\t\t\t<a href='https:\/\/blog.swt-sports.de\/index.php\/spannendes-wochenende-fuer-bmw-fahrer-in-garmisch-patenkirchen-bei-den-bmw-motorrad-days-2014\/p1030844\/'><img decoding=\"async\" width=\"150\" height=\"150\" src=\"https:\/\/blog.swt-sports.de\/wp-content\/uploads\/2014\/07\/P1030844-150x150.jpg\" class=\"attachment-thumbnail size-thumbnail\" alt=\"\" \/><\/a>\n\t\t\t<\/div><\/figure><figure class='gallery-item'>\n\t\t\t<div class='gallery-icon portrait'>\n\t\t\t\t<a href='https:\/\/blog.swt-sports.de\/index.php\/spannendes-wochenende-fuer-bmw-fahrer-in-garmisch-patenkirchen-bei-den-bmw-motorrad-days-2014\/p1030845\/'><img decoding=\"async\" width=\"150\" height=\"150\" src=\"https:\/\/blog.swt-sports.de\/wp-content\/uploads\/2014\/07\/P1030845-150x150.jpg\" class=\"attachment-thumbnail size-thumbnail\" alt=\"\" \/><\/a>\n\t\t\t<\/div><\/figure><figure class='gallery-item'>\n\t\t\t<div class='gallery-icon portrait'>\n\t\t\t\t<a href='https:\/\/blog.swt-sports.de\/index.php\/spannendes-wochenende-fuer-bmw-fahrer-in-garmisch-patenkirchen-bei-den-bmw-motorrad-days-2014\/p1030850\/'><img decoding=\"async\" width=\"150\" height=\"150\" src=\"https:\/\/blog.swt-sports.de\/wp-content\/uploads\/2014\/07\/P1030850-150x150.jpg\" class=\"attachment-thumbnail size-thumbnail\" alt=\"\" \/><\/a>\n\t\t\t<\/div><\/figure><figure class='gallery-item'>\n\t\t\t<div class='gallery-icon landscape'>\n\t\t\t\t<a href='https:\/\/blog.swt-sports.de\/index.php\/spannendes-wochenende-fuer-bmw-fahrer-in-garmisch-patenkirchen-bei-den-bmw-motorrad-days-2014\/p1030851\/'><img decoding=\"async\" width=\"150\" height=\"150\" src=\"https:\/\/blog.swt-sports.de\/wp-content\/uploads\/2014\/07\/P1030851-150x150.jpg\" class=\"attachment-thumbnail size-thumbnail\" alt=\"\" \/><\/a>\n\t\t\t<\/div><\/figure><figure class='gallery-item'>\n\t\t\t<div class='gallery-icon portrait'>\n\t\t\t\t<a href='https:\/\/blog.swt-sports.de\/index.php\/spannendes-wochenende-fuer-bmw-fahrer-in-garmisch-patenkirchen-bei-den-bmw-motorrad-days-2014\/p1030853\/'><img decoding=\"async\" width=\"150\" height=\"150\" src=\"https:\/\/blog.swt-sports.de\/wp-content\/uploads\/2014\/07\/P1030853-150x150.jpg\" class=\"attachment-thumbnail size-thumbnail\" alt=\"\" \/><\/a>\n\t\t\t<\/div><\/figure><figure class='gallery-item'>\n\t\t\t<div class='gallery-icon landscape'>\n\t\t\t\t<a href='https:\/\/blog.swt-sports.de\/index.php\/spannendes-wochenende-fuer-bmw-fahrer-in-garmisch-patenkirchen-bei-den-bmw-motorrad-days-2014\/p1030854\/'><img decoding=\"async\" width=\"150\" height=\"150\" src=\"https:\/\/blog.swt-sports.de\/wp-content\/uploads\/2014\/07\/P1030854-150x150.jpg\" class=\"attachment-thumbnail size-thumbnail\" alt=\"\" \/><\/a>\n\t\t\t<\/div><\/figure><figure class='gallery-item'>\n\t\t\t<div class='gallery-icon landscape'>\n\t\t\t\t<a href='https:\/\/blog.swt-sports.de\/index.php\/spannendes-wochenende-fuer-bmw-fahrer-in-garmisch-patenkirchen-bei-den-bmw-motorrad-days-2014\/p1030855\/'><img decoding=\"async\" width=\"150\" height=\"150\" src=\"https:\/\/blog.swt-sports.de\/wp-content\/uploads\/2014\/07\/P1030855-150x150.jpg\" class=\"attachment-thumbnail size-thumbnail\" alt=\"\" \/><\/a>\n\t\t\t<\/div><\/figure><figure class='gallery-item'>\n\t\t\t<div class='gallery-icon landscape'>\n\t\t\t\t<a href='https:\/\/blog.swt-sports.de\/index.php\/spannendes-wochenende-fuer-bmw-fahrer-in-garmisch-patenkirchen-bei-den-bmw-motorrad-days-2014\/p1030858\/'><img decoding=\"async\" width=\"150\" height=\"150\" src=\"https:\/\/blog.swt-sports.de\/wp-content\/uploads\/2014\/07\/P1030858-150x150.jpg\" class=\"attachment-thumbnail size-thumbnail\" alt=\"\" \/><\/a>\n\t\t\t<\/div><\/figure><figure class='gallery-item'>\n\t\t\t<div class='gallery-icon landscape'>\n\t\t\t\t<a href='https:\/\/blog.swt-sports.de\/index.php\/spannendes-wochenende-fuer-bmw-fahrer-in-garmisch-patenkirchen-bei-den-bmw-motorrad-days-2014\/p1030860\/'><img decoding=\"async\" width=\"150\" height=\"150\" src=\"https:\/\/blog.swt-sports.de\/wp-content\/uploads\/2014\/07\/P1030860-150x150.jpg\" class=\"attachment-thumbnail size-thumbnail\" alt=\"\" \/><\/a>\n\t\t\t<\/div><\/figure><figure class='gallery-item'>\n\t\t\t<div class='gallery-icon landscape'>\n\t\t\t\t<a href='https:\/\/blog.swt-sports.de\/index.php\/spannendes-wochenende-fuer-bmw-fahrer-in-garmisch-patenkirchen-bei-den-bmw-motorrad-days-2014\/p1030862\/'><img decoding=\"async\" width=\"150\" height=\"150\" src=\"https:\/\/blog.swt-sports.de\/wp-content\/uploads\/2014\/07\/P1030862-150x150.jpg\" class=\"attachment-thumbnail size-thumbnail\" alt=\"\" \/><\/a>\n\t\t\t<\/div><\/figure><figure class='gallery-item'>\n\t\t\t<div class='gallery-icon landscape'>\n\t\t\t\t<a href='https:\/\/blog.swt-sports.de\/index.php\/spannendes-wochenende-fuer-bmw-fahrer-in-garmisch-patenkirchen-bei-den-bmw-motorrad-days-2014\/p1030863\/'><img decoding=\"async\" width=\"150\" height=\"150\" src=\"https:\/\/blog.swt-sports.de\/wp-content\/uploads\/2014\/07\/P1030863-150x150.jpg\" class=\"attachment-thumbnail size-thumbnail\" alt=\"\" \/><\/a>\n\t\t\t<\/div><\/figure><figure class='gallery-item'>\n\t\t\t<div class='gallery-icon landscape'>\n\t\t\t\t<a href='https:\/\/blog.swt-sports.de\/index.php\/spannendes-wochenende-fuer-bmw-fahrer-in-garmisch-patenkirchen-bei-den-bmw-motorrad-days-2014\/p1030864\/'><img decoding=\"async\" width=\"150\" height=\"150\" src=\"https:\/\/blog.swt-sports.de\/wp-content\/uploads\/2014\/07\/P1030864-150x150.jpg\" class=\"attachment-thumbnail size-thumbnail\" alt=\"\" \/><\/a>\n\t\t\t<\/div><\/figure><figure class='gallery-item'>\n\t\t\t<div class='gallery-icon landscape'>\n\t\t\t\t<a href='https:\/\/blog.swt-sports.de\/index.php\/spannendes-wochenende-fuer-bmw-fahrer-in-garmisch-patenkirchen-bei-den-bmw-motorrad-days-2014\/p1030865\/'><img decoding=\"async\" width=\"150\" height=\"150\" src=\"https:\/\/blog.swt-sports.de\/wp-content\/uploads\/2014\/07\/P1030865-150x150.jpg\" class=\"attachment-thumbnail size-thumbnail\" alt=\"\" \/><\/a>\n\t\t\t<\/div><\/figure><figure class='gallery-item'>\n\t\t\t<div class='gallery-icon landscape'>\n\t\t\t\t<a href='https:\/\/blog.swt-sports.de\/index.php\/spannendes-wochenende-fuer-bmw-fahrer-in-garmisch-patenkirchen-bei-den-bmw-motorrad-days-2014\/p1030867\/'><img decoding=\"async\" width=\"150\" height=\"150\" src=\"https:\/\/blog.swt-sports.de\/wp-content\/uploads\/2014\/07\/P1030867-150x150.jpg\" class=\"attachment-thumbnail size-thumbnail\" alt=\"\" \/><\/a>\n\t\t\t<\/div><\/figure><figure class='gallery-item'>\n\t\t\t<div class='gallery-icon landscape'>\n\t\t\t\t<a href='https:\/\/blog.swt-sports.de\/index.php\/spannendes-wochenende-fuer-bmw-fahrer-in-garmisch-patenkirchen-bei-den-bmw-motorrad-days-2014\/p1030868\/'><img decoding=\"async\" width=\"150\" height=\"150\" src=\"https:\/\/blog.swt-sports.de\/wp-content\/uploads\/2014\/07\/P1030868-150x150.jpg\" class=\"attachment-thumbnail size-thumbnail\" alt=\"\" \/><\/a>\n\t\t\t<\/div><\/figure><figure class='gallery-item'>\n\t\t\t<div class='gallery-icon landscape'>\n\t\t\t\t<a href='https:\/\/blog.swt-sports.de\/index.php\/spannendes-wochenende-fuer-bmw-fahrer-in-garmisch-patenkirchen-bei-den-bmw-motorrad-days-2014\/p1030870\/'><img decoding=\"async\" width=\"150\" height=\"150\" src=\"https:\/\/blog.swt-sports.de\/wp-content\/uploads\/2014\/07\/P1030870-150x150.jpg\" class=\"attachment-thumbnail size-thumbnail\" alt=\"\" \/><\/a>\n\t\t\t<\/div><\/figure><figure class='gallery-item'>\n\t\t\t<div class='gallery-icon landscape'>\n\t\t\t\t<a href='https:\/\/blog.swt-sports.de\/index.php\/spannendes-wochenende-fuer-bmw-fahrer-in-garmisch-patenkirchen-bei-den-bmw-motorrad-days-2014\/p1030874\/'><img decoding=\"async\" width=\"150\" height=\"150\" src=\"https:\/\/blog.swt-sports.de\/wp-content\/uploads\/2014\/07\/P1030874-150x150.jpg\" class=\"attachment-thumbnail size-thumbnail\" alt=\"\" \/><\/a>\n\t\t\t<\/div><\/figure><figure class='gallery-item'>\n\t\t\t<div class='gallery-icon landscape'>\n\t\t\t\t<a href='https:\/\/blog.swt-sports.de\/index.php\/spannendes-wochenende-fuer-bmw-fahrer-in-garmisch-patenkirchen-bei-den-bmw-motorrad-days-2014\/p1030876\/'><img decoding=\"async\" width=\"150\" height=\"150\" src=\"https:\/\/blog.swt-sports.de\/wp-content\/uploads\/2014\/07\/P1030876-150x150.jpg\" class=\"attachment-thumbnail size-thumbnail\" alt=\"\" \/><\/a>\n\t\t\t<\/div><\/figure><figure class='gallery-item'>\n\t\t\t<div class='gallery-icon landscape'>\n\t\t\t\t<a href='https:\/\/blog.swt-sports.de\/index.php\/spannendes-wochenende-fuer-bmw-fahrer-in-garmisch-patenkirchen-bei-den-bmw-motorrad-days-2014\/p1030878\/'><img decoding=\"async\" width=\"150\" height=\"150\" src=\"https:\/\/blog.swt-sports.de\/wp-content\/uploads\/2014\/07\/P1030878-150x150.jpg\" class=\"attachment-thumbnail size-thumbnail\" alt=\"\" \/><\/a>\n\t\t\t<\/div><\/figure><figure class='gallery-item'>\n\t\t\t<div class='gallery-icon landscape'>\n\t\t\t\t<a href='https:\/\/blog.swt-sports.de\/index.php\/spannendes-wochenende-fuer-bmw-fahrer-in-garmisch-patenkirchen-bei-den-bmw-motorrad-days-2014\/p1030649\/'><img decoding=\"async\" width=\"150\" height=\"150\" src=\"https:\/\/blog.swt-sports.de\/wp-content\/uploads\/2014\/07\/P1030649-150x150.jpg\" class=\"attachment-thumbnail size-thumbnail\" alt=\"\" \/><\/a>\n\t\t\t<\/div><\/figure><figure class='gallery-item'>\n\t\t\t<div class='gallery-icon landscape'>\n\t\t\t\t<a href='https:\/\/blog.swt-sports.de\/index.php\/spannendes-wochenende-fuer-bmw-fahrer-in-garmisch-patenkirchen-bei-den-bmw-motorrad-days-2014\/p1030650\/'><img decoding=\"async\" width=\"150\" height=\"150\" src=\"https:\/\/blog.swt-sports.de\/wp-content\/uploads\/2014\/07\/P1030650-150x150.jpg\" class=\"attachment-thumbnail size-thumbnail\" alt=\"\" \/><\/a>\n\t\t\t<\/div><\/figure><figure class='gallery-item'>\n\t\t\t<div class='gallery-icon landscape'>\n\t\t\t\t<a href='https:\/\/blog.swt-sports.de\/index.php\/spannendes-wochenende-fuer-bmw-fahrer-in-garmisch-patenkirchen-bei-den-bmw-motorrad-days-2014\/p1030653\/'><img decoding=\"async\" width=\"150\" height=\"150\" src=\"https:\/\/blog.swt-sports.de\/wp-content\/uploads\/2014\/07\/P1030653-150x150.jpg\" class=\"attachment-thumbnail size-thumbnail\" alt=\"\" \/><\/a>\n\t\t\t<\/div><\/figure><figure class='gallery-item'>\n\t\t\t<div class='gallery-icon landscape'>\n\t\t\t\t<a href='https:\/\/blog.swt-sports.de\/index.php\/spannendes-wochenende-fuer-bmw-fahrer-in-garmisch-patenkirchen-bei-den-bmw-motorrad-days-2014\/p1030656\/'><img decoding=\"async\" width=\"150\" height=\"150\" src=\"https:\/\/blog.swt-sports.de\/wp-content\/uploads\/2014\/07\/P1030656-150x150.jpg\" class=\"attachment-thumbnail size-thumbnail\" alt=\"\" \/><\/a>\n\t\t\t<\/div><\/figure><figure class='gallery-item'>\n\t\t\t<div class='gallery-icon landscape'>\n\t\t\t\t<a href='https:\/\/blog.swt-sports.de\/index.php\/spannendes-wochenende-fuer-bmw-fahrer-in-garmisch-patenkirchen-bei-den-bmw-motorrad-days-2014\/p1030661\/'><img decoding=\"async\" width=\"150\" height=\"150\" src=\"https:\/\/blog.swt-sports.de\/wp-content\/uploads\/2014\/07\/P1030661-150x150.jpg\" class=\"attachment-thumbnail size-thumbnail\" alt=\"\" \/><\/a>\n\t\t\t<\/div><\/figure><figure class='gallery-item'>\n\t\t\t<div class='gallery-icon portrait'>\n\t\t\t\t<a href='https:\/\/blog.swt-sports.de\/index.php\/spannendes-wochenende-fuer-bmw-fahrer-in-garmisch-patenkirchen-bei-den-bmw-motorrad-days-2014\/p1030663\/'><img decoding=\"async\" width=\"150\" height=\"150\" src=\"https:\/\/blog.swt-sports.de\/wp-content\/uploads\/2014\/07\/P1030663-150x150.jpg\" class=\"attachment-thumbnail size-thumbnail\" alt=\"\" \/><\/a>\n\t\t\t<\/div><\/figure><figure class='gallery-item'>\n\t\t\t<div class='gallery-icon portrait'>\n\t\t\t\t<a href='https:\/\/blog.swt-sports.de\/index.php\/spannendes-wochenende-fuer-bmw-fahrer-in-garmisch-patenkirchen-bei-den-bmw-motorrad-days-2014\/p1030667\/'><img decoding=\"async\" width=\"150\" height=\"150\" src=\"https:\/\/blog.swt-sports.de\/wp-content\/uploads\/2014\/07\/P1030667-150x150.jpg\" class=\"attachment-thumbnail size-thumbnail\" alt=\"\" \/><\/a>\n\t\t\t<\/div><\/figure><figure class='gallery-item'>\n\t\t\t<div class='gallery-icon landscape'>\n\t\t\t\t<a href='https:\/\/blog.swt-sports.de\/index.php\/spannendes-wochenende-fuer-bmw-fahrer-in-garmisch-patenkirchen-bei-den-bmw-motorrad-days-2014\/p1030671\/'><img decoding=\"async\" width=\"150\" height=\"150\" src=\"https:\/\/blog.swt-sports.de\/wp-content\/uploads\/2014\/07\/P1030671-150x150.jpg\" class=\"attachment-thumbnail size-thumbnail\" alt=\"\" \/><\/a>\n\t\t\t<\/div><\/figure><figure class='gallery-item'>\n\t\t\t<div class='gallery-icon landscape'>\n\t\t\t\t<a href='https:\/\/blog.swt-sports.de\/index.php\/spannendes-wochenende-fuer-bmw-fahrer-in-garmisch-patenkirchen-bei-den-bmw-motorrad-days-2014\/p1030673\/'><img decoding=\"async\" width=\"150\" height=\"150\" src=\"https:\/\/blog.swt-sports.de\/wp-content\/uploads\/2014\/07\/P1030673-150x150.jpg\" class=\"attachment-thumbnail size-thumbnail\" alt=\"\" \/><\/a>\n\t\t\t<\/div><\/figure><figure class='gallery-item'>\n\t\t\t<div class='gallery-icon portrait'>\n\t\t\t\t<a href='https:\/\/blog.swt-sports.de\/index.php\/spannendes-wochenende-fuer-bmw-fahrer-in-garmisch-patenkirchen-bei-den-bmw-motorrad-days-2014\/p1030674\/'><img decoding=\"async\" width=\"150\" height=\"150\" src=\"https:\/\/blog.swt-sports.de\/wp-content\/uploads\/2014\/07\/P1030674-150x150.jpg\" class=\"attachment-thumbnail size-thumbnail\" alt=\"\" \/><\/a>\n\t\t\t<\/div><\/figure><figure class='gallery-item'>\n\t\t\t<div class='gallery-icon portrait'>\n\t\t\t\t<a href='https:\/\/blog.swt-sports.de\/index.php\/spannendes-wochenende-fuer-bmw-fahrer-in-garmisch-patenkirchen-bei-den-bmw-motorrad-days-2014\/p1030675\/'><img decoding=\"async\" width=\"150\" height=\"150\" src=\"https:\/\/blog.swt-sports.de\/wp-content\/uploads\/2014\/07\/P1030675-150x150.jpg\" class=\"attachment-thumbnail size-thumbnail\" alt=\"\" \/><\/a>\n\t\t\t<\/div><\/figure><figure class='gallery-item'>\n\t\t\t<div class='gallery-icon portrait'>\n\t\t\t\t<a href='https:\/\/blog.swt-sports.de\/index.php\/spannendes-wochenende-fuer-bmw-fahrer-in-garmisch-patenkirchen-bei-den-bmw-motorrad-days-2014\/p1030682\/'><img decoding=\"async\" width=\"150\" height=\"150\" src=\"https:\/\/blog.swt-sports.de\/wp-content\/uploads\/2014\/07\/P1030682-150x150.jpg\" class=\"attachment-thumbnail size-thumbnail\" alt=\"\" \/><\/a>\n\t\t\t<\/div><\/figure><figure class='gallery-item'>\n\t\t\t<div class='gallery-icon landscape'>\n\t\t\t\t<a href='https:\/\/blog.swt-sports.de\/index.php\/spannendes-wochenende-fuer-bmw-fahrer-in-garmisch-patenkirchen-bei-den-bmw-motorrad-days-2014\/p1030683\/'><img decoding=\"async\" width=\"150\" height=\"150\" src=\"https:\/\/blog.swt-sports.de\/wp-content\/uploads\/2014\/07\/P1030683-150x150.jpg\" class=\"attachment-thumbnail size-thumbnail\" alt=\"\" \/><\/a>\n\t\t\t<\/div><\/figure><figure class='gallery-item'>\n\t\t\t<div class='gallery-icon landscape'>\n\t\t\t\t<a href='https:\/\/blog.swt-sports.de\/index.php\/spannendes-wochenende-fuer-bmw-fahrer-in-garmisch-patenkirchen-bei-den-bmw-motorrad-days-2014\/p1030685\/'><img decoding=\"async\" width=\"150\" height=\"150\" src=\"https:\/\/blog.swt-sports.de\/wp-content\/uploads\/2014\/07\/P1030685-150x150.jpg\" class=\"attachment-thumbnail size-thumbnail\" alt=\"\" \/><\/a>\n\t\t\t<\/div><\/figure><figure class='gallery-item'>\n\t\t\t<div class='gallery-icon landscape'>\n\t\t\t\t<a href='https:\/\/blog.swt-sports.de\/index.php\/spannendes-wochenende-fuer-bmw-fahrer-in-garmisch-patenkirchen-bei-den-bmw-motorrad-days-2014\/p1030686\/'><img decoding=\"async\" width=\"150\" height=\"150\" src=\"https:\/\/blog.swt-sports.de\/wp-content\/uploads\/2014\/07\/P1030686-150x150.jpg\" class=\"attachment-thumbnail size-thumbnail\" alt=\"\" \/><\/a>\n\t\t\t<\/div><\/figure><figure class='gallery-item'>\n\t\t\t<div class='gallery-icon landscape'>\n\t\t\t\t<a href='https:\/\/blog.swt-sports.de\/index.php\/spannendes-wochenende-fuer-bmw-fahrer-in-garmisch-patenkirchen-bei-den-bmw-motorrad-days-2014\/p1030693\/'><img decoding=\"async\" width=\"150\" height=\"150\" src=\"https:\/\/blog.swt-sports.de\/wp-content\/uploads\/2014\/07\/P1030693-150x150.jpg\" class=\"attachment-thumbnail size-thumbnail\" alt=\"\" \/><\/a>\n\t\t\t<\/div><\/figure><figure class='gallery-item'>\n\t\t\t<div class='gallery-icon landscape'>\n\t\t\t\t<a href='https:\/\/blog.swt-sports.de\/index.php\/spannendes-wochenende-fuer-bmw-fahrer-in-garmisch-patenkirchen-bei-den-bmw-motorrad-days-2014\/p1030694\/'><img decoding=\"async\" width=\"150\" height=\"150\" src=\"https:\/\/blog.swt-sports.de\/wp-content\/uploads\/2014\/07\/P1030694-150x150.jpg\" class=\"attachment-thumbnail size-thumbnail\" alt=\"\" \/><\/a>\n\t\t\t<\/div><\/figure><figure class='gallery-item'>\n\t\t\t<div class='gallery-icon portrait'>\n\t\t\t\t<a href='https:\/\/blog.swt-sports.de\/index.php\/spannendes-wochenende-fuer-bmw-fahrer-in-garmisch-patenkirchen-bei-den-bmw-motorrad-days-2014\/p1030698\/'><img decoding=\"async\" width=\"150\" height=\"150\" src=\"https:\/\/blog.swt-sports.de\/wp-content\/uploads\/2014\/07\/P1030698-150x150.jpg\" class=\"attachment-thumbnail size-thumbnail\" alt=\"\" \/><\/a>\n\t\t\t<\/div><\/figure><figure class='gallery-item'>\n\t\t\t<div class='gallery-icon portrait'>\n\t\t\t\t<a href='https:\/\/blog.swt-sports.de\/index.php\/spannendes-wochenende-fuer-bmw-fahrer-in-garmisch-patenkirchen-bei-den-bmw-motorrad-days-2014\/p1030700\/'><img decoding=\"async\" width=\"150\" height=\"150\" src=\"https:\/\/blog.swt-sports.de\/wp-content\/uploads\/2014\/07\/P1030700-150x150.jpg\" class=\"attachment-thumbnail size-thumbnail\" alt=\"\" \/><\/a>\n\t\t\t<\/div><\/figure><figure class='gallery-item'>\n\t\t\t<div class='gallery-icon landscape'>\n\t\t\t\t<a href='https:\/\/blog.swt-sports.de\/index.php\/spannendes-wochenende-fuer-bmw-fahrer-in-garmisch-patenkirchen-bei-den-bmw-motorrad-days-2014\/p1030703\/'><img decoding=\"async\" width=\"150\" height=\"150\" src=\"https:\/\/blog.swt-sports.de\/wp-content\/uploads\/2014\/07\/P1030703-150x150.jpg\" class=\"attachment-thumbnail size-thumbnail\" alt=\"\" \/><\/a>\n\t\t\t<\/div><\/figure><figure class='gallery-item'>\n\t\t\t<div class='gallery-icon landscape'>\n\t\t\t\t<a href='https:\/\/blog.swt-sports.de\/index.php\/spannendes-wochenende-fuer-bmw-fahrer-in-garmisch-patenkirchen-bei-den-bmw-motorrad-days-2014\/p1030708\/'><img decoding=\"async\" width=\"150\" height=\"150\" src=\"https:\/\/blog.swt-sports.de\/wp-content\/uploads\/2014\/07\/P1030708-150x150.jpg\" class=\"attachment-thumbnail size-thumbnail\" alt=\"\" \/><\/a>\n\t\t\t<\/div><\/figure><figure class='gallery-item'>\n\t\t\t<div class='gallery-icon landscape'>\n\t\t\t\t<a href='https:\/\/blog.swt-sports.de\/index.php\/spannendes-wochenende-fuer-bmw-fahrer-in-garmisch-patenkirchen-bei-den-bmw-motorrad-days-2014\/p1030713\/'><img decoding=\"async\" width=\"150\" height=\"150\" src=\"https:\/\/blog.swt-sports.de\/wp-content\/uploads\/2014\/07\/P1030713-150x150.jpg\" class=\"attachment-thumbnail size-thumbnail\" alt=\"\" \/><\/a>\n\t\t\t<\/div><\/figure><figure class='gallery-item'>\n\t\t\t<div class='gallery-icon landscape'>\n\t\t\t\t<a href='https:\/\/blog.swt-sports.de\/index.php\/spannendes-wochenende-fuer-bmw-fahrer-in-garmisch-patenkirchen-bei-den-bmw-motorrad-days-2014\/p1030716\/'><img decoding=\"async\" width=\"150\" height=\"150\" src=\"https:\/\/blog.swt-sports.de\/wp-content\/uploads\/2014\/07\/P1030716-150x150.jpg\" class=\"attachment-thumbnail size-thumbnail\" alt=\"\" \/><\/a>\n\t\t\t<\/div><\/figure><figure class='gallery-item'>\n\t\t\t<div class='gallery-icon portrait'>\n\t\t\t\t<a href='https:\/\/blog.swt-sports.de\/index.php\/spannendes-wochenende-fuer-bmw-fahrer-in-garmisch-patenkirchen-bei-den-bmw-motorrad-days-2014\/p1030719\/'><img decoding=\"async\" width=\"150\" height=\"150\" src=\"https:\/\/blog.swt-sports.de\/wp-content\/uploads\/2014\/07\/P1030719-150x150.jpg\" class=\"attachment-thumbnail size-thumbnail\" alt=\"\" \/><\/a>\n\t\t\t<\/div><\/figure><figure class='gallery-item'>\n\t\t\t<div class='gallery-icon landscape'>\n\t\t\t\t<a href='https:\/\/blog.swt-sports.de\/index.php\/spannendes-wochenende-fuer-bmw-fahrer-in-garmisch-patenkirchen-bei-den-bmw-motorrad-days-2014\/p1030721\/'><img decoding=\"async\" width=\"150\" height=\"150\" src=\"https:\/\/blog.swt-sports.de\/wp-content\/uploads\/2014\/07\/P1030721-150x150.jpg\" class=\"attachment-thumbnail size-thumbnail\" alt=\"\" \/><\/a>\n\t\t\t<\/div><\/figure><figure class='gallery-item'>\n\t\t\t<div class='gallery-icon landscape'>\n\t\t\t\t<a href='https:\/\/blog.swt-sports.de\/index.php\/spannendes-wochenende-fuer-bmw-fahrer-in-garmisch-patenkirchen-bei-den-bmw-motorrad-days-2014\/p1030723\/'><img decoding=\"async\" width=\"150\" height=\"150\" src=\"https:\/\/blog.swt-sports.de\/wp-content\/uploads\/2014\/07\/P1030723-150x150.jpg\" class=\"attachment-thumbnail size-thumbnail\" alt=\"\" \/><\/a>\n\t\t\t<\/div><\/figure><figure class='gallery-item'>\n\t\t\t<div class='gallery-icon portrait'>\n\t\t\t\t<a href='https:\/\/blog.swt-sports.de\/index.php\/spannendes-wochenende-fuer-bmw-fahrer-in-garmisch-patenkirchen-bei-den-bmw-motorrad-days-2014\/p1030725\/'><img decoding=\"async\" width=\"150\" height=\"150\" src=\"https:\/\/blog.swt-sports.de\/wp-content\/uploads\/2014\/07\/P1030725-150x150.jpg\" class=\"attachment-thumbnail size-thumbnail\" alt=\"\" \/><\/a>\n\t\t\t<\/div><\/figure><figure class='gallery-item'>\n\t\t\t<div class='gallery-icon landscape'>\n\t\t\t\t<a href='https:\/\/blog.swt-sports.de\/index.php\/spannendes-wochenende-fuer-bmw-fahrer-in-garmisch-patenkirchen-bei-den-bmw-motorrad-days-2014\/p1030726\/'><img decoding=\"async\" width=\"150\" height=\"150\" src=\"https:\/\/blog.swt-sports.de\/wp-content\/uploads\/2014\/07\/P1030726-150x150.jpg\" class=\"attachment-thumbnail size-thumbnail\" alt=\"\" \/><\/a>\n\t\t\t<\/div><\/figure><figure class='gallery-item'>\n\t\t\t<div class='gallery-icon landscape'>\n\t\t\t\t<a href='https:\/\/blog.swt-sports.de\/index.php\/spannendes-wochenende-fuer-bmw-fahrer-in-garmisch-patenkirchen-bei-den-bmw-motorrad-days-2014\/p1030727\/'><img decoding=\"async\" width=\"150\" height=\"150\" src=\"https:\/\/blog.swt-sports.de\/wp-content\/uploads\/2014\/07\/P1030727-150x150.jpg\" class=\"attachment-thumbnail size-thumbnail\" alt=\"\" \/><\/a>\n\t\t\t<\/div><\/figure><figure class='gallery-item'>\n\t\t\t<div class='gallery-icon landscape'>\n\t\t\t\t<a href='https:\/\/blog.swt-sports.de\/index.php\/spannendes-wochenende-fuer-bmw-fahrer-in-garmisch-patenkirchen-bei-den-bmw-motorrad-days-2014\/p1030739\/'><img decoding=\"async\" width=\"150\" height=\"150\" src=\"https:\/\/blog.swt-sports.de\/wp-content\/uploads\/2014\/07\/P1030739-150x150.jpg\" class=\"attachment-thumbnail size-thumbnail\" alt=\"\" \/><\/a>\n\t\t\t<\/div><\/figure><figure class='gallery-item'>\n\t\t\t<div class='gallery-icon landscape'>\n\t\t\t\t<a href='https:\/\/blog.swt-sports.de\/index.php\/spannendes-wochenende-fuer-bmw-fahrer-in-garmisch-patenkirchen-bei-den-bmw-motorrad-days-2014\/p1030742\/'><img decoding=\"async\" width=\"150\" height=\"150\" src=\"https:\/\/blog.swt-sports.de\/wp-content\/uploads\/2014\/07\/P1030742-150x150.jpg\" class=\"attachment-thumbnail size-thumbnail\" alt=\"\" \/><\/a>\n\t\t\t<\/div><\/figure><figure class='gallery-item'>\n\t\t\t<div class='gallery-icon landscape'>\n\t\t\t\t<a href='https:\/\/blog.swt-sports.de\/index.php\/spannendes-wochenende-fuer-bmw-fahrer-in-garmisch-patenkirchen-bei-den-bmw-motorrad-days-2014\/p1030747\/'><img decoding=\"async\" width=\"150\" height=\"150\" src=\"https:\/\/blog.swt-sports.de\/wp-content\/uploads\/2014\/07\/P1030747-150x150.jpg\" class=\"attachment-thumbnail size-thumbnail\" alt=\"\" \/><\/a>\n\t\t\t<\/div><\/figure><figure class='gallery-item'>\n\t\t\t<div class='gallery-icon landscape'>\n\t\t\t\t<a href='https:\/\/blog.swt-sports.de\/index.php\/spannendes-wochenende-fuer-bmw-fahrer-in-garmisch-patenkirchen-bei-den-bmw-motorrad-days-2014\/p1030749\/'><img decoding=\"async\" width=\"150\" height=\"150\" src=\"https:\/\/blog.swt-sports.de\/wp-content\/uploads\/2014\/07\/P1030749-150x150.jpg\" class=\"attachment-thumbnail size-thumbnail\" alt=\"\" \/><\/a>\n\t\t\t<\/div><\/figure><figure class='gallery-item'>\n\t\t\t<div class='gallery-icon landscape'>\n\t\t\t\t<a href='https:\/\/blog.swt-sports.de\/index.php\/spannendes-wochenende-fuer-bmw-fahrer-in-garmisch-patenkirchen-bei-den-bmw-motorrad-days-2014\/p1030750\/'><img decoding=\"async\" width=\"150\" height=\"150\" src=\"https:\/\/blog.swt-sports.de\/wp-content\/uploads\/2014\/07\/P1030750-150x150.jpg\" class=\"attachment-thumbnail size-thumbnail\" alt=\"\" \/><\/a>\n\t\t\t<\/div><\/figure><figure class='gallery-item'>\n\t\t\t<div class='gallery-icon landscape'>\n\t\t\t\t<a href='https:\/\/blog.swt-sports.de\/index.php\/spannendes-wochenende-fuer-bmw-fahrer-in-garmisch-patenkirchen-bei-den-bmw-motorrad-days-2014\/p1030751\/'><img decoding=\"async\" width=\"150\" height=\"150\" src=\"https:\/\/blog.swt-sports.de\/wp-content\/uploads\/2014\/07\/P1030751-150x150.jpg\" class=\"attachment-thumbnail size-thumbnail\" alt=\"\" \/><\/a>\n\t\t\t<\/div><\/figure><figure class='gallery-item'>\n\t\t\t<div class='gallery-icon landscape'>\n\t\t\t\t<a href='https:\/\/blog.swt-sports.de\/index.php\/spannendes-wochenende-fuer-bmw-fahrer-in-garmisch-patenkirchen-bei-den-bmw-motorrad-days-2014\/p1030752\/'><img decoding=\"async\" width=\"150\" height=\"150\" src=\"https:\/\/blog.swt-sports.de\/wp-content\/uploads\/2014\/07\/P1030752-150x150.jpg\" class=\"attachment-thumbnail size-thumbnail\" alt=\"\" \/><\/a>\n\t\t\t<\/div><\/figure><figure class='gallery-item'>\n\t\t\t<div class='gallery-icon landscape'>\n\t\t\t\t<a href='https:\/\/blog.swt-sports.de\/index.php\/spannendes-wochenende-fuer-bmw-fahrer-in-garmisch-patenkirchen-bei-den-bmw-motorrad-days-2014\/p1030754\/'><img decoding=\"async\" width=\"150\" height=\"150\" src=\"https:\/\/blog.swt-sports.de\/wp-content\/uploads\/2014\/07\/P1030754-150x150.jpg\" class=\"attachment-thumbnail size-thumbnail\" alt=\"\" \/><\/a>\n\t\t\t<\/div><\/figure><figure class='gallery-item'>\n\t\t\t<div class='gallery-icon landscape'>\n\t\t\t\t<a href='https:\/\/blog.swt-sports.de\/index.php\/spannendes-wochenende-fuer-bmw-fahrer-in-garmisch-patenkirchen-bei-den-bmw-motorrad-days-2014\/p1030755\/'><img decoding=\"async\" width=\"150\" height=\"150\" src=\"https:\/\/blog.swt-sports.de\/wp-content\/uploads\/2014\/07\/P1030755-150x150.jpg\" class=\"attachment-thumbnail size-thumbnail\" alt=\"\" \/><\/a>\n\t\t\t<\/div><\/figure><figure class='gallery-item'>\n\t\t\t<div class='gallery-icon landscape'>\n\t\t\t\t<a href='https:\/\/blog.swt-sports.de\/index.php\/spannendes-wochenende-fuer-bmw-fahrer-in-garmisch-patenkirchen-bei-den-bmw-motorrad-days-2014\/p1030756\/'><img decoding=\"async\" width=\"150\" height=\"150\" src=\"https:\/\/blog.swt-sports.de\/wp-content\/uploads\/2014\/07\/P1030756-150x150.jpg\" class=\"attachment-thumbnail size-thumbnail\" alt=\"\" \/><\/a>\n\t\t\t<\/div><\/figure><figure class='gallery-item'>\n\t\t\t<div class='gallery-icon landscape'>\n\t\t\t\t<a href='https:\/\/blog.swt-sports.de\/index.php\/spannendes-wochenende-fuer-bmw-fahrer-in-garmisch-patenkirchen-bei-den-bmw-motorrad-days-2014\/p1030757\/'><img decoding=\"async\" width=\"150\" height=\"150\" src=\"https:\/\/blog.swt-sports.de\/wp-content\/uploads\/2014\/07\/P1030757-150x150.jpg\" class=\"attachment-thumbnail size-thumbnail\" alt=\"\" \/><\/a>\n\t\t\t<\/div><\/figure><figure class='gallery-item'>\n\t\t\t<div class='gallery-icon landscape'>\n\t\t\t\t<a href='https:\/\/blog.swt-sports.de\/index.php\/spannendes-wochenende-fuer-bmw-fahrer-in-garmisch-patenkirchen-bei-den-bmw-motorrad-days-2014\/p1030758\/'><img decoding=\"async\" width=\"150\" height=\"150\" src=\"https:\/\/blog.swt-sports.de\/wp-content\/uploads\/2014\/07\/P1030758-150x150.jpg\" class=\"attachment-thumbnail size-thumbnail\" alt=\"\" \/><\/a>\n\t\t\t<\/div><\/figure><figure class='gallery-item'>\n\t\t\t<div class='gallery-icon landscape'>\n\t\t\t\t<a href='https:\/\/blog.swt-sports.de\/index.php\/spannendes-wochenende-fuer-bmw-fahrer-in-garmisch-patenkirchen-bei-den-bmw-motorrad-days-2014\/p1030760\/'><img decoding=\"async\" width=\"150\" height=\"150\" src=\"https:\/\/blog.swt-sports.de\/wp-content\/uploads\/2014\/07\/P1030760-150x150.jpg\" class=\"attachment-thumbnail size-thumbnail\" alt=\"\" \/><\/a>\n\t\t\t<\/div><\/figure><figure class='gallery-item'>\n\t\t\t<div class='gallery-icon portrait'>\n\t\t\t\t<a href='https:\/\/blog.swt-sports.de\/index.php\/spannendes-wochenende-fuer-bmw-fahrer-in-garmisch-patenkirchen-bei-den-bmw-motorrad-days-2014\/p1030768\/'><img decoding=\"async\" width=\"150\" height=\"150\" src=\"https:\/\/blog.swt-sports.de\/wp-content\/uploads\/2014\/07\/P1030768-150x150.jpg\" class=\"attachment-thumbnail size-thumbnail\" alt=\"\" \/><\/a>\n\t\t\t<\/div><\/figure><figure class='gallery-item'>\n\t\t\t<div class='gallery-icon landscape'>\n\t\t\t\t<a href='https:\/\/blog.swt-sports.de\/index.php\/spannendes-wochenende-fuer-bmw-fahrer-in-garmisch-patenkirchen-bei-den-bmw-motorrad-days-2014\/p1030771\/'><img decoding=\"async\" width=\"150\" height=\"150\" src=\"https:\/\/blog.swt-sports.de\/wp-content\/uploads\/2014\/07\/P1030771-150x150.jpg\" class=\"attachment-thumbnail size-thumbnail\" alt=\"\" \/><\/a>\n\t\t\t<\/div><\/figure><figure class='gallery-item'>\n\t\t\t<div class='gallery-icon landscape'>\n\t\t\t\t<a href='https:\/\/blog.swt-sports.de\/index.php\/spannendes-wochenende-fuer-bmw-fahrer-in-garmisch-patenkirchen-bei-den-bmw-motorrad-days-2014\/p1030783\/'><img decoding=\"async\" width=\"150\" height=\"150\" src=\"https:\/\/blog.swt-sports.de\/wp-content\/uploads\/2014\/07\/P1030783-150x150.jpg\" class=\"attachment-thumbnail size-thumbnail\" alt=\"\" \/><\/a>\n\t\t\t<\/div><\/figure><figure class='gallery-item'>\n\t\t\t<div class='gallery-icon portrait'>\n\t\t\t\t<a href='https:\/\/blog.swt-sports.de\/index.php\/spannendes-wochenende-fuer-bmw-fahrer-in-garmisch-patenkirchen-bei-den-bmw-motorrad-days-2014\/p1030785\/'><img decoding=\"async\" width=\"150\" height=\"150\" src=\"https:\/\/blog.swt-sports.de\/wp-content\/uploads\/2014\/07\/P1030785-150x150.jpg\" class=\"attachment-thumbnail size-thumbnail\" alt=\"\" \/><\/a>\n\t\t\t<\/div><\/figure><figure class='gallery-item'>\n\t\t\t<div class='gallery-icon portrait'>\n\t\t\t\t<a href='https:\/\/blog.swt-sports.de\/index.php\/spannendes-wochenende-fuer-bmw-fahrer-in-garmisch-patenkirchen-bei-den-bmw-motorrad-days-2014\/p1030786\/'><img decoding=\"async\" width=\"150\" height=\"150\" src=\"https:\/\/blog.swt-sports.de\/wp-content\/uploads\/2014\/07\/P1030786-150x150.jpg\" class=\"attachment-thumbnail size-thumbnail\" alt=\"\" \/><\/a>\n\t\t\t<\/div><\/figure><figure class='gallery-item'>\n\t\t\t<div class='gallery-icon portrait'>\n\t\t\t\t<a href='https:\/\/blog.swt-sports.de\/index.php\/spannendes-wochenende-fuer-bmw-fahrer-in-garmisch-patenkirchen-bei-den-bmw-motorrad-days-2014\/p1030792\/'><img decoding=\"async\" width=\"150\" height=\"150\" src=\"https:\/\/blog.swt-sports.de\/wp-content\/uploads\/2014\/07\/P1030792-150x150.jpg\" class=\"attachment-thumbnail size-thumbnail\" alt=\"\" \/><\/a>\n\t\t\t<\/div><\/figure><figure class='gallery-item'>\n\t\t\t<div class='gallery-icon portrait'>\n\t\t\t\t<a href='https:\/\/blog.swt-sports.de\/index.php\/spannendes-wochenende-fuer-bmw-fahrer-in-garmisch-patenkirchen-bei-den-bmw-motorrad-days-2014\/p1030793\/'><img decoding=\"async\" width=\"150\" height=\"150\" src=\"https:\/\/blog.swt-sports.de\/wp-content\/uploads\/2014\/07\/P1030793-150x150.jpg\" class=\"attachment-thumbnail size-thumbnail\" alt=\"\" \/><\/a>\n\t\t\t<\/div><\/figure><figure class='gallery-item'>\n\t\t\t<div class='gallery-icon landscape'>\n\t\t\t\t<a href='https:\/\/blog.swt-sports.de\/index.php\/spannendes-wochenende-fuer-bmw-fahrer-in-garmisch-patenkirchen-bei-den-bmw-motorrad-days-2014\/p1030794\/'><img decoding=\"async\" width=\"150\" height=\"150\" src=\"https:\/\/blog.swt-sports.de\/wp-content\/uploads\/2014\/07\/P1030794-150x150.jpg\" class=\"attachment-thumbnail size-thumbnail\" alt=\"\" \/><\/a>\n\t\t\t<\/div><\/figure><figure class='gallery-item'>\n\t\t\t<div class='gallery-icon landscape'>\n\t\t\t\t<a href='https:\/\/blog.swt-sports.de\/index.php\/spannendes-wochenende-fuer-bmw-fahrer-in-garmisch-patenkirchen-bei-den-bmw-motorrad-days-2014\/p1030795\/'><img decoding=\"async\" width=\"150\" height=\"150\" src=\"https:\/\/blog.swt-sports.de\/wp-content\/uploads\/2014\/07\/P1030795-150x150.jpg\" class=\"attachment-thumbnail size-thumbnail\" alt=\"\" \/><\/a>\n\t\t\t<\/div><\/figure><figure class='gallery-item'>\n\t\t\t<div class='gallery-icon landscape'>\n\t\t\t\t<a href='https:\/\/blog.swt-sports.de\/index.php\/spannendes-wochenende-fuer-bmw-fahrer-in-garmisch-patenkirchen-bei-den-bmw-motorrad-days-2014\/p1030796\/'><img decoding=\"async\" width=\"150\" height=\"150\" src=\"https:\/\/blog.swt-sports.de\/wp-content\/uploads\/2014\/07\/P1030796-150x150.jpg\" class=\"attachment-thumbnail size-thumbnail\" alt=\"\" \/><\/a>\n\t\t\t<\/div><\/figure><figure class='gallery-item'>\n\t\t\t<div class='gallery-icon portrait'>\n\t\t\t\t<a href='https:\/\/blog.swt-sports.de\/index.php\/spannendes-wochenende-fuer-bmw-fahrer-in-garmisch-patenkirchen-bei-den-bmw-motorrad-days-2014\/p1030797\/'><img decoding=\"async\" width=\"150\" height=\"150\" src=\"https:\/\/blog.swt-sports.de\/wp-content\/uploads\/2014\/07\/P1030797-150x150.jpg\" class=\"attachment-thumbnail size-thumbnail\" alt=\"\" \/><\/a>\n\t\t\t<\/div><\/figure><figure class='gallery-item'>\n\t\t\t<div class='gallery-icon portrait'>\n\t\t\t\t<a href='https:\/\/blog.swt-sports.de\/index.php\/spannendes-wochenende-fuer-bmw-fahrer-in-garmisch-patenkirchen-bei-den-bmw-motorrad-days-2014\/p1030799\/'><img decoding=\"async\" width=\"150\" height=\"150\" src=\"https:\/\/blog.swt-sports.de\/wp-content\/uploads\/2014\/07\/P1030799-150x150.jpg\" class=\"attachment-thumbnail size-thumbnail\" alt=\"\" \/><\/a>\n\t\t\t<\/div><\/figure><figure class='gallery-item'>\n\t\t\t<div class='gallery-icon portrait'>\n\t\t\t\t<a href='https:\/\/blog.swt-sports.de\/index.php\/spannendes-wochenende-fuer-bmw-fahrer-in-garmisch-patenkirchen-bei-den-bmw-motorrad-days-2014\/p1030801\/'><img decoding=\"async\" width=\"150\" height=\"150\" src=\"https:\/\/blog.swt-sports.de\/wp-content\/uploads\/2014\/07\/P1030801-150x150.jpg\" class=\"attachment-thumbnail size-thumbnail\" alt=\"\" \/><\/a>\n\t\t\t<\/div><\/figure><figure class='gallery-item'>\n\t\t\t<div class='gallery-icon landscape'>\n\t\t\t\t<a href='https:\/\/blog.swt-sports.de\/index.php\/spannendes-wochenende-fuer-bmw-fahrer-in-garmisch-patenkirchen-bei-den-bmw-motorrad-days-2014\/p1030804\/'><img decoding=\"async\" width=\"150\" height=\"150\" src=\"https:\/\/blog.swt-sports.de\/wp-content\/uploads\/2014\/07\/P1030804-150x150.jpg\" class=\"attachment-thumbnail size-thumbnail\" alt=\"\" \/><\/a>\n\t\t\t<\/div><\/figure><figure class='gallery-item'>\n\t\t\t<div class='gallery-icon landscape'>\n\t\t\t\t<a href='https:\/\/blog.swt-sports.de\/index.php\/spannendes-wochenende-fuer-bmw-fahrer-in-garmisch-patenkirchen-bei-den-bmw-motorrad-days-2014\/p1030811\/'><img decoding=\"async\" width=\"150\" height=\"150\" src=\"https:\/\/blog.swt-sports.de\/wp-content\/uploads\/2014\/07\/P1030811-150x150.jpg\" class=\"attachment-thumbnail size-thumbnail\" alt=\"\" \/><\/a>\n\t\t\t<\/div><\/figure><figure class='gallery-item'>\n\t\t\t<div class='gallery-icon portrait'>\n\t\t\t\t<a href='https:\/\/blog.swt-sports.de\/index.php\/spannendes-wochenende-fuer-bmw-fahrer-in-garmisch-patenkirchen-bei-den-bmw-motorrad-days-2014\/p1030817\/'><img decoding=\"async\" width=\"150\" height=\"150\" src=\"https:\/\/blog.swt-sports.de\/wp-content\/uploads\/2014\/07\/P1030817-150x150.jpg\" class=\"attachment-thumbnail size-thumbnail\" alt=\"\" \/><\/a>\n\t\t\t<\/div><\/figure><figure class='gallery-item'>\n\t\t\t<div class='gallery-icon landscape'>\n\t\t\t\t<a href='https:\/\/blog.swt-sports.de\/index.php\/spannendes-wochenende-fuer-bmw-fahrer-in-garmisch-patenkirchen-bei-den-bmw-motorrad-days-2014\/p1030818\/'><img decoding=\"async\" width=\"150\" height=\"150\" src=\"https:\/\/blog.swt-sports.de\/wp-content\/uploads\/2014\/07\/P1030818-150x150.jpg\" class=\"attachment-thumbnail size-thumbnail\" alt=\"\" \/><\/a>\n\t\t\t<\/div><\/figure><figure class='gallery-item'>\n\t\t\t<div class='gallery-icon landscape'>\n\t\t\t\t<a href='https:\/\/blog.swt-sports.de\/index.php\/spannendes-wochenende-fuer-bmw-fahrer-in-garmisch-patenkirchen-bei-den-bmw-motorrad-days-2014\/p1030819\/'><img decoding=\"async\" width=\"150\" height=\"150\" src=\"https:\/\/blog.swt-sports.de\/wp-content\/uploads\/2014\/07\/P1030819-150x150.jpg\" class=\"attachment-thumbnail size-thumbnail\" alt=\"\" \/><\/a>\n\t\t\t<\/div><\/figure><figure class='gallery-item'>\n\t\t\t<div class='gallery-icon portrait'>\n\t\t\t\t<a href='https:\/\/blog.swt-sports.de\/index.php\/spannendes-wochenende-fuer-bmw-fahrer-in-garmisch-patenkirchen-bei-den-bmw-motorrad-days-2014\/p1030825\/'><img decoding=\"async\" width=\"150\" height=\"150\" src=\"https:\/\/blog.swt-sports.de\/wp-content\/uploads\/2014\/07\/P1030825-150x150.jpg\" class=\"attachment-thumbnail size-thumbnail\" alt=\"\" \/><\/a>\n\t\t\t<\/div><\/figure><figure class='gallery-item'>\n\t\t\t<div class='gallery-icon landscape'>\n\t\t\t\t<a href='https:\/\/blog.swt-sports.de\/index.php\/spannendes-wochenende-fuer-bmw-fahrer-in-garmisch-patenkirchen-bei-den-bmw-motorrad-days-2014\/p1030826\/'><img decoding=\"async\" width=\"150\" height=\"150\" src=\"https:\/\/blog.swt-sports.de\/wp-content\/uploads\/2014\/07\/P1030826-150x150.jpg\" class=\"attachment-thumbnail size-thumbnail\" alt=\"\" \/><\/a>\n\t\t\t<\/div><\/figure><figure class='gallery-item'>\n\t\t\t<div class='gallery-icon landscape'>\n\t\t\t\t<a href='https:\/\/blog.swt-sports.de\/index.php\/spannendes-wochenende-fuer-bmw-fahrer-in-garmisch-patenkirchen-bei-den-bmw-motorrad-days-2014\/p1030830\/'><img decoding=\"async\" width=\"150\" height=\"150\" src=\"https:\/\/blog.swt-sports.de\/wp-content\/uploads\/2014\/07\/P1030830-150x150.jpg\" class=\"attachment-thumbnail size-thumbnail\" alt=\"\" \/><\/a>\n\t\t\t<\/div><\/figure><figure class='gallery-item'>\n\t\t\t<div class='gallery-icon landscape'>\n\t\t\t\t<a href='https:\/\/blog.swt-sports.de\/index.php\/spannendes-wochenende-fuer-bmw-fahrer-in-garmisch-patenkirchen-bei-den-bmw-motorrad-days-2014\/p1030833\/'><img decoding=\"async\" width=\"150\" height=\"150\" src=\"https:\/\/blog.swt-sports.de\/wp-content\/uploads\/2014\/07\/P1030833-150x150.jpg\" class=\"attachment-thumbnail size-thumbnail\" alt=\"\" \/><\/a>\n\t\t\t<\/div><\/figure><figure class='gallery-item'>\n\t\t\t<div class='gallery-icon landscape'>\n\t\t\t\t<a href='https:\/\/blog.swt-sports.de\/index.php\/spannendes-wochenende-fuer-bmw-fahrer-in-garmisch-patenkirchen-bei-den-bmw-motorrad-days-2014\/p1030834\/'><img decoding=\"async\" width=\"150\" height=\"150\" src=\"https:\/\/blog.swt-sports.de\/wp-content\/uploads\/2014\/07\/P1030834-150x150.jpg\" class=\"attachment-thumbnail size-thumbnail\" alt=\"\" \/><\/a>\n\t\t\t<\/div><\/figure><figure class='gallery-item'>\n\t\t\t<div class='gallery-icon landscape'>\n\t\t\t\t<a href='https:\/\/blog.swt-sports.de\/index.php\/spannendes-wochenende-fuer-bmw-fahrer-in-garmisch-patenkirchen-bei-den-bmw-motorrad-days-2014\/p1030837\/'><img decoding=\"async\" width=\"150\" height=\"150\" src=\"https:\/\/blog.swt-sports.de\/wp-content\/uploads\/2014\/07\/P1030837-150x150.jpg\" class=\"attachment-thumbnail size-thumbnail\" alt=\"\" \/><\/a>\n\t\t\t<\/div><\/figure><figure class='gallery-item'>\n\t\t\t<div class='gallery-icon landscape'>\n\t\t\t\t<a href='https:\/\/blog.swt-sports.de\/index.php\/spannendes-wochenende-fuer-bmw-fahrer-in-garmisch-patenkirchen-bei-den-bmw-motorrad-days-2014\/p1030838\/'><img decoding=\"async\" width=\"150\" height=\"150\" src=\"https:\/\/blog.swt-sports.de\/wp-content\/uploads\/2014\/07\/P1030838-150x150.jpg\" class=\"attachment-thumbnail size-thumbnail\" alt=\"\" \/><\/a>\n\t\t\t<\/div><\/figure><figure class='gallery-item'>\n\t\t\t<div class='gallery-icon landscape'>\n\t\t\t\t<a href='https:\/\/blog.swt-sports.de\/index.php\/spannendes-wochenende-fuer-bmw-fahrer-in-garmisch-patenkirchen-bei-den-bmw-motorrad-days-2014\/p1030839\/'><img decoding=\"async\" width=\"150\" height=\"150\" src=\"https:\/\/blog.swt-sports.de\/wp-content\/uploads\/2014\/07\/P1030839-150x150.jpg\" class=\"attachment-thumbnail size-thumbnail\" alt=\"\" \/><\/a>\n\t\t\t<\/div><\/figure>\n\t\t<\/div>\n\n<p style=\"margin: 0px; padding: 0px;\">Das SWT-Sports Team freut sich bereits jetzt auf die BMW-Motorrad Days 2015 in Garmisch-Patenkirchen, die direkt nach der <a title=\"EnduroBoxer \" href=\"http:\/\/enduroboxer.swt-sports.de\/\" target=\"_blank\" rel=\"noopener noreferrer\">EnduroBoxer Tour<\/a> statt finden.<\/p>\n<\/div>\n<p>&nbsp;<\/p>\n","protected":false},"excerpt":{"rendered":"<p>Das SWT-SPORTS Team besuchte zusammen mit dem Finnen und Ex-BMW-Werkfahrer SIMO KIRSSI\u00a0 das weltgr\u00f6\u00dfte BMW \u2013 MOTORRAD \u2013 Biker &#8211; [&hellip;]<\/p>\n","protected":false},"author":26194,"featured_media":299,"comment_status":"open","ping_status":"closed","sticky":false,"template":"","format":"standard","meta":{"footnotes":""},"categories":[1306],"tags":[79,80,81,82,83,84],"class_list":["post-295","post","type-post","status-publish","format-standard","has-post-thumbnail","hentry","category-events","tag-bmw-motorrad-treffen","tag-bmw-weekend-garmisch","tag-bmw-motorradtage","tag-bmw-motorrad-days","tag-garmisch-patenkirchen-bmw","tag-garmisch-bmw"],"yoast_head":"<!-- This site is optimized with the Yoast SEO plugin v27.5 - https:\/\/yoast.com\/product\/yoast-seo-wordpress\/ -->\n<title>Spannendes Wochenende f\u00fcr BMW-Fahrer in Garmisch-Patenkirchen bei den BMW Motorrad Days 2014 - SWT-SPORTS Blog<\/title>\n<meta name=\"robots\" content=\"index, follow, max-snippet:-1, max-image-preview:large, max-video-preview:-1\" \/>\n<link rel=\"canonical\" href=\"https:\/\/blog.swt-sports.de\/index.php\/spannendes-wochenende-fuer-bmw-fahrer-in-garmisch-patenkirchen-bei-den-bmw-motorrad-days-2014\/\" \/>\n<meta property=\"og:locale\" content=\"de_DE\" \/>\n<meta property=\"og:type\" content=\"article\" \/>\n<meta property=\"og:title\" content=\"Spannendes Wochenende f\u00fcr BMW-Fahrer in Garmisch-Patenkirchen bei den BMW Motorrad Days 2014 - SWT-SPORTS Blog\" \/>\n<meta property=\"og:description\" content=\"Das SWT-SPORTS Team besuchte zusammen mit dem Finnen und Ex-BMW-Werkfahrer SIMO KIRSSI\u00a0 das weltgr\u00f6\u00dfte BMW \u2013 MOTORRAD \u2013 Biker &#8211; [&hellip;]\" \/>\n<meta property=\"og:url\" content=\"https:\/\/blog.swt-sports.de\/index.php\/spannendes-wochenende-fuer-bmw-fahrer-in-garmisch-patenkirchen-bei-den-bmw-motorrad-days-2014\/\" \/>\n<meta property=\"og:site_name\" content=\"SWT-SPORTS Blog\" \/>\n<meta property=\"article:publisher\" content=\"https:\/\/www.facebook.com\/\" \/>\n<meta property=\"article:published_time\" content=\"2014-07-07T04:02:13+00:00\" \/>\n<meta property=\"article:modified_time\" content=\"2020-08-11T18:52:12+00:00\" \/>\n<meta property=\"og:image\" content=\"https:\/\/blog.swt-sports.de\/wp-content\/uploads\/2014\/07\/L1030511.jpg\" \/>\n\t<meta property=\"og:image:width\" content=\"1200\" \/>\n\t<meta property=\"og:image:height\" content=\"900\" \/>\n\t<meta property=\"og:image:type\" content=\"image\/jpeg\" \/>\n<meta name=\"author\" content=\"Lutz Lindemann\" \/>\n<meta name=\"twitter:card\" content=\"summary_large_image\" \/>\n<meta name=\"twitter:creator\" content=\"@swtsports\" \/>\n<meta name=\"twitter:site\" content=\"@swtsports\" \/>\n<meta name=\"twitter:label1\" content=\"Verfasst von\" \/>\n\t<meta name=\"twitter:data1\" content=\"Lutz Lindemann\" \/>\n\t<meta name=\"twitter:label2\" content=\"Gesch\u00e4tzte Lesezeit\" \/>\n\t<meta name=\"twitter:data2\" content=\"2\u00a0Minuten\" \/>\n<script type=\"application\/ld+json\" class=\"yoast-schema-graph\">{\"@context\":\"https:\\\/\\\/schema.org\",\"@graph\":[{\"@type\":\"Article\",\"@id\":\"https:\\\/\\\/blog.swt-sports.de\\\/index.php\\\/spannendes-wochenende-fuer-bmw-fahrer-in-garmisch-patenkirchen-bei-den-bmw-motorrad-days-2014\\\/#article\",\"isPartOf\":{\"@id\":\"https:\\\/\\\/blog.swt-sports.de\\\/index.php\\\/spannendes-wochenende-fuer-bmw-fahrer-in-garmisch-patenkirchen-bei-den-bmw-motorrad-days-2014\\\/\"},\"author\":{\"name\":\"Lutz Lindemann\",\"@id\":\"https:\\\/\\\/blog.swt-sports.de\\\/#\\\/schema\\\/person\\\/b1fb20850ef709b5efbd2510a27b50ec\"},\"headline\":\"Spannendes Wochenende f\u00fcr BMW-Fahrer in Garmisch-Patenkirchen bei den BMW Motorrad Days 2014\",\"datePublished\":\"2014-07-07T04:02:13+00:00\",\"dateModified\":\"2020-08-11T18:52:12+00:00\",\"mainEntityOfPage\":{\"@id\":\"https:\\\/\\\/blog.swt-sports.de\\\/index.php\\\/spannendes-wochenende-fuer-bmw-fahrer-in-garmisch-patenkirchen-bei-den-bmw-motorrad-days-2014\\\/\"},\"wordCount\":445,\"commentCount\":1,\"publisher\":{\"@id\":\"https:\\\/\\\/blog.swt-sports.de\\\/#organization\"},\"image\":{\"@id\":\"https:\\\/\\\/blog.swt-sports.de\\\/index.php\\\/spannendes-wochenende-fuer-bmw-fahrer-in-garmisch-patenkirchen-bei-den-bmw-motorrad-days-2014\\\/#primaryimage\"},\"thumbnailUrl\":\"https:\\\/\\\/blog.swt-sports.de\\\/wp-content\\\/uploads\\\/2014\\\/07\\\/L1030511.jpg\",\"keywords\":[\"BMW Motorrad Treffen\",\"BMW Weekend Garmisch\",\"BMW Motorradtage\",\"BMW Motorrad Days\",\"Garmisch-Patenkirchen BMW\",\"Garmisch BMW\"],\"articleSection\":[\"Events\"],\"inLanguage\":\"de\",\"potentialAction\":[{\"@type\":\"CommentAction\",\"name\":\"Comment\",\"target\":[\"https:\\\/\\\/blog.swt-sports.de\\\/index.php\\\/spannendes-wochenende-fuer-bmw-fahrer-in-garmisch-patenkirchen-bei-den-bmw-motorrad-days-2014\\\/#respond\"]}]},{\"@type\":\"WebPage\",\"@id\":\"https:\\\/\\\/blog.swt-sports.de\\\/index.php\\\/spannendes-wochenende-fuer-bmw-fahrer-in-garmisch-patenkirchen-bei-den-bmw-motorrad-days-2014\\\/\",\"url\":\"https:\\\/\\\/blog.swt-sports.de\\\/index.php\\\/spannendes-wochenende-fuer-bmw-fahrer-in-garmisch-patenkirchen-bei-den-bmw-motorrad-days-2014\\\/\",\"name\":\"Spannendes Wochenende f\u00fcr BMW-Fahrer in Garmisch-Patenkirchen bei den BMW Motorrad Days 2014 - SWT-SPORTS Blog\",\"isPartOf\":{\"@id\":\"https:\\\/\\\/blog.swt-sports.de\\\/#website\"},\"primaryImageOfPage\":{\"@id\":\"https:\\\/\\\/blog.swt-sports.de\\\/index.php\\\/spannendes-wochenende-fuer-bmw-fahrer-in-garmisch-patenkirchen-bei-den-bmw-motorrad-days-2014\\\/#primaryimage\"},\"image\":{\"@id\":\"https:\\\/\\\/blog.swt-sports.de\\\/index.php\\\/spannendes-wochenende-fuer-bmw-fahrer-in-garmisch-patenkirchen-bei-den-bmw-motorrad-days-2014\\\/#primaryimage\"},\"thumbnailUrl\":\"https:\\\/\\\/blog.swt-sports.de\\\/wp-content\\\/uploads\\\/2014\\\/07\\\/L1030511.jpg\",\"datePublished\":\"2014-07-07T04:02:13+00:00\",\"dateModified\":\"2020-08-11T18:52:12+00:00\",\"breadcrumb\":{\"@id\":\"https:\\\/\\\/blog.swt-sports.de\\\/index.php\\\/spannendes-wochenende-fuer-bmw-fahrer-in-garmisch-patenkirchen-bei-den-bmw-motorrad-days-2014\\\/#breadcrumb\"},\"inLanguage\":\"de\",\"potentialAction\":[{\"@type\":\"ReadAction\",\"target\":[\"https:\\\/\\\/blog.swt-sports.de\\\/index.php\\\/spannendes-wochenende-fuer-bmw-fahrer-in-garmisch-patenkirchen-bei-den-bmw-motorrad-days-2014\\\/\"]}]},{\"@type\":\"ImageObject\",\"inLanguage\":\"de\",\"@id\":\"https:\\\/\\\/blog.swt-sports.de\\\/index.php\\\/spannendes-wochenende-fuer-bmw-fahrer-in-garmisch-patenkirchen-bei-den-bmw-motorrad-days-2014\\\/#primaryimage\",\"url\":\"https:\\\/\\\/blog.swt-sports.de\\\/wp-content\\\/uploads\\\/2014\\\/07\\\/L1030511.jpg\",\"contentUrl\":\"https:\\\/\\\/blog.swt-sports.de\\\/wp-content\\\/uploads\\\/2014\\\/07\\\/L1030511.jpg\",\"width\":1200,\"height\":900},{\"@type\":\"BreadcrumbList\",\"@id\":\"https:\\\/\\\/blog.swt-sports.de\\\/index.php\\\/spannendes-wochenende-fuer-bmw-fahrer-in-garmisch-patenkirchen-bei-den-bmw-motorrad-days-2014\\\/#breadcrumb\",\"itemListElement\":[{\"@type\":\"ListItem\",\"position\":1,\"name\":\"Startseite\",\"item\":\"https:\\\/\\\/blog.swt-sports.de\\\/\"},{\"@type\":\"ListItem\",\"position\":2,\"name\":\"Spannendes Wochenende f\u00fcr BMW-Fahrer in Garmisch-Patenkirchen bei den BMW Motorrad Days 2014\"}]},{\"@type\":\"WebSite\",\"@id\":\"https:\\\/\\\/blog.swt-sports.de\\\/#website\",\"url\":\"https:\\\/\\\/blog.swt-sports.de\\\/\",\"name\":\"SWT-SPORTS Blog\",\"description\":\"BMW Motorrad | 2-Ventiler | R80 \\\/ R100GS G\\\/S | Paris Dakar | BMW-Boxer\",\"publisher\":{\"@id\":\"https:\\\/\\\/blog.swt-sports.de\\\/#organization\"},\"potentialAction\":[{\"@type\":\"SearchAction\",\"target\":{\"@type\":\"EntryPoint\",\"urlTemplate\":\"https:\\\/\\\/blog.swt-sports.de\\\/?s={search_term_string}\"},\"query-input\":{\"@type\":\"PropertyValueSpecification\",\"valueRequired\":true,\"valueName\":\"search_term_string\"}}],\"inLanguage\":\"de\"},{\"@type\":\"Organization\",\"@id\":\"https:\\\/\\\/blog.swt-sports.de\\\/#organization\",\"name\":\"SWT Sports\",\"url\":\"https:\\\/\\\/blog.swt-sports.de\\\/\",\"logo\":{\"@type\":\"ImageObject\",\"inLanguage\":\"de\",\"@id\":\"https:\\\/\\\/blog.swt-sports.de\\\/#\\\/schema\\\/logo\\\/image\\\/\",\"url\":\"https:\\\/\\\/blog.swt-sports.de\\\/wp-content\\\/uploads\\\/2020\\\/08\\\/swt_sports_logo.svg\",\"contentUrl\":\"https:\\\/\\\/blog.swt-sports.de\\\/wp-content\\\/uploads\\\/2020\\\/08\\\/swt_sports_logo.svg\",\"width\":306,\"height\":247,\"caption\":\"SWT Sports\"},\"image\":{\"@id\":\"https:\\\/\\\/blog.swt-sports.de\\\/#\\\/schema\\\/logo\\\/image\\\/\"},\"sameAs\":[\"https:\\\/\\\/www.facebook.com\\\/\",\"https:\\\/\\\/x.com\\\/swtsports\",\"https:\\\/\\\/www.instagram.com\\\/swt_sports\\\/\",\"https:\\\/\\\/www.youtube.com\\\/user\\\/SWTsports\"]},{\"@type\":\"Person\",\"@id\":\"https:\\\/\\\/blog.swt-sports.de\\\/#\\\/schema\\\/person\\\/b1fb20850ef709b5efbd2510a27b50ec\",\"name\":\"Lutz Lindemann\",\"image\":{\"@type\":\"ImageObject\",\"inLanguage\":\"de\",\"@id\":\"https:\\\/\\\/secure.gravatar.com\\\/avatar\\\/734a9bedc494f6dc8377999f4d8a7d95539d24428aae22d6a7a829f916324968?s=96&r=g\",\"url\":\"https:\\\/\\\/secure.gravatar.com\\\/avatar\\\/734a9bedc494f6dc8377999f4d8a7d95539d24428aae22d6a7a829f916324968?s=96&r=g\",\"contentUrl\":\"https:\\\/\\\/secure.gravatar.com\\\/avatar\\\/734a9bedc494f6dc8377999f4d8a7d95539d24428aae22d6a7a829f916324968?s=96&r=g\",\"caption\":\"Lutz Lindemann\"},\"sameAs\":[\"http:\\\/\\\/lutzlindemann.com\"]}]}<\/script>\n<!-- \/ Yoast SEO plugin. -->","yoast_head_json":{"title":"Spannendes Wochenende f\u00fcr BMW-Fahrer in Garmisch-Patenkirchen bei den BMW Motorrad Days 2014 - SWT-SPORTS Blog","robots":{"index":"index","follow":"follow","max-snippet":"max-snippet:-1","max-image-preview":"max-image-preview:large","max-video-preview":"max-video-preview:-1"},"canonical":"https:\/\/blog.swt-sports.de\/index.php\/spannendes-wochenende-fuer-bmw-fahrer-in-garmisch-patenkirchen-bei-den-bmw-motorrad-days-2014\/","og_locale":"de_DE","og_type":"article","og_title":"Spannendes Wochenende f\u00fcr BMW-Fahrer in Garmisch-Patenkirchen bei den BMW Motorrad Days 2014 - SWT-SPORTS Blog","og_description":"Das SWT-SPORTS Team besuchte zusammen mit dem Finnen und Ex-BMW-Werkfahrer SIMO KIRSSI\u00a0 das weltgr\u00f6\u00dfte BMW \u2013 MOTORRAD \u2013 Biker &#8211; [&hellip;]","og_url":"https:\/\/blog.swt-sports.de\/index.php\/spannendes-wochenende-fuer-bmw-fahrer-in-garmisch-patenkirchen-bei-den-bmw-motorrad-days-2014\/","og_site_name":"SWT-SPORTS Blog","article_publisher":"https:\/\/www.facebook.com\/","article_published_time":"2014-07-07T04:02:13+00:00","article_modified_time":"2020-08-11T18:52:12+00:00","og_image":[{"width":1200,"height":900,"url":"https:\/\/blog.swt-sports.de\/wp-content\/uploads\/2014\/07\/L1030511.jpg","type":"image\/jpeg"}],"author":"Lutz Lindemann","twitter_card":"summary_large_image","twitter_creator":"@swtsports","twitter_site":"@swtsports","twitter_misc":{"Verfasst von":"Lutz Lindemann","Gesch\u00e4tzte Lesezeit":"2\u00a0Minuten"},"schema":{"@context":"https:\/\/schema.org","@graph":[{"@type":"Article","@id":"https:\/\/blog.swt-sports.de\/index.php\/spannendes-wochenende-fuer-bmw-fahrer-in-garmisch-patenkirchen-bei-den-bmw-motorrad-days-2014\/#article","isPartOf":{"@id":"https:\/\/blog.swt-sports.de\/index.php\/spannendes-wochenende-fuer-bmw-fahrer-in-garmisch-patenkirchen-bei-den-bmw-motorrad-days-2014\/"},"author":{"name":"Lutz Lindemann","@id":"https:\/\/blog.swt-sports.de\/#\/schema\/person\/b1fb20850ef709b5efbd2510a27b50ec"},"headline":"Spannendes Wochenende f\u00fcr BMW-Fahrer in Garmisch-Patenkirchen bei den BMW Motorrad Days 2014","datePublished":"2014-07-07T04:02:13+00:00","dateModified":"2020-08-11T18:52:12+00:00","mainEntityOfPage":{"@id":"https:\/\/blog.swt-sports.de\/index.php\/spannendes-wochenende-fuer-bmw-fahrer-in-garmisch-patenkirchen-bei-den-bmw-motorrad-days-2014\/"},"wordCount":445,"commentCount":1,"publisher":{"@id":"https:\/\/blog.swt-sports.de\/#organization"},"image":{"@id":"https:\/\/blog.swt-sports.de\/index.php\/spannendes-wochenende-fuer-bmw-fahrer-in-garmisch-patenkirchen-bei-den-bmw-motorrad-days-2014\/#primaryimage"},"thumbnailUrl":"https:\/\/blog.swt-sports.de\/wp-content\/uploads\/2014\/07\/L1030511.jpg","keywords":["BMW Motorrad Treffen","BMW Weekend Garmisch","BMW Motorradtage","BMW Motorrad Days","Garmisch-Patenkirchen BMW","Garmisch BMW"],"articleSection":["Events"],"inLanguage":"de","potentialAction":[{"@type":"CommentAction","name":"Comment","target":["https:\/\/blog.swt-sports.de\/index.php\/spannendes-wochenende-fuer-bmw-fahrer-in-garmisch-patenkirchen-bei-den-bmw-motorrad-days-2014\/#respond"]}]},{"@type":"WebPage","@id":"https:\/\/blog.swt-sports.de\/index.php\/spannendes-wochenende-fuer-bmw-fahrer-in-garmisch-patenkirchen-bei-den-bmw-motorrad-days-2014\/","url":"https:\/\/blog.swt-sports.de\/index.php\/spannendes-wochenende-fuer-bmw-fahrer-in-garmisch-patenkirchen-bei-den-bmw-motorrad-days-2014\/","name":"Spannendes Wochenende f\u00fcr BMW-Fahrer in Garmisch-Patenkirchen bei den BMW Motorrad Days 2014 - SWT-SPORTS Blog","isPartOf":{"@id":"https:\/\/blog.swt-sports.de\/#website"},"primaryImageOfPage":{"@id":"https:\/\/blog.swt-sports.de\/index.php\/spannendes-wochenende-fuer-bmw-fahrer-in-garmisch-patenkirchen-bei-den-bmw-motorrad-days-2014\/#primaryimage"},"image":{"@id":"https:\/\/blog.swt-sports.de\/index.php\/spannendes-wochenende-fuer-bmw-fahrer-in-garmisch-patenkirchen-bei-den-bmw-motorrad-days-2014\/#primaryimage"},"thumbnailUrl":"https:\/\/blog.swt-sports.de\/wp-content\/uploads\/2014\/07\/L1030511.jpg","datePublished":"2014-07-07T04:02:13+00:00","dateModified":"2020-08-11T18:52:12+00:00","breadcrumb":{"@id":"https:\/\/blog.swt-sports.de\/index.php\/spannendes-wochenende-fuer-bmw-fahrer-in-garmisch-patenkirchen-bei-den-bmw-motorrad-days-2014\/#breadcrumb"},"inLanguage":"de","potentialAction":[{"@type":"ReadAction","target":["https:\/\/blog.swt-sports.de\/index.php\/spannendes-wochenende-fuer-bmw-fahrer-in-garmisch-patenkirchen-bei-den-bmw-motorrad-days-2014\/"]}]},{"@type":"ImageObject","inLanguage":"de","@id":"https:\/\/blog.swt-sports.de\/index.php\/spannendes-wochenende-fuer-bmw-fahrer-in-garmisch-patenkirchen-bei-den-bmw-motorrad-days-2014\/#primaryimage","url":"https:\/\/blog.swt-sports.de\/wp-content\/uploads\/2014\/07\/L1030511.jpg","contentUrl":"https:\/\/blog.swt-sports.de\/wp-content\/uploads\/2014\/07\/L1030511.jpg","width":1200,"height":900},{"@type":"BreadcrumbList","@id":"https:\/\/blog.swt-sports.de\/index.php\/spannendes-wochenende-fuer-bmw-fahrer-in-garmisch-patenkirchen-bei-den-bmw-motorrad-days-2014\/#breadcrumb","itemListElement":[{"@type":"ListItem","position":1,"name":"Startseite","item":"https:\/\/blog.swt-sports.de\/"},{"@type":"ListItem","position":2,"name":"Spannendes Wochenende f\u00fcr BMW-Fahrer in Garmisch-Patenkirchen bei den BMW Motorrad Days 2014"}]},{"@type":"WebSite","@id":"https:\/\/blog.swt-sports.de\/#website","url":"https:\/\/blog.swt-sports.de\/","name":"SWT-SPORTS Blog","description":"BMW Motorrad | 2-Ventiler | R80 \/ R100GS G\/S | Paris Dakar | BMW-Boxer","publisher":{"@id":"https:\/\/blog.swt-sports.de\/#organization"},"potentialAction":[{"@type":"SearchAction","target":{"@type":"EntryPoint","urlTemplate":"https:\/\/blog.swt-sports.de\/?s={search_term_string}"},"query-input":{"@type":"PropertyValueSpecification","valueRequired":true,"valueName":"search_term_string"}}],"inLanguage":"de"},{"@type":"Organization","@id":"https:\/\/blog.swt-sports.de\/#organization","name":"SWT Sports","url":"https:\/\/blog.swt-sports.de\/","logo":{"@type":"ImageObject","inLanguage":"de","@id":"https:\/\/blog.swt-sports.de\/#\/schema\/logo\/image\/","url":"https:\/\/blog.swt-sports.de\/wp-content\/uploads\/2020\/08\/swt_sports_logo.svg","contentUrl":"https:\/\/blog.swt-sports.de\/wp-content\/uploads\/2020\/08\/swt_sports_logo.svg","width":306,"height":247,"caption":"SWT Sports"},"image":{"@id":"https:\/\/blog.swt-sports.de\/#\/schema\/logo\/image\/"},"sameAs":["https:\/\/www.facebook.com\/","https:\/\/x.com\/swtsports","https:\/\/www.instagram.com\/swt_sports\/","https:\/\/www.youtube.com\/user\/SWTsports"]},{"@type":"Person","@id":"https:\/\/blog.swt-sports.de\/#\/schema\/person\/b1fb20850ef709b5efbd2510a27b50ec","name":"Lutz Lindemann","image":{"@type":"ImageObject","inLanguage":"de","@id":"https:\/\/secure.gravatar.com\/avatar\/734a9bedc494f6dc8377999f4d8a7d95539d24428aae22d6a7a829f916324968?s=96&r=g","url":"https:\/\/secure.gravatar.com\/avatar\/734a9bedc494f6dc8377999f4d8a7d95539d24428aae22d6a7a829f916324968?s=96&r=g","contentUrl":"https:\/\/secure.gravatar.com\/avatar\/734a9bedc494f6dc8377999f4d8a7d95539d24428aae22d6a7a829f916324968?s=96&r=g","caption":"Lutz Lindemann"},"sameAs":["http:\/\/lutzlindemann.com"]}]}},"_links":{"self":[{"href":"https:\/\/blog.swt-sports.de\/index.php\/wp-json\/wp\/v2\/posts\/295","targetHints":{"allow":["GET"]}}],"collection":[{"href":"https:\/\/blog.swt-sports.de\/index.php\/wp-json\/wp\/v2\/posts"}],"about":[{"href":"https:\/\/blog.swt-sports.de\/index.php\/wp-json\/wp\/v2\/types\/post"}],"author":[{"embeddable":true,"href":"https:\/\/blog.swt-sports.de\/index.php\/wp-json\/wp\/v2\/users\/26194"}],"replies":[{"embeddable":true,"href":"https:\/\/blog.swt-sports.de\/index.php\/wp-json\/wp\/v2\/comments?post=295"}],"version-history":[{"count":11,"href":"https:\/\/blog.swt-sports.de\/index.php\/wp-json\/wp\/v2\/posts\/295\/revisions"}],"predecessor-version":[{"id":83341,"href":"https:\/\/blog.swt-sports.de\/index.php\/wp-json\/wp\/v2\/posts\/295\/revisions\/83341"}],"wp:featuredmedia":[{"embeddable":true,"href":"https:\/\/blog.swt-sports.de\/index.php\/wp-json\/wp\/v2\/media\/299"}],"wp:attachment":[{"href":"https:\/\/blog.swt-sports.de\/index.php\/wp-json\/wp\/v2\/media?parent=295"}],"wp:term":[{"taxonomy":"category","embeddable":true,"href":"https:\/\/blog.swt-sports.de\/index.php\/wp-json\/wp\/v2\/categories?post=295"},{"taxonomy":"post_tag","embeddable":true,"href":"https:\/\/blog.swt-sports.de\/index.php\/wp-json\/wp\/v2\/tags?post=295"}],"curies":[{"name":"wp","href":"https:\/\/api.w.org\/{rel}","templated":true}]}}