{"id":2221,"date":"2018-09-14T18:06:56","date_gmt":"2018-09-14T17:06:56","guid":{"rendered":"http:\/\/blog.swt-sports.de\/?p=2221"},"modified":"2020-08-10T10:13:23","modified_gmt":"2020-08-10T09:13:23","slug":"edelstahlschalthebel-fuer-bmw-motorrad-6-7-modelle","status":"publish","type":"post","link":"https:\/\/blog.swt-sports.de\/index.php\/edelstahlschalthebel-fuer-bmw-motorrad-6-7-modelle\/","title":{"rendered":"Edelstahlschalthebel f\u00fcr BMW Motorrad -6 -7 Modelle"},"content":{"rendered":"<p><img decoding=\"async\" class=\"alignnone size-large wp-image-2226\" src=\"http:\/\/blog.swt-sports.de\/wp-content\/uploads\/2018\/09\/2331621_Schalthebel.neu_-1024x955.jpg\" alt=\"\" width=\"640\" height=\"597\" srcset=\"https:\/\/blog.swt-sports.de\/wp-content\/uploads\/2018\/09\/2331621_Schalthebel.neu_-1024x955.jpg 1024w, https:\/\/blog.swt-sports.de\/wp-content\/uploads\/2018\/09\/2331621_Schalthebel.neu_-300x280.jpg 300w, https:\/\/blog.swt-sports.de\/wp-content\/uploads\/2018\/09\/2331621_Schalthebel.neu_-768x716.jpg 768w, https:\/\/blog.swt-sports.de\/wp-content\/uploads\/2018\/09\/2331621_Schalthebel.neu_.jpg 1200w\" sizes=\"(max-width: 640px) 100vw, 640px\" \/><\/p>\n<p style=\"margin: 0cm 3.75pt .0001pt 0cm;\"><strong>BMW Motorrad<\/strong> hat schon l\u00e4nger die Lieferung der <strong>Schalthebel<\/strong>\u00a0<strong>23311231621<\/strong> f\u00fcr die klassischen BMW Motorrad <strong>2\u2014Ventiler<\/strong> mit dem Schalthebel eingestellt. Hier handelt es sich um den Gangwahlhebel, der direkt im Getriebe verschraubt ist. So wie es aussieht, wird es auch in Zukunft keine neue Produktion dieses Fu\u00dfschalthebels mehr geben. Der Gangwahlschalter wird von unseren Kunden immer noch angefragt, doch diese m\u00fcssen oft auf v\u00f6llig \u00fcberteuerte gebrauchte Ersatzteile zur\u00fcckgreifen.<\/p>\n<p style=\"margin: 0cm 3.75pt .0001pt 0cm;\"><img decoding=\"async\" class=\"alignnone size-large wp-image-2225\" src=\"http:\/\/blog.swt-sports.de\/wp-content\/uploads\/2018\/09\/2331621_Schalthebel_Header2-1024x656.jpg\" alt=\"\" width=\"640\" height=\"410\" srcset=\"https:\/\/blog.swt-sports.de\/wp-content\/uploads\/2018\/09\/2331621_Schalthebel_Header2-1024x656.jpg 1024w, https:\/\/blog.swt-sports.de\/wp-content\/uploads\/2018\/09\/2331621_Schalthebel_Header2-300x192.jpg 300w, https:\/\/blog.swt-sports.de\/wp-content\/uploads\/2018\/09\/2331621_Schalthebel_Header2-768x492.jpg 768w, https:\/\/blog.swt-sports.de\/wp-content\/uploads\/2018\/09\/2331621_Schalthebel_Header2.jpg 1200w\" sizes=\"(max-width: 640px) 100vw, 640px\" \/><\/p>\n<p style=\"margin: 0cm 3.75pt .0001pt 0cm;\">Dies hat uns dazu bewegt, eine Kleinserie dieses Schalthebels in Eigenregie zu produzieren.<\/p>\n<p style=\"margin: 0cm 3.75pt .0001pt 0cm;\"><img decoding=\"async\" class=\"alignnone size-large wp-image-2223\" src=\"http:\/\/blog.swt-sports.de\/wp-content\/uploads\/2018\/09\/2331621_Schalthebel.neu2_-1024x768.jpg\" alt=\"\" width=\"640\" height=\"480\" srcset=\"https:\/\/blog.swt-sports.de\/wp-content\/uploads\/2018\/09\/2331621_Schalthebel.neu2_-1024x768.jpg 1024w, https:\/\/blog.swt-sports.de\/wp-content\/uploads\/2018\/09\/2331621_Schalthebel.neu2_-300x225.jpg 300w, https:\/\/blog.swt-sports.de\/wp-content\/uploads\/2018\/09\/2331621_Schalthebel.neu2_-768x576.jpg 768w, https:\/\/blog.swt-sports.de\/wp-content\/uploads\/2018\/09\/2331621_Schalthebel.neu2_.jpg 1200w\" sizes=\"(max-width: 640px) 100vw, 640px\" \/><\/p>\n<p style=\"margin: 0cm 3.75pt .0001pt 0cm;\">Das Finish des Ganghebels unterscheidet sich deutlich von Originalteil. Wir haben Edelstahl als Ausgangsbasis gew\u00e4hlt. Durch die Rostbest\u00e4ndigkeit des <strong>VA Schalthebels<\/strong> musste unsere Produktion nicht verchromt werden.<\/p>\n<p style=\"margin: 0cm 3.75pt .0001pt 0cm;\"><img decoding=\"async\" class=\"alignnone size-large wp-image-2222\" src=\"http:\/\/blog.swt-sports.de\/wp-content\/uploads\/2018\/09\/2331621_Schalthebel3-1024x854.jpg\" alt=\"\" width=\"640\" height=\"534\" srcset=\"https:\/\/blog.swt-sports.de\/wp-content\/uploads\/2018\/09\/2331621_Schalthebel3-1024x854.jpg 1024w, https:\/\/blog.swt-sports.de\/wp-content\/uploads\/2018\/09\/2331621_Schalthebel3-300x250.jpg 300w, https:\/\/blog.swt-sports.de\/wp-content\/uploads\/2018\/09\/2331621_Schalthebel3-768x641.jpg 768w, https:\/\/blog.swt-sports.de\/wp-content\/uploads\/2018\/09\/2331621_Schalthebel3.jpg 1200w\" sizes=\"(max-width: 640px) 100vw, 640px\" \/><\/p>\n<p style=\"margin: 0cm 3.75pt .0001pt 0cm;\">Unseren Fu\u00df-Schaltkn\u00fcppel haben wir aus drei Fr\u00e4s- und Drehteilen zusammengestellt. Die einzelnen Teile wurden im <strong>WIG-verfahren<\/strong> geschwei\u00dft. Alle Schalthebel werden mit unserem Schalthebelgummi ausgeliefert. Dieser kann auch einzeln als Ersatzteil nachgeordert werden.<\/p>\n<p><img decoding=\"async\" class=\"alignnone size-large wp-image-2227\" src=\"http:\/\/blog.swt-sports.de\/wp-content\/uploads\/2018\/09\/2331621_Schalthebel_neu1-1024x820.jpg\" alt=\"\" width=\"640\" height=\"513\" srcset=\"https:\/\/blog.swt-sports.de\/wp-content\/uploads\/2018\/09\/2331621_Schalthebel_neu1-1024x820.jpg 1024w, https:\/\/blog.swt-sports.de\/wp-content\/uploads\/2018\/09\/2331621_Schalthebel_neu1-300x240.jpg 300w, https:\/\/blog.swt-sports.de\/wp-content\/uploads\/2018\/09\/2331621_Schalthebel_neu1-768x615.jpg 768w, https:\/\/blog.swt-sports.de\/wp-content\/uploads\/2018\/09\/2331621_Schalthebel_neu1.jpg 1200w\" sizes=\"(max-width: 640px) 100vw, 640px\" \/><\/p>\n<p><a href=\"https:\/\/www.swt-sports.de\/de\/schalthebel-edelstahl-bmw-motorrad-6-7\" target=\"_blank\" rel=\"noopener noreferrer\"><strong>Link zum Artikel&#8230;..<\/strong><\/a><\/p>\n<p>&nbsp;<\/p>\n<p style=\"text-align: center;\"><strong>Der Artikel passt an BMW Motorrad Modelle<\/strong><\/p>\n<p style=\"text-align: center;\"><strong>R50\/5-R90S 69-76 (08\/1969 &#8211; 07\/1980)<\/strong><\/p>\n<p style=\"text-align: center;\"><strong>R 60, R 75 , R 80, \/7, RT (76-85) (05\/1976 &#8211; 01\/1985)<\/strong><\/p>\n<p style=\"text-align: center;\"><strong>R 100, \/7, \/T, CS, RS, RT, S (76-84) (03\/1976 &#8211; 11\/1984)<\/strong><\/p>\n","protected":false},"excerpt":{"rendered":"<p>BMW Motorrad hat schon l\u00e4nger die Lieferung der Schalthebel\u00a023311231621 f\u00fcr die klassischen BMW Motorrad 2\u2014Ventiler mit dem Schalthebel eingestellt. Hier [&hellip;]<\/p>\n","protected":false},"author":26194,"featured_media":2224,"comment_status":"open","ping_status":"closed","sticky":false,"template":"","format":"standard","meta":{"footnotes":""},"categories":[1303],"tags":[1029,1030,1031,1032,1033],"class_list":["post-2221","post","type-post","status-publish","format-standard","has-post-thumbnail","hentry","category-swt-produkte","tag-edelstahlschalthebel","tag-schalthebel-edelstahl","tag-schalthebel-bmw-motorrad-7","tag-schalthebel-bmw-motorrad-6","tag-va-schalthebel"],"yoast_head":"<!-- This site is optimized with the Yoast SEO plugin v27.5 - https:\/\/yoast.com\/product\/yoast-seo-wordpress\/ -->\n<title>Edelstahlschalthebel f\u00fcr BMW Motorrad -6 -7 Modelle - SWT-SPORTS Blog<\/title>\n<meta name=\"robots\" content=\"index, follow, max-snippet:-1, max-image-preview:large, max-video-preview:-1\" \/>\n<link rel=\"canonical\" href=\"https:\/\/blog.swt-sports.de\/index.php\/edelstahlschalthebel-fuer-bmw-motorrad-6-7-modelle\/\" \/>\n<meta property=\"og:locale\" content=\"de_DE\" \/>\n<meta property=\"og:type\" content=\"article\" \/>\n<meta property=\"og:title\" content=\"Edelstahlschalthebel f\u00fcr BMW Motorrad -6 -7 Modelle - SWT-SPORTS Blog\" \/>\n<meta property=\"og:description\" content=\"BMW Motorrad hat schon l\u00e4nger die Lieferung der Schalthebel\u00a023311231621 f\u00fcr die klassischen BMW Motorrad 2\u2014Ventiler mit dem Schalthebel eingestellt. Hier [&hellip;]\" \/>\n<meta property=\"og:url\" content=\"https:\/\/blog.swt-sports.de\/index.php\/edelstahlschalthebel-fuer-bmw-motorrad-6-7-modelle\/\" \/>\n<meta property=\"og:site_name\" content=\"SWT-SPORTS Blog\" \/>\n<meta property=\"article:publisher\" content=\"https:\/\/www.facebook.com\/\" \/>\n<meta property=\"article:published_time\" content=\"2018-09-14T17:06:56+00:00\" \/>\n<meta property=\"article:modified_time\" content=\"2020-08-10T09:13:23+00:00\" \/>\n<meta property=\"og:image\" content=\"https:\/\/blog.swt-sports.de\/wp-content\/uploads\/2018\/09\/2331621_Schalthebel_Header.jpg\" \/>\n\t<meta property=\"og:image:width\" content=\"1200\" \/>\n\t<meta property=\"og:image:height\" content=\"506\" \/>\n\t<meta property=\"og:image:type\" content=\"image\/jpeg\" \/>\n<meta name=\"author\" content=\"Lutz Lindemann\" \/>\n<meta name=\"twitter:card\" content=\"summary_large_image\" \/>\n<meta name=\"twitter:creator\" content=\"@swtsports\" \/>\n<meta name=\"twitter:site\" content=\"@swtsports\" \/>\n<meta name=\"twitter:label1\" content=\"Verfasst von\" \/>\n\t<meta name=\"twitter:data1\" content=\"Lutz Lindemann\" \/>\n\t<meta name=\"twitter:label2\" content=\"Gesch\u00e4tzte Lesezeit\" \/>\n\t<meta name=\"twitter:data2\" content=\"1\u00a0Minute\" \/>\n<script type=\"application\/ld+json\" class=\"yoast-schema-graph\">{\"@context\":\"https:\\\/\\\/schema.org\",\"@graph\":[{\"@type\":\"Article\",\"@id\":\"https:\\\/\\\/blog.swt-sports.de\\\/index.php\\\/edelstahlschalthebel-fuer-bmw-motorrad-6-7-modelle\\\/#article\",\"isPartOf\":{\"@id\":\"https:\\\/\\\/blog.swt-sports.de\\\/index.php\\\/edelstahlschalthebel-fuer-bmw-motorrad-6-7-modelle\\\/\"},\"author\":{\"name\":\"Lutz Lindemann\",\"@id\":\"https:\\\/\\\/blog.swt-sports.de\\\/#\\\/schema\\\/person\\\/b1fb20850ef709b5efbd2510a27b50ec\"},\"headline\":\"Edelstahlschalthebel f\u00fcr BMW Motorrad -6 -7 Modelle\",\"datePublished\":\"2018-09-14T17:06:56+00:00\",\"dateModified\":\"2020-08-10T09:13:23+00:00\",\"mainEntityOfPage\":{\"@id\":\"https:\\\/\\\/blog.swt-sports.de\\\/index.php\\\/edelstahlschalthebel-fuer-bmw-motorrad-6-7-modelle\\\/\"},\"wordCount\":189,\"commentCount\":6,\"publisher\":{\"@id\":\"https:\\\/\\\/blog.swt-sports.de\\\/#organization\"},\"image\":{\"@id\":\"https:\\\/\\\/blog.swt-sports.de\\\/index.php\\\/edelstahlschalthebel-fuer-bmw-motorrad-6-7-modelle\\\/#primaryimage\"},\"thumbnailUrl\":\"https:\\\/\\\/blog.swt-sports.de\\\/wp-content\\\/uploads\\\/2018\\\/09\\\/2331621_Schalthebel_Header.jpg\",\"keywords\":[\"Edelstahlschalthebel\",\"Schalthebel Edelstahl\",\"Schalthebel BMW Motorrad \\\/7\",\"Schalthebel BMW Motorrad \\\/6\",\"VA-Schalthebel\"],\"articleSection\":[\"SWT Produkte\"],\"inLanguage\":\"de\",\"potentialAction\":[{\"@type\":\"CommentAction\",\"name\":\"Comment\",\"target\":[\"https:\\\/\\\/blog.swt-sports.de\\\/index.php\\\/edelstahlschalthebel-fuer-bmw-motorrad-6-7-modelle\\\/#respond\"]}]},{\"@type\":\"WebPage\",\"@id\":\"https:\\\/\\\/blog.swt-sports.de\\\/index.php\\\/edelstahlschalthebel-fuer-bmw-motorrad-6-7-modelle\\\/\",\"url\":\"https:\\\/\\\/blog.swt-sports.de\\\/index.php\\\/edelstahlschalthebel-fuer-bmw-motorrad-6-7-modelle\\\/\",\"name\":\"Edelstahlschalthebel f\u00fcr BMW Motorrad -6 -7 Modelle - SWT-SPORTS Blog\",\"isPartOf\":{\"@id\":\"https:\\\/\\\/blog.swt-sports.de\\\/#website\"},\"primaryImageOfPage\":{\"@id\":\"https:\\\/\\\/blog.swt-sports.de\\\/index.php\\\/edelstahlschalthebel-fuer-bmw-motorrad-6-7-modelle\\\/#primaryimage\"},\"image\":{\"@id\":\"https:\\\/\\\/blog.swt-sports.de\\\/index.php\\\/edelstahlschalthebel-fuer-bmw-motorrad-6-7-modelle\\\/#primaryimage\"},\"thumbnailUrl\":\"https:\\\/\\\/blog.swt-sports.de\\\/wp-content\\\/uploads\\\/2018\\\/09\\\/2331621_Schalthebel_Header.jpg\",\"datePublished\":\"2018-09-14T17:06:56+00:00\",\"dateModified\":\"2020-08-10T09:13:23+00:00\",\"breadcrumb\":{\"@id\":\"https:\\\/\\\/blog.swt-sports.de\\\/index.php\\\/edelstahlschalthebel-fuer-bmw-motorrad-6-7-modelle\\\/#breadcrumb\"},\"inLanguage\":\"de\",\"potentialAction\":[{\"@type\":\"ReadAction\",\"target\":[\"https:\\\/\\\/blog.swt-sports.de\\\/index.php\\\/edelstahlschalthebel-fuer-bmw-motorrad-6-7-modelle\\\/\"]}]},{\"@type\":\"ImageObject\",\"inLanguage\":\"de\",\"@id\":\"https:\\\/\\\/blog.swt-sports.de\\\/index.php\\\/edelstahlschalthebel-fuer-bmw-motorrad-6-7-modelle\\\/#primaryimage\",\"url\":\"https:\\\/\\\/blog.swt-sports.de\\\/wp-content\\\/uploads\\\/2018\\\/09\\\/2331621_Schalthebel_Header.jpg\",\"contentUrl\":\"https:\\\/\\\/blog.swt-sports.de\\\/wp-content\\\/uploads\\\/2018\\\/09\\\/2331621_Schalthebel_Header.jpg\",\"width\":1200,\"height\":506},{\"@type\":\"BreadcrumbList\",\"@id\":\"https:\\\/\\\/blog.swt-sports.de\\\/index.php\\\/edelstahlschalthebel-fuer-bmw-motorrad-6-7-modelle\\\/#breadcrumb\",\"itemListElement\":[{\"@type\":\"ListItem\",\"position\":1,\"name\":\"Startseite\",\"item\":\"https:\\\/\\\/blog.swt-sports.de\\\/\"},{\"@type\":\"ListItem\",\"position\":2,\"name\":\"Edelstahlschalthebel f\u00fcr BMW Motorrad -6 -7 Modelle\"}]},{\"@type\":\"WebSite\",\"@id\":\"https:\\\/\\\/blog.swt-sports.de\\\/#website\",\"url\":\"https:\\\/\\\/blog.swt-sports.de\\\/\",\"name\":\"SWT-SPORTS Blog\",\"description\":\"BMW Motorrad | 2-Ventiler | R80 \\\/ R100GS G\\\/S | Paris Dakar | BMW-Boxer\",\"publisher\":{\"@id\":\"https:\\\/\\\/blog.swt-sports.de\\\/#organization\"},\"potentialAction\":[{\"@type\":\"SearchAction\",\"target\":{\"@type\":\"EntryPoint\",\"urlTemplate\":\"https:\\\/\\\/blog.swt-sports.de\\\/?s={search_term_string}\"},\"query-input\":{\"@type\":\"PropertyValueSpecification\",\"valueRequired\":true,\"valueName\":\"search_term_string\"}}],\"inLanguage\":\"de\"},{\"@type\":\"Organization\",\"@id\":\"https:\\\/\\\/blog.swt-sports.de\\\/#organization\",\"name\":\"SWT Sports\",\"url\":\"https:\\\/\\\/blog.swt-sports.de\\\/\",\"logo\":{\"@type\":\"ImageObject\",\"inLanguage\":\"de\",\"@id\":\"https:\\\/\\\/blog.swt-sports.de\\\/#\\\/schema\\\/logo\\\/image\\\/\",\"url\":\"https:\\\/\\\/blog.swt-sports.de\\\/wp-content\\\/uploads\\\/2020\\\/08\\\/swt_sports_logo.svg\",\"contentUrl\":\"https:\\\/\\\/blog.swt-sports.de\\\/wp-content\\\/uploads\\\/2020\\\/08\\\/swt_sports_logo.svg\",\"width\":306,\"height\":247,\"caption\":\"SWT Sports\"},\"image\":{\"@id\":\"https:\\\/\\\/blog.swt-sports.de\\\/#\\\/schema\\\/logo\\\/image\\\/\"},\"sameAs\":[\"https:\\\/\\\/www.facebook.com\\\/\",\"https:\\\/\\\/x.com\\\/swtsports\",\"https:\\\/\\\/www.instagram.com\\\/swt_sports\\\/\",\"https:\\\/\\\/www.youtube.com\\\/user\\\/SWTsports\"]},{\"@type\":\"Person\",\"@id\":\"https:\\\/\\\/blog.swt-sports.de\\\/#\\\/schema\\\/person\\\/b1fb20850ef709b5efbd2510a27b50ec\",\"name\":\"Lutz Lindemann\",\"image\":{\"@type\":\"ImageObject\",\"inLanguage\":\"de\",\"@id\":\"https:\\\/\\\/secure.gravatar.com\\\/avatar\\\/734a9bedc494f6dc8377999f4d8a7d95539d24428aae22d6a7a829f916324968?s=96&r=g\",\"url\":\"https:\\\/\\\/secure.gravatar.com\\\/avatar\\\/734a9bedc494f6dc8377999f4d8a7d95539d24428aae22d6a7a829f916324968?s=96&r=g\",\"contentUrl\":\"https:\\\/\\\/secure.gravatar.com\\\/avatar\\\/734a9bedc494f6dc8377999f4d8a7d95539d24428aae22d6a7a829f916324968?s=96&r=g\",\"caption\":\"Lutz Lindemann\"},\"sameAs\":[\"http:\\\/\\\/lutzlindemann.com\"]}]}<\/script>\n<!-- \/ Yoast SEO plugin. -->","yoast_head_json":{"title":"Edelstahlschalthebel f\u00fcr BMW Motorrad -6 -7 Modelle - SWT-SPORTS Blog","robots":{"index":"index","follow":"follow","max-snippet":"max-snippet:-1","max-image-preview":"max-image-preview:large","max-video-preview":"max-video-preview:-1"},"canonical":"https:\/\/blog.swt-sports.de\/index.php\/edelstahlschalthebel-fuer-bmw-motorrad-6-7-modelle\/","og_locale":"de_DE","og_type":"article","og_title":"Edelstahlschalthebel f\u00fcr BMW Motorrad -6 -7 Modelle - SWT-SPORTS Blog","og_description":"BMW Motorrad hat schon l\u00e4nger die Lieferung der Schalthebel\u00a023311231621 f\u00fcr die klassischen BMW Motorrad 2\u2014Ventiler mit dem Schalthebel eingestellt. Hier [&hellip;]","og_url":"https:\/\/blog.swt-sports.de\/index.php\/edelstahlschalthebel-fuer-bmw-motorrad-6-7-modelle\/","og_site_name":"SWT-SPORTS Blog","article_publisher":"https:\/\/www.facebook.com\/","article_published_time":"2018-09-14T17:06:56+00:00","article_modified_time":"2020-08-10T09:13:23+00:00","og_image":[{"width":1200,"height":506,"url":"https:\/\/blog.swt-sports.de\/wp-content\/uploads\/2018\/09\/2331621_Schalthebel_Header.jpg","type":"image\/jpeg"}],"author":"Lutz Lindemann","twitter_card":"summary_large_image","twitter_creator":"@swtsports","twitter_site":"@swtsports","twitter_misc":{"Verfasst von":"Lutz Lindemann","Gesch\u00e4tzte Lesezeit":"1\u00a0Minute"},"schema":{"@context":"https:\/\/schema.org","@graph":[{"@type":"Article","@id":"https:\/\/blog.swt-sports.de\/index.php\/edelstahlschalthebel-fuer-bmw-motorrad-6-7-modelle\/#article","isPartOf":{"@id":"https:\/\/blog.swt-sports.de\/index.php\/edelstahlschalthebel-fuer-bmw-motorrad-6-7-modelle\/"},"author":{"name":"Lutz Lindemann","@id":"https:\/\/blog.swt-sports.de\/#\/schema\/person\/b1fb20850ef709b5efbd2510a27b50ec"},"headline":"Edelstahlschalthebel f\u00fcr BMW Motorrad -6 -7 Modelle","datePublished":"2018-09-14T17:06:56+00:00","dateModified":"2020-08-10T09:13:23+00:00","mainEntityOfPage":{"@id":"https:\/\/blog.swt-sports.de\/index.php\/edelstahlschalthebel-fuer-bmw-motorrad-6-7-modelle\/"},"wordCount":189,"commentCount":6,"publisher":{"@id":"https:\/\/blog.swt-sports.de\/#organization"},"image":{"@id":"https:\/\/blog.swt-sports.de\/index.php\/edelstahlschalthebel-fuer-bmw-motorrad-6-7-modelle\/#primaryimage"},"thumbnailUrl":"https:\/\/blog.swt-sports.de\/wp-content\/uploads\/2018\/09\/2331621_Schalthebel_Header.jpg","keywords":["Edelstahlschalthebel","Schalthebel Edelstahl","Schalthebel BMW Motorrad \/7","Schalthebel BMW Motorrad \/6","VA-Schalthebel"],"articleSection":["SWT Produkte"],"inLanguage":"de","potentialAction":[{"@type":"CommentAction","name":"Comment","target":["https:\/\/blog.swt-sports.de\/index.php\/edelstahlschalthebel-fuer-bmw-motorrad-6-7-modelle\/#respond"]}]},{"@type":"WebPage","@id":"https:\/\/blog.swt-sports.de\/index.php\/edelstahlschalthebel-fuer-bmw-motorrad-6-7-modelle\/","url":"https:\/\/blog.swt-sports.de\/index.php\/edelstahlschalthebel-fuer-bmw-motorrad-6-7-modelle\/","name":"Edelstahlschalthebel f\u00fcr BMW Motorrad -6 -7 Modelle - SWT-SPORTS Blog","isPartOf":{"@id":"https:\/\/blog.swt-sports.de\/#website"},"primaryImageOfPage":{"@id":"https:\/\/blog.swt-sports.de\/index.php\/edelstahlschalthebel-fuer-bmw-motorrad-6-7-modelle\/#primaryimage"},"image":{"@id":"https:\/\/blog.swt-sports.de\/index.php\/edelstahlschalthebel-fuer-bmw-motorrad-6-7-modelle\/#primaryimage"},"thumbnailUrl":"https:\/\/blog.swt-sports.de\/wp-content\/uploads\/2018\/09\/2331621_Schalthebel_Header.jpg","datePublished":"2018-09-14T17:06:56+00:00","dateModified":"2020-08-10T09:13:23+00:00","breadcrumb":{"@id":"https:\/\/blog.swt-sports.de\/index.php\/edelstahlschalthebel-fuer-bmw-motorrad-6-7-modelle\/#breadcrumb"},"inLanguage":"de","potentialAction":[{"@type":"ReadAction","target":["https:\/\/blog.swt-sports.de\/index.php\/edelstahlschalthebel-fuer-bmw-motorrad-6-7-modelle\/"]}]},{"@type":"ImageObject","inLanguage":"de","@id":"https:\/\/blog.swt-sports.de\/index.php\/edelstahlschalthebel-fuer-bmw-motorrad-6-7-modelle\/#primaryimage","url":"https:\/\/blog.swt-sports.de\/wp-content\/uploads\/2018\/09\/2331621_Schalthebel_Header.jpg","contentUrl":"https:\/\/blog.swt-sports.de\/wp-content\/uploads\/2018\/09\/2331621_Schalthebel_Header.jpg","width":1200,"height":506},{"@type":"BreadcrumbList","@id":"https:\/\/blog.swt-sports.de\/index.php\/edelstahlschalthebel-fuer-bmw-motorrad-6-7-modelle\/#breadcrumb","itemListElement":[{"@type":"ListItem","position":1,"name":"Startseite","item":"https:\/\/blog.swt-sports.de\/"},{"@type":"ListItem","position":2,"name":"Edelstahlschalthebel f\u00fcr BMW Motorrad -6 -7 Modelle"}]},{"@type":"WebSite","@id":"https:\/\/blog.swt-sports.de\/#website","url":"https:\/\/blog.swt-sports.de\/","name":"SWT-SPORTS Blog","description":"BMW Motorrad | 2-Ventiler | R80 \/ R100GS G\/S | Paris Dakar | BMW-Boxer","publisher":{"@id":"https:\/\/blog.swt-sports.de\/#organization"},"potentialAction":[{"@type":"SearchAction","target":{"@type":"EntryPoint","urlTemplate":"https:\/\/blog.swt-sports.de\/?s={search_term_string}"},"query-input":{"@type":"PropertyValueSpecification","valueRequired":true,"valueName":"search_term_string"}}],"inLanguage":"de"},{"@type":"Organization","@id":"https:\/\/blog.swt-sports.de\/#organization","name":"SWT Sports","url":"https:\/\/blog.swt-sports.de\/","logo":{"@type":"ImageObject","inLanguage":"de","@id":"https:\/\/blog.swt-sports.de\/#\/schema\/logo\/image\/","url":"https:\/\/blog.swt-sports.de\/wp-content\/uploads\/2020\/08\/swt_sports_logo.svg","contentUrl":"https:\/\/blog.swt-sports.de\/wp-content\/uploads\/2020\/08\/swt_sports_logo.svg","width":306,"height":247,"caption":"SWT Sports"},"image":{"@id":"https:\/\/blog.swt-sports.de\/#\/schema\/logo\/image\/"},"sameAs":["https:\/\/www.facebook.com\/","https:\/\/x.com\/swtsports","https:\/\/www.instagram.com\/swt_sports\/","https:\/\/www.youtube.com\/user\/SWTsports"]},{"@type":"Person","@id":"https:\/\/blog.swt-sports.de\/#\/schema\/person\/b1fb20850ef709b5efbd2510a27b50ec","name":"Lutz Lindemann","image":{"@type":"ImageObject","inLanguage":"de","@id":"https:\/\/secure.gravatar.com\/avatar\/734a9bedc494f6dc8377999f4d8a7d95539d24428aae22d6a7a829f916324968?s=96&r=g","url":"https:\/\/secure.gravatar.com\/avatar\/734a9bedc494f6dc8377999f4d8a7d95539d24428aae22d6a7a829f916324968?s=96&r=g","contentUrl":"https:\/\/secure.gravatar.com\/avatar\/734a9bedc494f6dc8377999f4d8a7d95539d24428aae22d6a7a829f916324968?s=96&r=g","caption":"Lutz Lindemann"},"sameAs":["http:\/\/lutzlindemann.com"]}]}},"_links":{"self":[{"href":"https:\/\/blog.swt-sports.de\/index.php\/wp-json\/wp\/v2\/posts\/2221","targetHints":{"allow":["GET"]}}],"collection":[{"href":"https:\/\/blog.swt-sports.de\/index.php\/wp-json\/wp\/v2\/posts"}],"about":[{"href":"https:\/\/blog.swt-sports.de\/index.php\/wp-json\/wp\/v2\/types\/post"}],"author":[{"embeddable":true,"href":"https:\/\/blog.swt-sports.de\/index.php\/wp-json\/wp\/v2\/users\/26194"}],"replies":[{"embeddable":true,"href":"https:\/\/blog.swt-sports.de\/index.php\/wp-json\/wp\/v2\/comments?post=2221"}],"version-history":[{"count":2,"href":"https:\/\/blog.swt-sports.de\/index.php\/wp-json\/wp\/v2\/posts\/2221\/revisions"}],"predecessor-version":[{"id":83126,"href":"https:\/\/blog.swt-sports.de\/index.php\/wp-json\/wp\/v2\/posts\/2221\/revisions\/83126"}],"wp:featuredmedia":[{"embeddable":true,"href":"https:\/\/blog.swt-sports.de\/index.php\/wp-json\/wp\/v2\/media\/2224"}],"wp:attachment":[{"href":"https:\/\/blog.swt-sports.de\/index.php\/wp-json\/wp\/v2\/media?parent=2221"}],"wp:term":[{"taxonomy":"category","embeddable":true,"href":"https:\/\/blog.swt-sports.de\/index.php\/wp-json\/wp\/v2\/categories?post=2221"},{"taxonomy":"post_tag","embeddable":true,"href":"https:\/\/blog.swt-sports.de\/index.php\/wp-json\/wp\/v2\/tags?post=2221"}],"curies":[{"name":"wp","href":"https:\/\/api.w.org\/{rel}","templated":true}]}}