{"id":21,"date":"2013-12-30T05:09:47","date_gmt":"2013-12-30T04:09:47","guid":{"rendered":"http:\/\/blog.swt-sports.de\/?p=21"},"modified":"2020-08-11T19:44:27","modified_gmt":"2020-08-11T18:44:27","slug":"manuel-schad-faehrt-enduro-rennen-auf-einem-alten-bmw-boxer-marke-eigenbau","status":"publish","type":"post","link":"https:\/\/blog.swt-sports.de\/index.php\/manuel-schad-faehrt-enduro-rennen-auf-einem-alten-bmw-boxer-marke-eigenbau\/","title":{"rendered":"Manuel Schad f\u00e4hrt Enduro-Rennen auf einem alten BMW-Boxer Marke Eigenbau"},"content":{"rendered":"<p><iframe src=\"\/\/www.youtube.com\/embed\/lnfLJpJHheE?list=UUtDwVlUIRfD4cFndeJfezew\" width=\"560\" height=\"315\" frameborder=\"0\" allowfullscreen=\"allowfullscreen\"><\/iframe><\/p>\n<p>Nicht nur im Handel mit<strong> BMW Boxer Teilen<\/strong> macht sich <strong>Manuel Schad<\/strong> aus \u00dcchtelhausen stark, nein auch auf der Rennstrecke kann er sich mit seinem Boxer sehen lassen. Mit einer selbst aufgebauten R 75 \/ 6 tritt Manuel gegen <strong>HPN Motorr\u00e4der<\/strong> , Aprilia und ehemalige Honda Transalp oder Africa Twin Modelle an. Auch dort konnte er schon den ein oder andern Pokal f\u00fcr sich einfahren.<\/p>\n<p>Der <a href=\"http:\/\/enduroboxer.blogspot.de\/\"><strong>EnduroBoxer<\/strong><\/a> wurde in seine Firma <a href=\"http:\/\/www.swt-sports.de\/\"><strong>SWT-SPORTS<\/strong> <\/a>aufwendig f\u00fcr sein neues T\u00e4tigkeitfeld umgearbeitet. Auf www. EnduroBoxer.de gibt es viele Informationen \u00fcber den Aufbau der <strong>BMW Motorrad Wettbewerbsenduro<\/strong>. Nichts ist mehr wie es einst aus dem <strong>BMW Motorrad Werk in Berlin<\/strong> gekommen ist. Jeder der zahlreichen Schrauben an dem luftgek\u00fchlten Boxer hat Manuel schon mehrmals in der Hand gehabt.<\/p>\n<p>Er ist stolz auf seinen <strong>LeichtgewichtBoxer<\/strong> und dass sieht man ihm deutlich an.<\/p>\n<p>Die TU Ilmenau hat diesen kurzen Clip \u00fcber Manuel und sein Dickschiff gedreht und zusammengeschnitten. Wir danken den Jungs f\u00fcr die tolle Arbeit\u2026.<\/p>\n","protected":false},"excerpt":{"rendered":"<p>Nicht nur im Handel mit BMW Boxer Teilen macht sich Manuel Schad aus \u00dcchtelhausen stark, nein auch auf der Rennstrecke [&hellip;]<\/p>\n","protected":false},"author":26194,"featured_media":1181,"comment_status":"open","ping_status":"closed","sticky":false,"template":"","format":"standard","meta":{"footnotes":""},"categories":[1302,1307],"tags":[3,4,5,6,8,26,70,361,550],"class_list":["post-21","post","type-post","status-publish","format-standard","has-post-thumbnail","hentry","category-enduroboxer","category-swt-bikes","tag-bmw","tag-boxer","tag-2-ventiler","tag-umbauten","tag-bmw-boxer","tag-enduroboxer","tag-big-twins","tag-hpn-enduro-umbau","tag-enduro-umbau"],"yoast_head":"<!-- This site is optimized with the Yoast SEO plugin v27.5 - https:\/\/yoast.com\/product\/yoast-seo-wordpress\/ -->\n<title>Manuel Schad f\u00e4hrt Enduro-Rennen auf einem alten BMW-Boxer Marke Eigenbau - SWT-SPORTS Blog<\/title>\n<meta name=\"robots\" content=\"index, follow, max-snippet:-1, max-image-preview:large, max-video-preview:-1\" \/>\n<link rel=\"canonical\" href=\"https:\/\/blog.swt-sports.de\/index.php\/manuel-schad-faehrt-enduro-rennen-auf-einem-alten-bmw-boxer-marke-eigenbau\/\" \/>\n<meta property=\"og:locale\" content=\"de_DE\" \/>\n<meta property=\"og:type\" content=\"article\" \/>\n<meta property=\"og:title\" content=\"Manuel Schad f\u00e4hrt Enduro-Rennen auf einem alten BMW-Boxer Marke Eigenbau - SWT-SPORTS Blog\" \/>\n<meta property=\"og:description\" content=\"Nicht nur im Handel mit BMW Boxer Teilen macht sich Manuel Schad aus \u00dcchtelhausen stark, nein auch auf der Rennstrecke [&hellip;]\" \/>\n<meta property=\"og:url\" content=\"https:\/\/blog.swt-sports.de\/index.php\/manuel-schad-faehrt-enduro-rennen-auf-einem-alten-bmw-boxer-marke-eigenbau\/\" \/>\n<meta property=\"og:site_name\" content=\"SWT-SPORTS Blog\" \/>\n<meta property=\"article:publisher\" content=\"https:\/\/www.facebook.com\/\" \/>\n<meta property=\"article:published_time\" content=\"2013-12-30T04:09:47+00:00\" \/>\n<meta property=\"article:modified_time\" content=\"2020-08-11T18:44:27+00:00\" \/>\n<meta property=\"og:image\" content=\"https:\/\/blog.swt-sports.de\/wp-content\/uploads\/2016\/03\/cropped-SWT_Prop_Qua.jpg\" \/>\n\t<meta property=\"og:image:width\" content=\"512\" \/>\n\t<meta property=\"og:image:height\" content=\"512\" \/>\n\t<meta property=\"og:image:type\" content=\"image\/jpeg\" \/>\n<meta name=\"author\" content=\"Lutz Lindemann\" \/>\n<meta name=\"twitter:card\" content=\"summary_large_image\" \/>\n<meta name=\"twitter:creator\" content=\"@swtsports\" \/>\n<meta name=\"twitter:site\" content=\"@swtsports\" \/>\n<meta name=\"twitter:label1\" content=\"Verfasst von\" \/>\n\t<meta name=\"twitter:data1\" content=\"Lutz Lindemann\" \/>\n\t<meta name=\"twitter:label2\" content=\"Gesch\u00e4tzte Lesezeit\" \/>\n\t<meta name=\"twitter:data2\" content=\"1\u00a0Minute\" \/>\n<script type=\"application\/ld+json\" class=\"yoast-schema-graph\">{\"@context\":\"https:\\\/\\\/schema.org\",\"@graph\":[{\"@type\":\"Article\",\"@id\":\"https:\\\/\\\/blog.swt-sports.de\\\/index.php\\\/manuel-schad-faehrt-enduro-rennen-auf-einem-alten-bmw-boxer-marke-eigenbau\\\/#article\",\"isPartOf\":{\"@id\":\"https:\\\/\\\/blog.swt-sports.de\\\/index.php\\\/manuel-schad-faehrt-enduro-rennen-auf-einem-alten-bmw-boxer-marke-eigenbau\\\/\"},\"author\":{\"name\":\"Lutz Lindemann\",\"@id\":\"https:\\\/\\\/blog.swt-sports.de\\\/#\\\/schema\\\/person\\\/b1fb20850ef709b5efbd2510a27b50ec\"},\"headline\":\"Manuel Schad f\u00e4hrt Enduro-Rennen auf einem alten BMW-Boxer Marke Eigenbau\",\"datePublished\":\"2013-12-30T04:09:47+00:00\",\"dateModified\":\"2020-08-11T18:44:27+00:00\",\"mainEntityOfPage\":{\"@id\":\"https:\\\/\\\/blog.swt-sports.de\\\/index.php\\\/manuel-schad-faehrt-enduro-rennen-auf-einem-alten-bmw-boxer-marke-eigenbau\\\/\"},\"wordCount\":173,\"commentCount\":0,\"publisher\":{\"@id\":\"https:\\\/\\\/blog.swt-sports.de\\\/#organization\"},\"image\":{\"@id\":\"https:\\\/\\\/blog.swt-sports.de\\\/index.php\\\/manuel-schad-faehrt-enduro-rennen-auf-einem-alten-bmw-boxer-marke-eigenbau\\\/#primaryimage\"},\"thumbnailUrl\":\"https:\\\/\\\/blog.swt-sports.de\\\/wp-content\\\/uploads\\\/2016\\\/03\\\/cropped-SWT_Prop_Qua.jpg\",\"keywords\":[\"BMW\",\"Boxer\",\"2-Ventiler\",\"Umbauten\",\"BMW Boxer\",\"EnduroBoxer\",\"Big Twins\",\"HPN Enduro Umbau\",\"Enduro Umbau\"],\"articleSection\":[\"Enduroboxer\",\"SWT Bikes\"],\"inLanguage\":\"de\",\"potentialAction\":[{\"@type\":\"CommentAction\",\"name\":\"Comment\",\"target\":[\"https:\\\/\\\/blog.swt-sports.de\\\/index.php\\\/manuel-schad-faehrt-enduro-rennen-auf-einem-alten-bmw-boxer-marke-eigenbau\\\/#respond\"]}]},{\"@type\":\"WebPage\",\"@id\":\"https:\\\/\\\/blog.swt-sports.de\\\/index.php\\\/manuel-schad-faehrt-enduro-rennen-auf-einem-alten-bmw-boxer-marke-eigenbau\\\/\",\"url\":\"https:\\\/\\\/blog.swt-sports.de\\\/index.php\\\/manuel-schad-faehrt-enduro-rennen-auf-einem-alten-bmw-boxer-marke-eigenbau\\\/\",\"name\":\"Manuel Schad f\u00e4hrt Enduro-Rennen auf einem alten BMW-Boxer Marke Eigenbau - SWT-SPORTS Blog\",\"isPartOf\":{\"@id\":\"https:\\\/\\\/blog.swt-sports.de\\\/#website\"},\"primaryImageOfPage\":{\"@id\":\"https:\\\/\\\/blog.swt-sports.de\\\/index.php\\\/manuel-schad-faehrt-enduro-rennen-auf-einem-alten-bmw-boxer-marke-eigenbau\\\/#primaryimage\"},\"image\":{\"@id\":\"https:\\\/\\\/blog.swt-sports.de\\\/index.php\\\/manuel-schad-faehrt-enduro-rennen-auf-einem-alten-bmw-boxer-marke-eigenbau\\\/#primaryimage\"},\"thumbnailUrl\":\"https:\\\/\\\/blog.swt-sports.de\\\/wp-content\\\/uploads\\\/2016\\\/03\\\/cropped-SWT_Prop_Qua.jpg\",\"datePublished\":\"2013-12-30T04:09:47+00:00\",\"dateModified\":\"2020-08-11T18:44:27+00:00\",\"breadcrumb\":{\"@id\":\"https:\\\/\\\/blog.swt-sports.de\\\/index.php\\\/manuel-schad-faehrt-enduro-rennen-auf-einem-alten-bmw-boxer-marke-eigenbau\\\/#breadcrumb\"},\"inLanguage\":\"de\",\"potentialAction\":[{\"@type\":\"ReadAction\",\"target\":[\"https:\\\/\\\/blog.swt-sports.de\\\/index.php\\\/manuel-schad-faehrt-enduro-rennen-auf-einem-alten-bmw-boxer-marke-eigenbau\\\/\"]}]},{\"@type\":\"ImageObject\",\"inLanguage\":\"de\",\"@id\":\"https:\\\/\\\/blog.swt-sports.de\\\/index.php\\\/manuel-schad-faehrt-enduro-rennen-auf-einem-alten-bmw-boxer-marke-eigenbau\\\/#primaryimage\",\"url\":\"https:\\\/\\\/blog.swt-sports.de\\\/wp-content\\\/uploads\\\/2016\\\/03\\\/cropped-SWT_Prop_Qua.jpg\",\"contentUrl\":\"https:\\\/\\\/blog.swt-sports.de\\\/wp-content\\\/uploads\\\/2016\\\/03\\\/cropped-SWT_Prop_Qua.jpg\",\"width\":512,\"height\":512},{\"@type\":\"BreadcrumbList\",\"@id\":\"https:\\\/\\\/blog.swt-sports.de\\\/index.php\\\/manuel-schad-faehrt-enduro-rennen-auf-einem-alten-bmw-boxer-marke-eigenbau\\\/#breadcrumb\",\"itemListElement\":[{\"@type\":\"ListItem\",\"position\":1,\"name\":\"Startseite\",\"item\":\"https:\\\/\\\/blog.swt-sports.de\\\/\"},{\"@type\":\"ListItem\",\"position\":2,\"name\":\"Manuel Schad f\u00e4hrt Enduro-Rennen auf einem alten BMW-Boxer Marke Eigenbau\"}]},{\"@type\":\"WebSite\",\"@id\":\"https:\\\/\\\/blog.swt-sports.de\\\/#website\",\"url\":\"https:\\\/\\\/blog.swt-sports.de\\\/\",\"name\":\"SWT-SPORTS Blog\",\"description\":\"BMW Motorrad | 2-Ventiler | R80 \\\/ R100GS G\\\/S | Paris Dakar | BMW-Boxer\",\"publisher\":{\"@id\":\"https:\\\/\\\/blog.swt-sports.de\\\/#organization\"},\"potentialAction\":[{\"@type\":\"SearchAction\",\"target\":{\"@type\":\"EntryPoint\",\"urlTemplate\":\"https:\\\/\\\/blog.swt-sports.de\\\/?s={search_term_string}\"},\"query-input\":{\"@type\":\"PropertyValueSpecification\",\"valueRequired\":true,\"valueName\":\"search_term_string\"}}],\"inLanguage\":\"de\"},{\"@type\":\"Organization\",\"@id\":\"https:\\\/\\\/blog.swt-sports.de\\\/#organization\",\"name\":\"SWT Sports\",\"url\":\"https:\\\/\\\/blog.swt-sports.de\\\/\",\"logo\":{\"@type\":\"ImageObject\",\"inLanguage\":\"de\",\"@id\":\"https:\\\/\\\/blog.swt-sports.de\\\/#\\\/schema\\\/logo\\\/image\\\/\",\"url\":\"https:\\\/\\\/blog.swt-sports.de\\\/wp-content\\\/uploads\\\/2020\\\/08\\\/swt_sports_logo.svg\",\"contentUrl\":\"https:\\\/\\\/blog.swt-sports.de\\\/wp-content\\\/uploads\\\/2020\\\/08\\\/swt_sports_logo.svg\",\"width\":306,\"height\":247,\"caption\":\"SWT Sports\"},\"image\":{\"@id\":\"https:\\\/\\\/blog.swt-sports.de\\\/#\\\/schema\\\/logo\\\/image\\\/\"},\"sameAs\":[\"https:\\\/\\\/www.facebook.com\\\/\",\"https:\\\/\\\/x.com\\\/swtsports\",\"https:\\\/\\\/www.instagram.com\\\/swt_sports\\\/\",\"https:\\\/\\\/www.youtube.com\\\/user\\\/SWTsports\"]},{\"@type\":\"Person\",\"@id\":\"https:\\\/\\\/blog.swt-sports.de\\\/#\\\/schema\\\/person\\\/b1fb20850ef709b5efbd2510a27b50ec\",\"name\":\"Lutz Lindemann\",\"image\":{\"@type\":\"ImageObject\",\"inLanguage\":\"de\",\"@id\":\"https:\\\/\\\/secure.gravatar.com\\\/avatar\\\/734a9bedc494f6dc8377999f4d8a7d95539d24428aae22d6a7a829f916324968?s=96&r=g\",\"url\":\"https:\\\/\\\/secure.gravatar.com\\\/avatar\\\/734a9bedc494f6dc8377999f4d8a7d95539d24428aae22d6a7a829f916324968?s=96&r=g\",\"contentUrl\":\"https:\\\/\\\/secure.gravatar.com\\\/avatar\\\/734a9bedc494f6dc8377999f4d8a7d95539d24428aae22d6a7a829f916324968?s=96&r=g\",\"caption\":\"Lutz Lindemann\"},\"sameAs\":[\"http:\\\/\\\/lutzlindemann.com\"]}]}<\/script>\n<!-- \/ Yoast SEO plugin. -->","yoast_head_json":{"title":"Manuel Schad f\u00e4hrt Enduro-Rennen auf einem alten BMW-Boxer Marke Eigenbau - SWT-SPORTS Blog","robots":{"index":"index","follow":"follow","max-snippet":"max-snippet:-1","max-image-preview":"max-image-preview:large","max-video-preview":"max-video-preview:-1"},"canonical":"https:\/\/blog.swt-sports.de\/index.php\/manuel-schad-faehrt-enduro-rennen-auf-einem-alten-bmw-boxer-marke-eigenbau\/","og_locale":"de_DE","og_type":"article","og_title":"Manuel Schad f\u00e4hrt Enduro-Rennen auf einem alten BMW-Boxer Marke Eigenbau - SWT-SPORTS Blog","og_description":"Nicht nur im Handel mit BMW Boxer Teilen macht sich Manuel Schad aus \u00dcchtelhausen stark, nein auch auf der Rennstrecke [&hellip;]","og_url":"https:\/\/blog.swt-sports.de\/index.php\/manuel-schad-faehrt-enduro-rennen-auf-einem-alten-bmw-boxer-marke-eigenbau\/","og_site_name":"SWT-SPORTS Blog","article_publisher":"https:\/\/www.facebook.com\/","article_published_time":"2013-12-30T04:09:47+00:00","article_modified_time":"2020-08-11T18:44:27+00:00","og_image":[{"width":512,"height":512,"url":"https:\/\/blog.swt-sports.de\/wp-content\/uploads\/2016\/03\/cropped-SWT_Prop_Qua.jpg","type":"image\/jpeg"}],"author":"Lutz Lindemann","twitter_card":"summary_large_image","twitter_creator":"@swtsports","twitter_site":"@swtsports","twitter_misc":{"Verfasst von":"Lutz Lindemann","Gesch\u00e4tzte Lesezeit":"1\u00a0Minute"},"schema":{"@context":"https:\/\/schema.org","@graph":[{"@type":"Article","@id":"https:\/\/blog.swt-sports.de\/index.php\/manuel-schad-faehrt-enduro-rennen-auf-einem-alten-bmw-boxer-marke-eigenbau\/#article","isPartOf":{"@id":"https:\/\/blog.swt-sports.de\/index.php\/manuel-schad-faehrt-enduro-rennen-auf-einem-alten-bmw-boxer-marke-eigenbau\/"},"author":{"name":"Lutz Lindemann","@id":"https:\/\/blog.swt-sports.de\/#\/schema\/person\/b1fb20850ef709b5efbd2510a27b50ec"},"headline":"Manuel Schad f\u00e4hrt Enduro-Rennen auf einem alten BMW-Boxer Marke Eigenbau","datePublished":"2013-12-30T04:09:47+00:00","dateModified":"2020-08-11T18:44:27+00:00","mainEntityOfPage":{"@id":"https:\/\/blog.swt-sports.de\/index.php\/manuel-schad-faehrt-enduro-rennen-auf-einem-alten-bmw-boxer-marke-eigenbau\/"},"wordCount":173,"commentCount":0,"publisher":{"@id":"https:\/\/blog.swt-sports.de\/#organization"},"image":{"@id":"https:\/\/blog.swt-sports.de\/index.php\/manuel-schad-faehrt-enduro-rennen-auf-einem-alten-bmw-boxer-marke-eigenbau\/#primaryimage"},"thumbnailUrl":"https:\/\/blog.swt-sports.de\/wp-content\/uploads\/2016\/03\/cropped-SWT_Prop_Qua.jpg","keywords":["BMW","Boxer","2-Ventiler","Umbauten","BMW Boxer","EnduroBoxer","Big Twins","HPN Enduro Umbau","Enduro Umbau"],"articleSection":["Enduroboxer","SWT Bikes"],"inLanguage":"de","potentialAction":[{"@type":"CommentAction","name":"Comment","target":["https:\/\/blog.swt-sports.de\/index.php\/manuel-schad-faehrt-enduro-rennen-auf-einem-alten-bmw-boxer-marke-eigenbau\/#respond"]}]},{"@type":"WebPage","@id":"https:\/\/blog.swt-sports.de\/index.php\/manuel-schad-faehrt-enduro-rennen-auf-einem-alten-bmw-boxer-marke-eigenbau\/","url":"https:\/\/blog.swt-sports.de\/index.php\/manuel-schad-faehrt-enduro-rennen-auf-einem-alten-bmw-boxer-marke-eigenbau\/","name":"Manuel Schad f\u00e4hrt Enduro-Rennen auf einem alten BMW-Boxer Marke Eigenbau - SWT-SPORTS Blog","isPartOf":{"@id":"https:\/\/blog.swt-sports.de\/#website"},"primaryImageOfPage":{"@id":"https:\/\/blog.swt-sports.de\/index.php\/manuel-schad-faehrt-enduro-rennen-auf-einem-alten-bmw-boxer-marke-eigenbau\/#primaryimage"},"image":{"@id":"https:\/\/blog.swt-sports.de\/index.php\/manuel-schad-faehrt-enduro-rennen-auf-einem-alten-bmw-boxer-marke-eigenbau\/#primaryimage"},"thumbnailUrl":"https:\/\/blog.swt-sports.de\/wp-content\/uploads\/2016\/03\/cropped-SWT_Prop_Qua.jpg","datePublished":"2013-12-30T04:09:47+00:00","dateModified":"2020-08-11T18:44:27+00:00","breadcrumb":{"@id":"https:\/\/blog.swt-sports.de\/index.php\/manuel-schad-faehrt-enduro-rennen-auf-einem-alten-bmw-boxer-marke-eigenbau\/#breadcrumb"},"inLanguage":"de","potentialAction":[{"@type":"ReadAction","target":["https:\/\/blog.swt-sports.de\/index.php\/manuel-schad-faehrt-enduro-rennen-auf-einem-alten-bmw-boxer-marke-eigenbau\/"]}]},{"@type":"ImageObject","inLanguage":"de","@id":"https:\/\/blog.swt-sports.de\/index.php\/manuel-schad-faehrt-enduro-rennen-auf-einem-alten-bmw-boxer-marke-eigenbau\/#primaryimage","url":"https:\/\/blog.swt-sports.de\/wp-content\/uploads\/2016\/03\/cropped-SWT_Prop_Qua.jpg","contentUrl":"https:\/\/blog.swt-sports.de\/wp-content\/uploads\/2016\/03\/cropped-SWT_Prop_Qua.jpg","width":512,"height":512},{"@type":"BreadcrumbList","@id":"https:\/\/blog.swt-sports.de\/index.php\/manuel-schad-faehrt-enduro-rennen-auf-einem-alten-bmw-boxer-marke-eigenbau\/#breadcrumb","itemListElement":[{"@type":"ListItem","position":1,"name":"Startseite","item":"https:\/\/blog.swt-sports.de\/"},{"@type":"ListItem","position":2,"name":"Manuel Schad f\u00e4hrt Enduro-Rennen auf einem alten BMW-Boxer Marke Eigenbau"}]},{"@type":"WebSite","@id":"https:\/\/blog.swt-sports.de\/#website","url":"https:\/\/blog.swt-sports.de\/","name":"SWT-SPORTS Blog","description":"BMW Motorrad | 2-Ventiler | R80 \/ R100GS G\/S | Paris Dakar | BMW-Boxer","publisher":{"@id":"https:\/\/blog.swt-sports.de\/#organization"},"potentialAction":[{"@type":"SearchAction","target":{"@type":"EntryPoint","urlTemplate":"https:\/\/blog.swt-sports.de\/?s={search_term_string}"},"query-input":{"@type":"PropertyValueSpecification","valueRequired":true,"valueName":"search_term_string"}}],"inLanguage":"de"},{"@type":"Organization","@id":"https:\/\/blog.swt-sports.de\/#organization","name":"SWT Sports","url":"https:\/\/blog.swt-sports.de\/","logo":{"@type":"ImageObject","inLanguage":"de","@id":"https:\/\/blog.swt-sports.de\/#\/schema\/logo\/image\/","url":"https:\/\/blog.swt-sports.de\/wp-content\/uploads\/2020\/08\/swt_sports_logo.svg","contentUrl":"https:\/\/blog.swt-sports.de\/wp-content\/uploads\/2020\/08\/swt_sports_logo.svg","width":306,"height":247,"caption":"SWT Sports"},"image":{"@id":"https:\/\/blog.swt-sports.de\/#\/schema\/logo\/image\/"},"sameAs":["https:\/\/www.facebook.com\/","https:\/\/x.com\/swtsports","https:\/\/www.instagram.com\/swt_sports\/","https:\/\/www.youtube.com\/user\/SWTsports"]},{"@type":"Person","@id":"https:\/\/blog.swt-sports.de\/#\/schema\/person\/b1fb20850ef709b5efbd2510a27b50ec","name":"Lutz Lindemann","image":{"@type":"ImageObject","inLanguage":"de","@id":"https:\/\/secure.gravatar.com\/avatar\/734a9bedc494f6dc8377999f4d8a7d95539d24428aae22d6a7a829f916324968?s=96&r=g","url":"https:\/\/secure.gravatar.com\/avatar\/734a9bedc494f6dc8377999f4d8a7d95539d24428aae22d6a7a829f916324968?s=96&r=g","contentUrl":"https:\/\/secure.gravatar.com\/avatar\/734a9bedc494f6dc8377999f4d8a7d95539d24428aae22d6a7a829f916324968?s=96&r=g","caption":"Lutz Lindemann"},"sameAs":["http:\/\/lutzlindemann.com"]}]}},"_links":{"self":[{"href":"https:\/\/blog.swt-sports.de\/index.php\/wp-json\/wp\/v2\/posts\/21","targetHints":{"allow":["GET"]}}],"collection":[{"href":"https:\/\/blog.swt-sports.de\/index.php\/wp-json\/wp\/v2\/posts"}],"about":[{"href":"https:\/\/blog.swt-sports.de\/index.php\/wp-json\/wp\/v2\/types\/post"}],"author":[{"embeddable":true,"href":"https:\/\/blog.swt-sports.de\/index.php\/wp-json\/wp\/v2\/users\/26194"}],"replies":[{"embeddable":true,"href":"https:\/\/blog.swt-sports.de\/index.php\/wp-json\/wp\/v2\/comments?post=21"}],"version-history":[{"count":3,"href":"https:\/\/blog.swt-sports.de\/index.php\/wp-json\/wp\/v2\/posts\/21\/revisions"}],"predecessor-version":[{"id":1280,"href":"https:\/\/blog.swt-sports.de\/index.php\/wp-json\/wp\/v2\/posts\/21\/revisions\/1280"}],"wp:featuredmedia":[{"embeddable":true,"href":"https:\/\/blog.swt-sports.de\/index.php\/wp-json\/wp\/v2\/media\/1181"}],"wp:attachment":[{"href":"https:\/\/blog.swt-sports.de\/index.php\/wp-json\/wp\/v2\/media?parent=21"}],"wp:term":[{"taxonomy":"category","embeddable":true,"href":"https:\/\/blog.swt-sports.de\/index.php\/wp-json\/wp\/v2\/categories?post=21"},{"taxonomy":"post_tag","embeddable":true,"href":"https:\/\/blog.swt-sports.de\/index.php\/wp-json\/wp\/v2\/tags?post=21"}],"curies":[{"name":"wp","href":"https:\/\/api.w.org\/{rel}","templated":true}]}}