{"id":180,"date":"2014-03-09T20:15:37","date_gmt":"2014-03-09T19:15:37","guid":{"rendered":"http:\/\/blog.swt-sports.de\/?p=180"},"modified":"2020-08-11T19:48:10","modified_gmt":"2020-08-11T18:48:10","slug":"unsere-bmw-bei-der-dmv-mitgliederversammlung-in-gefrees","status":"publish","type":"post","link":"https:\/\/blog.swt-sports.de\/index.php\/unsere-bmw-bei-der-dmv-mitgliederversammlung-in-gefrees\/","title":{"rendered":"Unsere BMW bei der DMV Mitgliederversammlung in Gefrees"},"content":{"rendered":"<figure id=\"attachment_186\" aria-describedby=\"caption-attachment-186\" style=\"width: 300px\" class=\"wp-caption aligncenter\"><a href=\"http:\/\/www.dmv-motorsport.de\"><img decoding=\"async\" class=\"size-medium wp-image-186 \" title=\"Stadthalle Gefrees\" src=\"http:\/\/blog.swt-sports.de\/wp-content\/uploads\/2014\/03\/DSCN0067-300x187.jpg\" alt=\"Gefreeser Stadthalle\" width=\"300\" height=\"187\" srcset=\"https:\/\/blog.swt-sports.de\/wp-content\/uploads\/2014\/03\/DSCN0067-300x187.jpg 300w, https:\/\/blog.swt-sports.de\/wp-content\/uploads\/2014\/03\/DSCN0067-1024x640.jpg 1024w, https:\/\/blog.swt-sports.de\/wp-content\/uploads\/2014\/03\/DSCN0067.jpg 1200w\" sizes=\"(max-width: 300px) 100vw, 300px\" \/><\/a><figcaption id=\"caption-attachment-186\" class=\"wp-caption-text\">In der Stadthalle Gefrees fand die diesj\u00e4hrige Mitgliederversammlung des DMV statt<\/figcaption><\/figure>\n<p>An diesem Wochenende fand die <strong>Hauptversammlung<\/strong> des <strong>Deutschen Motorsport Verbandes<\/strong> in Gefrees im Fichtelgebirge statt.<\/p>\n<figure style=\"width: 300px\" class=\"wp-caption aligncenter\"><a href=\"http:\/\/blog.swt-sports.de\/wp-content\/uploads\/2014\/03\/DSCN0058.jpg\"><img decoding=\"async\" title=\"Renngespann von Northon\" src=\"http:\/\/blog.swt-sports.de\/wp-content\/uploads\/2014\/03\/DSCN0058-300x220.jpg\" alt=\"Englisches Renngespann\" width=\"300\" height=\"220\" \/><\/a><figcaption class=\"wp-caption-text\">Auch ein sch\u00f6nes Renngespann ziert die Eingangshalle<\/figcaption><\/figure>\n<figure style=\"width: 300px\" class=\"wp-caption aligncenter\"><a href=\"http:\/\/blog.swt-sports.de\/wp-content\/uploads\/2014\/03\/DSCN0061.jpg\"><img decoding=\"async\" title=\"Stra\u00dfensport Gespann\" src=\"http:\/\/blog.swt-sports.de\/wp-content\/uploads\/2014\/03\/DSCN0061-300x207.jpg\" alt=\"Gespann f\u00fcr den Stra\u00dfensport \" width=\"300\" height=\"207\" \/><\/a><figcaption class=\"wp-caption-text\">Norton Gespann f\u00fcr Klassikstra\u00dfensport<\/figcaption><\/figure>\n<p>Im oberfr\u00e4nkischem Gefrees entstand im Jahre 1953 der MSC Gefrees-Fichtelgebirge, der bis heute mit drei Deutschen Enduro-Meisterschaftsl\u00e4ufen und sp\u00e4ter mit drei Trial-Europa- und zw\u00f6lf Trial-Weltmeisterschaftsl\u00e4ufen ein aktiver Verein im Motorrad-Gel\u00e4ndesport ist.<\/p>\n<p>Am Sonntag Morgen ab 10:00 Uhr fand in der Stadthalle Gefrees dann die Jahreshauptversammlung statt. Bei der Mitgliederversammlung des DMV ist jedes einzelne Mitglied erw\u00fcnscht.<\/p>\n<figure style=\"width: 300px\" class=\"wp-caption aligncenter\"><a href=\"http:\/\/www.swt-sports.de\"><img decoding=\"async\" title=\"BMW SWT-SPORTS Wettbewerbsmaschine\" src=\"http:\/\/blog.swt-sports.de\/wp-content\/uploads\/2014\/03\/DSC_3802-300x232.jpg\" alt=\"SWT-BMW die Siegermaschine der IGE Klasse 4\" width=\"300\" height=\"232\" \/><\/a><figcaption class=\"wp-caption-text\">Gel\u00e4nde Boxer von<a href=\"http:\/\/www.SWT-SPORTS.com\"> SWT-SPORTS<\/a> im Wettbewerbstrimm<\/figcaption><\/figure>\n<figure style=\"width: 300px\" class=\"wp-caption aligncenter\"><a href=\"http:\/\/blog.swt-sports.de\/wp-content\/uploads\/2014\/03\/DSCN0060.jpg\"><img decoding=\"async\" title=\"Hercules Sixdays Maschine von 1973\" src=\"http:\/\/blog.swt-sports.de\/wp-content\/uploads\/2014\/03\/DSCN0060-300x220.jpg\" alt=\"Six Days Maschine von Hercules \" width=\"300\" height=\"220\" \/><\/a><figcaption class=\"wp-caption-text\">Hercules von Karl Reichel die f\u00fcr die BRD 1973 an den Six Days in den USA erfolgreich teilnahm<\/figcaption><\/figure>\n<p>Wir hatten die Ehre, dass die <a title=\"Umbau einer BMW R 75\/6 zur Wettbewerbsmaschine\" href=\"http:\/\/www.EnduroBoxer.de\"><strong>SWT-SPORTS Wettbewerbs- BMW<\/strong><\/a> in diesem Jahr den Eingangsbereich zieren durfte. Die Meisterschaftsmaschine 2013 basiert auf\u00a0 eine BMW R 75 \/ 6\u00a0 Baujahr 1976 .\u00a0 Zu diesem Anlass wurden noch mehrere Fahrzeuge ins Fichtelgebirge gebracht. Auch eine ehemalige Werksmaschine von <strong>HERCULES<\/strong>\u00a0 aus dem Jahre 1973 mit 125 ccm, die auch mal an den<strong> SIX DAYS<\/strong> in den USA eine Goldmedaille errang stand, im Vorraum und durfte von den Besuchern bewundert werden. Der DMV engagiert sich erfolgreich\u00a0 in Sachen Motorsport seit \u00fcber 90 Jahren.<\/p>\n<figure style=\"width: 300px\" class=\"wp-caption aligncenter\"><a href=\"http:\/\/www.dmv-motorsport.de\"><img decoding=\"async\" title=\"Stark im Motorsport - der DMV\" src=\"http:\/\/blog.swt-sports.de\/wp-content\/uploads\/2014\/03\/DSCN0065-300x275.jpg\" alt=\"Banner des DMV und MSJ\" width=\"300\" height=\"275\" \/><\/a><figcaption class=\"wp-caption-text\">Seit \u00fcber 90 Jahren stark im Motorsport<\/figcaption><\/figure>\n","protected":false},"excerpt":{"rendered":"<p>An diesem Wochenende fand die Hauptversammlung des Deutschen Motorsport Verbandes in Gefrees im Fichtelgebirge statt. Im oberfr\u00e4nkischem Gefrees entstand im [&hellip;]<\/p>\n","protected":false},"author":26194,"featured_media":0,"comment_status":"open","ping_status":"closed","sticky":false,"template":"","format":"standard","meta":{"footnotes":""},"categories":[1306,1307],"tags":[3,34,35,36,585,586],"class_list":["post-180","post","type-post","status-publish","format-standard","hentry","category-events","category-swt-bikes","tag-bmw","tag-dmv-mitglieder-versammlung","tag-wettbewerbsmaschine","tag-swt-sports-bmw","tag-dmv-gefrees","tag-dmv-haupversammlung"],"yoast_head":"<!-- This site is optimized with the Yoast SEO plugin v27.5 - https:\/\/yoast.com\/product\/yoast-seo-wordpress\/ -->\n<title>Unsere BMW bei der DMV Mitgliederversammlung in Gefrees - SWT-SPORTS Blog<\/title>\n<meta name=\"robots\" content=\"index, follow, max-snippet:-1, max-image-preview:large, max-video-preview:-1\" \/>\n<link rel=\"canonical\" href=\"https:\/\/blog.swt-sports.de\/index.php\/unsere-bmw-bei-der-dmv-mitgliederversammlung-in-gefrees\/\" \/>\n<meta property=\"og:locale\" content=\"de_DE\" \/>\n<meta property=\"og:type\" content=\"article\" \/>\n<meta property=\"og:title\" content=\"Unsere BMW bei der DMV Mitgliederversammlung in Gefrees - SWT-SPORTS Blog\" \/>\n<meta property=\"og:description\" content=\"An diesem Wochenende fand die Hauptversammlung des Deutschen Motorsport Verbandes in Gefrees im Fichtelgebirge statt. Im oberfr\u00e4nkischem Gefrees entstand im [&hellip;]\" \/>\n<meta property=\"og:url\" content=\"https:\/\/blog.swt-sports.de\/index.php\/unsere-bmw-bei-der-dmv-mitgliederversammlung-in-gefrees\/\" \/>\n<meta property=\"og:site_name\" content=\"SWT-SPORTS Blog\" \/>\n<meta property=\"article:publisher\" content=\"https:\/\/www.facebook.com\/\" \/>\n<meta property=\"article:published_time\" content=\"2014-03-09T19:15:37+00:00\" \/>\n<meta property=\"article:modified_time\" content=\"2020-08-11T18:48:10+00:00\" \/>\n<meta property=\"og:image\" content=\"http:\/\/blog.swt-sports.de\/wp-content\/uploads\/2014\/03\/DSCN0067-300x187.jpg\" \/>\n<meta name=\"author\" content=\"Lutz Lindemann\" \/>\n<meta name=\"twitter:card\" content=\"summary_large_image\" \/>\n<meta name=\"twitter:creator\" content=\"@swtsports\" \/>\n<meta name=\"twitter:site\" content=\"@swtsports\" \/>\n<meta name=\"twitter:label1\" content=\"Verfasst von\" \/>\n\t<meta name=\"twitter:data1\" content=\"Lutz Lindemann\" \/>\n\t<meta name=\"twitter:label2\" content=\"Gesch\u00e4tzte Lesezeit\" \/>\n\t<meta name=\"twitter:data2\" content=\"1\u00a0Minute\" \/>\n<script type=\"application\/ld+json\" class=\"yoast-schema-graph\">{\"@context\":\"https:\\\/\\\/schema.org\",\"@graph\":[{\"@type\":\"Article\",\"@id\":\"https:\\\/\\\/blog.swt-sports.de\\\/index.php\\\/unsere-bmw-bei-der-dmv-mitgliederversammlung-in-gefrees\\\/#article\",\"isPartOf\":{\"@id\":\"https:\\\/\\\/blog.swt-sports.de\\\/index.php\\\/unsere-bmw-bei-der-dmv-mitgliederversammlung-in-gefrees\\\/\"},\"author\":{\"name\":\"Lutz Lindemann\",\"@id\":\"https:\\\/\\\/blog.swt-sports.de\\\/#\\\/schema\\\/person\\\/b1fb20850ef709b5efbd2510a27b50ec\"},\"headline\":\"Unsere BMW bei der DMV Mitgliederversammlung in Gefrees\",\"datePublished\":\"2014-03-09T19:15:37+00:00\",\"dateModified\":\"2020-08-11T18:48:10+00:00\",\"mainEntityOfPage\":{\"@id\":\"https:\\\/\\\/blog.swt-sports.de\\\/index.php\\\/unsere-bmw-bei-der-dmv-mitgliederversammlung-in-gefrees\\\/\"},\"wordCount\":257,\"commentCount\":1,\"publisher\":{\"@id\":\"https:\\\/\\\/blog.swt-sports.de\\\/#organization\"},\"image\":{\"@id\":\"https:\\\/\\\/blog.swt-sports.de\\\/index.php\\\/unsere-bmw-bei-der-dmv-mitgliederversammlung-in-gefrees\\\/#primaryimage\"},\"thumbnailUrl\":\"http:\\\/\\\/blog.swt-sports.de\\\/wp-content\\\/uploads\\\/2014\\\/03\\\/DSCN0067-300x187.jpg\",\"keywords\":[\"BMW\",\"DMV Mitglieder Versammlung\",\"Wettbewerbsmaschine\",\"SWT-SPORTS BMW\",\"DMV Gefrees\",\"DMV Haupversammlung\"],\"articleSection\":[\"Events\",\"SWT Bikes\"],\"inLanguage\":\"de\",\"potentialAction\":[{\"@type\":\"CommentAction\",\"name\":\"Comment\",\"target\":[\"https:\\\/\\\/blog.swt-sports.de\\\/index.php\\\/unsere-bmw-bei-der-dmv-mitgliederversammlung-in-gefrees\\\/#respond\"]}]},{\"@type\":\"WebPage\",\"@id\":\"https:\\\/\\\/blog.swt-sports.de\\\/index.php\\\/unsere-bmw-bei-der-dmv-mitgliederversammlung-in-gefrees\\\/\",\"url\":\"https:\\\/\\\/blog.swt-sports.de\\\/index.php\\\/unsere-bmw-bei-der-dmv-mitgliederversammlung-in-gefrees\\\/\",\"name\":\"Unsere BMW bei der DMV Mitgliederversammlung in Gefrees - SWT-SPORTS Blog\",\"isPartOf\":{\"@id\":\"https:\\\/\\\/blog.swt-sports.de\\\/#website\"},\"primaryImageOfPage\":{\"@id\":\"https:\\\/\\\/blog.swt-sports.de\\\/index.php\\\/unsere-bmw-bei-der-dmv-mitgliederversammlung-in-gefrees\\\/#primaryimage\"},\"image\":{\"@id\":\"https:\\\/\\\/blog.swt-sports.de\\\/index.php\\\/unsere-bmw-bei-der-dmv-mitgliederversammlung-in-gefrees\\\/#primaryimage\"},\"thumbnailUrl\":\"http:\\\/\\\/blog.swt-sports.de\\\/wp-content\\\/uploads\\\/2014\\\/03\\\/DSCN0067-300x187.jpg\",\"datePublished\":\"2014-03-09T19:15:37+00:00\",\"dateModified\":\"2020-08-11T18:48:10+00:00\",\"breadcrumb\":{\"@id\":\"https:\\\/\\\/blog.swt-sports.de\\\/index.php\\\/unsere-bmw-bei-der-dmv-mitgliederversammlung-in-gefrees\\\/#breadcrumb\"},\"inLanguage\":\"de\",\"potentialAction\":[{\"@type\":\"ReadAction\",\"target\":[\"https:\\\/\\\/blog.swt-sports.de\\\/index.php\\\/unsere-bmw-bei-der-dmv-mitgliederversammlung-in-gefrees\\\/\"]}]},{\"@type\":\"ImageObject\",\"inLanguage\":\"de\",\"@id\":\"https:\\\/\\\/blog.swt-sports.de\\\/index.php\\\/unsere-bmw-bei-der-dmv-mitgliederversammlung-in-gefrees\\\/#primaryimage\",\"url\":\"https:\\\/\\\/blog.swt-sports.de\\\/wp-content\\\/uploads\\\/2014\\\/03\\\/DSCN0067.jpg\",\"contentUrl\":\"https:\\\/\\\/blog.swt-sports.de\\\/wp-content\\\/uploads\\\/2014\\\/03\\\/DSCN0067.jpg\",\"width\":1200,\"height\":750,\"caption\":\"Stadthalle Gefrees\"},{\"@type\":\"BreadcrumbList\",\"@id\":\"https:\\\/\\\/blog.swt-sports.de\\\/index.php\\\/unsere-bmw-bei-der-dmv-mitgliederversammlung-in-gefrees\\\/#breadcrumb\",\"itemListElement\":[{\"@type\":\"ListItem\",\"position\":1,\"name\":\"Startseite\",\"item\":\"https:\\\/\\\/blog.swt-sports.de\\\/\"},{\"@type\":\"ListItem\",\"position\":2,\"name\":\"Unsere BMW bei der DMV Mitgliederversammlung in Gefrees\"}]},{\"@type\":\"WebSite\",\"@id\":\"https:\\\/\\\/blog.swt-sports.de\\\/#website\",\"url\":\"https:\\\/\\\/blog.swt-sports.de\\\/\",\"name\":\"SWT-SPORTS Blog\",\"description\":\"BMW Motorrad | 2-Ventiler | R80 \\\/ R100GS G\\\/S | Paris Dakar | BMW-Boxer\",\"publisher\":{\"@id\":\"https:\\\/\\\/blog.swt-sports.de\\\/#organization\"},\"potentialAction\":[{\"@type\":\"SearchAction\",\"target\":{\"@type\":\"EntryPoint\",\"urlTemplate\":\"https:\\\/\\\/blog.swt-sports.de\\\/?s={search_term_string}\"},\"query-input\":{\"@type\":\"PropertyValueSpecification\",\"valueRequired\":true,\"valueName\":\"search_term_string\"}}],\"inLanguage\":\"de\"},{\"@type\":\"Organization\",\"@id\":\"https:\\\/\\\/blog.swt-sports.de\\\/#organization\",\"name\":\"SWT Sports\",\"url\":\"https:\\\/\\\/blog.swt-sports.de\\\/\",\"logo\":{\"@type\":\"ImageObject\",\"inLanguage\":\"de\",\"@id\":\"https:\\\/\\\/blog.swt-sports.de\\\/#\\\/schema\\\/logo\\\/image\\\/\",\"url\":\"https:\\\/\\\/blog.swt-sports.de\\\/wp-content\\\/uploads\\\/2020\\\/08\\\/swt_sports_logo.svg\",\"contentUrl\":\"https:\\\/\\\/blog.swt-sports.de\\\/wp-content\\\/uploads\\\/2020\\\/08\\\/swt_sports_logo.svg\",\"width\":306,\"height\":247,\"caption\":\"SWT Sports\"},\"image\":{\"@id\":\"https:\\\/\\\/blog.swt-sports.de\\\/#\\\/schema\\\/logo\\\/image\\\/\"},\"sameAs\":[\"https:\\\/\\\/www.facebook.com\\\/\",\"https:\\\/\\\/x.com\\\/swtsports\",\"https:\\\/\\\/www.instagram.com\\\/swt_sports\\\/\",\"https:\\\/\\\/www.youtube.com\\\/user\\\/SWTsports\"]},{\"@type\":\"Person\",\"@id\":\"https:\\\/\\\/blog.swt-sports.de\\\/#\\\/schema\\\/person\\\/b1fb20850ef709b5efbd2510a27b50ec\",\"name\":\"Lutz Lindemann\",\"image\":{\"@type\":\"ImageObject\",\"inLanguage\":\"de\",\"@id\":\"https:\\\/\\\/secure.gravatar.com\\\/avatar\\\/734a9bedc494f6dc8377999f4d8a7d95539d24428aae22d6a7a829f916324968?s=96&r=g\",\"url\":\"https:\\\/\\\/secure.gravatar.com\\\/avatar\\\/734a9bedc494f6dc8377999f4d8a7d95539d24428aae22d6a7a829f916324968?s=96&r=g\",\"contentUrl\":\"https:\\\/\\\/secure.gravatar.com\\\/avatar\\\/734a9bedc494f6dc8377999f4d8a7d95539d24428aae22d6a7a829f916324968?s=96&r=g\",\"caption\":\"Lutz Lindemann\"},\"sameAs\":[\"http:\\\/\\\/lutzlindemann.com\"]}]}<\/script>\n<!-- \/ Yoast SEO plugin. -->","yoast_head_json":{"title":"Unsere BMW bei der DMV Mitgliederversammlung in Gefrees - SWT-SPORTS Blog","robots":{"index":"index","follow":"follow","max-snippet":"max-snippet:-1","max-image-preview":"max-image-preview:large","max-video-preview":"max-video-preview:-1"},"canonical":"https:\/\/blog.swt-sports.de\/index.php\/unsere-bmw-bei-der-dmv-mitgliederversammlung-in-gefrees\/","og_locale":"de_DE","og_type":"article","og_title":"Unsere BMW bei der DMV Mitgliederversammlung in Gefrees - SWT-SPORTS Blog","og_description":"An diesem Wochenende fand die Hauptversammlung des Deutschen Motorsport Verbandes in Gefrees im Fichtelgebirge statt. Im oberfr\u00e4nkischem Gefrees entstand im [&hellip;]","og_url":"https:\/\/blog.swt-sports.de\/index.php\/unsere-bmw-bei-der-dmv-mitgliederversammlung-in-gefrees\/","og_site_name":"SWT-SPORTS Blog","article_publisher":"https:\/\/www.facebook.com\/","article_published_time":"2014-03-09T19:15:37+00:00","article_modified_time":"2020-08-11T18:48:10+00:00","og_image":[{"url":"http:\/\/blog.swt-sports.de\/wp-content\/uploads\/2014\/03\/DSCN0067-300x187.jpg","type":"","width":"","height":""}],"author":"Lutz Lindemann","twitter_card":"summary_large_image","twitter_creator":"@swtsports","twitter_site":"@swtsports","twitter_misc":{"Verfasst von":"Lutz Lindemann","Gesch\u00e4tzte Lesezeit":"1\u00a0Minute"},"schema":{"@context":"https:\/\/schema.org","@graph":[{"@type":"Article","@id":"https:\/\/blog.swt-sports.de\/index.php\/unsere-bmw-bei-der-dmv-mitgliederversammlung-in-gefrees\/#article","isPartOf":{"@id":"https:\/\/blog.swt-sports.de\/index.php\/unsere-bmw-bei-der-dmv-mitgliederversammlung-in-gefrees\/"},"author":{"name":"Lutz Lindemann","@id":"https:\/\/blog.swt-sports.de\/#\/schema\/person\/b1fb20850ef709b5efbd2510a27b50ec"},"headline":"Unsere BMW bei der DMV Mitgliederversammlung in Gefrees","datePublished":"2014-03-09T19:15:37+00:00","dateModified":"2020-08-11T18:48:10+00:00","mainEntityOfPage":{"@id":"https:\/\/blog.swt-sports.de\/index.php\/unsere-bmw-bei-der-dmv-mitgliederversammlung-in-gefrees\/"},"wordCount":257,"commentCount":1,"publisher":{"@id":"https:\/\/blog.swt-sports.de\/#organization"},"image":{"@id":"https:\/\/blog.swt-sports.de\/index.php\/unsere-bmw-bei-der-dmv-mitgliederversammlung-in-gefrees\/#primaryimage"},"thumbnailUrl":"http:\/\/blog.swt-sports.de\/wp-content\/uploads\/2014\/03\/DSCN0067-300x187.jpg","keywords":["BMW","DMV Mitglieder Versammlung","Wettbewerbsmaschine","SWT-SPORTS BMW","DMV Gefrees","DMV Haupversammlung"],"articleSection":["Events","SWT Bikes"],"inLanguage":"de","potentialAction":[{"@type":"CommentAction","name":"Comment","target":["https:\/\/blog.swt-sports.de\/index.php\/unsere-bmw-bei-der-dmv-mitgliederversammlung-in-gefrees\/#respond"]}]},{"@type":"WebPage","@id":"https:\/\/blog.swt-sports.de\/index.php\/unsere-bmw-bei-der-dmv-mitgliederversammlung-in-gefrees\/","url":"https:\/\/blog.swt-sports.de\/index.php\/unsere-bmw-bei-der-dmv-mitgliederversammlung-in-gefrees\/","name":"Unsere BMW bei der DMV Mitgliederversammlung in Gefrees - SWT-SPORTS Blog","isPartOf":{"@id":"https:\/\/blog.swt-sports.de\/#website"},"primaryImageOfPage":{"@id":"https:\/\/blog.swt-sports.de\/index.php\/unsere-bmw-bei-der-dmv-mitgliederversammlung-in-gefrees\/#primaryimage"},"image":{"@id":"https:\/\/blog.swt-sports.de\/index.php\/unsere-bmw-bei-der-dmv-mitgliederversammlung-in-gefrees\/#primaryimage"},"thumbnailUrl":"http:\/\/blog.swt-sports.de\/wp-content\/uploads\/2014\/03\/DSCN0067-300x187.jpg","datePublished":"2014-03-09T19:15:37+00:00","dateModified":"2020-08-11T18:48:10+00:00","breadcrumb":{"@id":"https:\/\/blog.swt-sports.de\/index.php\/unsere-bmw-bei-der-dmv-mitgliederversammlung-in-gefrees\/#breadcrumb"},"inLanguage":"de","potentialAction":[{"@type":"ReadAction","target":["https:\/\/blog.swt-sports.de\/index.php\/unsere-bmw-bei-der-dmv-mitgliederversammlung-in-gefrees\/"]}]},{"@type":"ImageObject","inLanguage":"de","@id":"https:\/\/blog.swt-sports.de\/index.php\/unsere-bmw-bei-der-dmv-mitgliederversammlung-in-gefrees\/#primaryimage","url":"https:\/\/blog.swt-sports.de\/wp-content\/uploads\/2014\/03\/DSCN0067.jpg","contentUrl":"https:\/\/blog.swt-sports.de\/wp-content\/uploads\/2014\/03\/DSCN0067.jpg","width":1200,"height":750,"caption":"Stadthalle Gefrees"},{"@type":"BreadcrumbList","@id":"https:\/\/blog.swt-sports.de\/index.php\/unsere-bmw-bei-der-dmv-mitgliederversammlung-in-gefrees\/#breadcrumb","itemListElement":[{"@type":"ListItem","position":1,"name":"Startseite","item":"https:\/\/blog.swt-sports.de\/"},{"@type":"ListItem","position":2,"name":"Unsere BMW bei der DMV Mitgliederversammlung in Gefrees"}]},{"@type":"WebSite","@id":"https:\/\/blog.swt-sports.de\/#website","url":"https:\/\/blog.swt-sports.de\/","name":"SWT-SPORTS Blog","description":"BMW Motorrad | 2-Ventiler | R80 \/ R100GS G\/S | Paris Dakar | BMW-Boxer","publisher":{"@id":"https:\/\/blog.swt-sports.de\/#organization"},"potentialAction":[{"@type":"SearchAction","target":{"@type":"EntryPoint","urlTemplate":"https:\/\/blog.swt-sports.de\/?s={search_term_string}"},"query-input":{"@type":"PropertyValueSpecification","valueRequired":true,"valueName":"search_term_string"}}],"inLanguage":"de"},{"@type":"Organization","@id":"https:\/\/blog.swt-sports.de\/#organization","name":"SWT Sports","url":"https:\/\/blog.swt-sports.de\/","logo":{"@type":"ImageObject","inLanguage":"de","@id":"https:\/\/blog.swt-sports.de\/#\/schema\/logo\/image\/","url":"https:\/\/blog.swt-sports.de\/wp-content\/uploads\/2020\/08\/swt_sports_logo.svg","contentUrl":"https:\/\/blog.swt-sports.de\/wp-content\/uploads\/2020\/08\/swt_sports_logo.svg","width":306,"height":247,"caption":"SWT Sports"},"image":{"@id":"https:\/\/blog.swt-sports.de\/#\/schema\/logo\/image\/"},"sameAs":["https:\/\/www.facebook.com\/","https:\/\/x.com\/swtsports","https:\/\/www.instagram.com\/swt_sports\/","https:\/\/www.youtube.com\/user\/SWTsports"]},{"@type":"Person","@id":"https:\/\/blog.swt-sports.de\/#\/schema\/person\/b1fb20850ef709b5efbd2510a27b50ec","name":"Lutz Lindemann","image":{"@type":"ImageObject","inLanguage":"de","@id":"https:\/\/secure.gravatar.com\/avatar\/734a9bedc494f6dc8377999f4d8a7d95539d24428aae22d6a7a829f916324968?s=96&r=g","url":"https:\/\/secure.gravatar.com\/avatar\/734a9bedc494f6dc8377999f4d8a7d95539d24428aae22d6a7a829f916324968?s=96&r=g","contentUrl":"https:\/\/secure.gravatar.com\/avatar\/734a9bedc494f6dc8377999f4d8a7d95539d24428aae22d6a7a829f916324968?s=96&r=g","caption":"Lutz Lindemann"},"sameAs":["http:\/\/lutzlindemann.com"]}]}},"_links":{"self":[{"href":"https:\/\/blog.swt-sports.de\/index.php\/wp-json\/wp\/v2\/posts\/180","targetHints":{"allow":["GET"]}}],"collection":[{"href":"https:\/\/blog.swt-sports.de\/index.php\/wp-json\/wp\/v2\/posts"}],"about":[{"href":"https:\/\/blog.swt-sports.de\/index.php\/wp-json\/wp\/v2\/types\/post"}],"author":[{"embeddable":true,"href":"https:\/\/blog.swt-sports.de\/index.php\/wp-json\/wp\/v2\/users\/26194"}],"replies":[{"embeddable":true,"href":"https:\/\/blog.swt-sports.de\/index.php\/wp-json\/wp\/v2\/comments?post=180"}],"version-history":[{"count":5,"href":"https:\/\/blog.swt-sports.de\/index.php\/wp-json\/wp\/v2\/posts\/180\/revisions"}],"predecessor-version":[{"id":1605,"href":"https:\/\/blog.swt-sports.de\/index.php\/wp-json\/wp\/v2\/posts\/180\/revisions\/1605"}],"wp:attachment":[{"href":"https:\/\/blog.swt-sports.de\/index.php\/wp-json\/wp\/v2\/media?parent=180"}],"wp:term":[{"taxonomy":"category","embeddable":true,"href":"https:\/\/blog.swt-sports.de\/index.php\/wp-json\/wp\/v2\/categories?post=180"},{"taxonomy":"post_tag","embeddable":true,"href":"https:\/\/blog.swt-sports.de\/index.php\/wp-json\/wp\/v2\/tags?post=180"}],"curies":[{"name":"wp","href":"https:\/\/api.w.org\/{rel}","templated":true}]}}