{"id":1069,"date":"2016-01-06T00:09:30","date_gmt":"2016-01-05T23:09:30","guid":{"rendered":"http:\/\/blog.swt-sports.de\/?p=1069"},"modified":"2020-08-11T20:19:22","modified_gmt":"2020-08-11T19:19:22","slug":"kreuzgelenk-an-bmw-motorrad-kardanwelle-defekt","status":"publish","type":"post","link":"https:\/\/blog.swt-sports.de\/index.php\/kreuzgelenk-an-bmw-motorrad-kardanwelle-defekt\/","title":{"rendered":"Kreuzgelenk an BMW Motorrad Kardanwelle defekt"},"content":{"rendered":"<figure style=\"width: 614px\" class=\"wp-caption aligncenter\"><img decoding=\"async\" src=\"http:\/\/blog.swt-sports.de\/wp-content\/uploads\/2015\/03\/DSCN0183.jpg\" alt=\"\" width=\"614\" height=\"468\" \/><figcaption class=\"wp-caption-text\">Defektes Kreuzgelenk an der BMW Boxer Kardanwelle<\/figcaption><\/figure>\n<p>Neben dem<strong> Verl\u00e4ngern, um 50mm oder 100mm, f\u00fcr verl\u00e4ngerte Stahlschwingen BMW G\/S oder Monolever, <\/strong>der <strong>BMW Motorrad Kardanwelle,<\/strong> kommt es auch sehr h\u00e4ufig vor, dass wir die <a href=\"http:\/\/www.swt-sports.de\/de\/search?page=search&amp;page_action=query&amp;desc=on&amp;sdesc=on&amp;keywords=kreuzgelenk\"><strong>Kreuzgelenke<\/strong><\/a> der Welle ersetzen m\u00fcssen. Auch dieses Bauteil hat nicht das ewige Leben. Die Antriebswelle des Boxers kann oft schon durch den Austausch dieser Lagereinheit wieder einsatzf\u00e4hig gemacht werden. Ab dem Paralever Modell ist nat\u00fcrlich auch der Gummi \u2013 Ruckd\u00e4mpfer der Gelenkwelle zu \u00dcberpr\u00fcfen. Ist dieser defekt oder stark verdreht, lohnt sich eine Revision des Antriebsgelenkes nicht. Als Austausch bieten wir hier eine <a href=\"http:\/\/www.swt-sports.de\/de\/kardanwelle-bmw-2v-gs-r-paralever\"><strong>Reproduktion der BMW Welle<\/strong><\/a> an. Doch bei den \u00e4lteren Stahlschwingen \u2013 Boxer \u2013 Modellen ist das Gelenk oft das einzige Problem.<\/p>\n<figure id=\"attachment_1070\" aria-describedby=\"caption-attachment-1070\" style=\"width: 300px\" class=\"wp-caption aligncenter\"><a href=\"http:\/\/www.swt-sports.de\/de\/Antrieb\/Kardan-u--Kette\/Kreuzgelenk---Zapfenkreuzgelenk-BMW-Kardan\"><img decoding=\"async\" class=\"wp-image-1070 size-medium\" src=\"http:\/\/blog.swt-sports.de\/wp-content\/uploads\/2015\/12\/261111100_Kardangelenk-Kreuzgelenk_BMW_Kardan-300x224.jpg\" alt=\"261111100_Kardangelenk-Kreuzgelenk_BMW_Kardan\" width=\"300\" height=\"224\" srcset=\"https:\/\/blog.swt-sports.de\/wp-content\/uploads\/2015\/12\/261111100_Kardangelenk-Kreuzgelenk_BMW_Kardan-300x224.jpg 300w, https:\/\/blog.swt-sports.de\/wp-content\/uploads\/2015\/12\/261111100_Kardangelenk-Kreuzgelenk_BMW_Kardan.jpg 732w\" sizes=\"(max-width: 300px) 100vw, 300px\" \/><\/a><figcaption id=\"caption-attachment-1070\" class=\"wp-caption-text\">Kreuzgelenk f\u00fcr BMW Motorrad Kardanwelle<\/figcaption><\/figure>\n<p>Wer ausreichend technisches Fachwissen und die richtigen M\u00f6glichkeiten hat, der kann das <a href=\"http:\/\/www.swt-sports.de\/de\/kreuzgelenk-zapfenkreuzgelenk-bmw-kardan\"><strong>Kreuzgelenk<\/strong><\/a> bei uns einzeln erwerben. F\u00fcr alle anderen bieten wir den Austausch als Arbeitsleistung an. Damit wir Ihnen ein aussagekr\u00e4ftiges Angebot machen k\u00f6nnen, sollten Sie uns vorab die Welle mit einem Begleitschreiben zusenden. Dann k\u00f6nnen wir Sie professionell beraten und eine gute und preiswerte Leistung erbringen.<\/p>\n<p>Dieses Kreuzgelenk passt bei nahezu allen BMW Motorrad Boxer und K &#8211; Modellen.<\/p>\n<p><a href=\"http:\/\/www.bmw-motorrad.de\/de\/de\/index.html?content=http:\/\/www.bmw-motorrad.de\/de\/de\/technology_detail\/engine_drive\/item_paralever_and_shaft.html&amp;notrack=1\">Was BMW &#8211; Motorrad \u00fcber die Paralver &#8211; Antriebstechnik schreibt!<\/a><\/p>\n","protected":false},"excerpt":{"rendered":"<p>Neben dem Verl\u00e4ngern, um 50mm oder 100mm, f\u00fcr verl\u00e4ngerte Stahlschwingen BMW G\/S oder Monolever, der BMW Motorrad Kardanwelle, kommt es [&hellip;]<\/p>\n","protected":false},"author":26194,"featured_media":1070,"comment_status":"open","ping_status":"closed","sticky":false,"template":"","format":"standard","meta":{"footnotes":""},"categories":[1303],"tags":[423,424,425,426,652,685,686,687,420,421,422],"class_list":["post-1069","post","type-post","status-publish","format-standard","has-post-thumbnail","hentry","category-swt-produkte","tag-antriebswelle-bmw-motorrad","tag-kreuzgelenk-bmw-boxer","tag-kaputte-kardanwelle","tag-kaputte-antriebswelle-bmw-motorrad","tag-kardan","tag-antriebsstange","tag-paralever","tag-r-80-100","tag-defektes-kreuzgelenk-bmw-motorrad","tag-defekter-kardan-bmw-motorrad","tag-kradanwellenschaden"],"yoast_head":"<!-- This site is optimized with the Yoast SEO plugin v27.5 - https:\/\/yoast.com\/product\/yoast-seo-wordpress\/ -->\n<title>Kreuzgelenk an BMW Motorrad Kardanwelle defekt - SWT-SPORTS Blog<\/title>\n<meta name=\"robots\" content=\"index, follow, max-snippet:-1, max-image-preview:large, max-video-preview:-1\" \/>\n<link rel=\"canonical\" href=\"https:\/\/blog.swt-sports.de\/index.php\/kreuzgelenk-an-bmw-motorrad-kardanwelle-defekt\/\" \/>\n<meta property=\"og:locale\" content=\"de_DE\" \/>\n<meta property=\"og:type\" content=\"article\" \/>\n<meta property=\"og:title\" content=\"Kreuzgelenk an BMW Motorrad Kardanwelle defekt - SWT-SPORTS Blog\" \/>\n<meta property=\"og:description\" content=\"Neben dem Verl\u00e4ngern, um 50mm oder 100mm, f\u00fcr verl\u00e4ngerte Stahlschwingen BMW G\/S oder Monolever, der BMW Motorrad Kardanwelle, kommt es [&hellip;]\" \/>\n<meta property=\"og:url\" content=\"https:\/\/blog.swt-sports.de\/index.php\/kreuzgelenk-an-bmw-motorrad-kardanwelle-defekt\/\" \/>\n<meta property=\"og:site_name\" content=\"SWT-SPORTS Blog\" \/>\n<meta property=\"article:publisher\" content=\"https:\/\/www.facebook.com\/\" \/>\n<meta property=\"article:published_time\" content=\"2016-01-05T23:09:30+00:00\" \/>\n<meta property=\"article:modified_time\" content=\"2020-08-11T19:19:22+00:00\" \/>\n<meta property=\"og:image\" content=\"https:\/\/blog.swt-sports.de\/wp-content\/uploads\/2015\/12\/261111100_Kardangelenk-Kreuzgelenk_BMW_Kardan.jpg\" \/>\n\t<meta property=\"og:image:width\" content=\"732\" \/>\n\t<meta property=\"og:image:height\" content=\"546\" \/>\n\t<meta property=\"og:image:type\" content=\"image\/jpeg\" \/>\n<meta name=\"author\" content=\"Lutz Lindemann\" \/>\n<meta name=\"twitter:card\" content=\"summary_large_image\" \/>\n<meta name=\"twitter:creator\" content=\"@swtsports\" \/>\n<meta name=\"twitter:site\" content=\"@swtsports\" \/>\n<meta name=\"twitter:label1\" content=\"Verfasst von\" \/>\n\t<meta name=\"twitter:data1\" content=\"Lutz Lindemann\" \/>\n\t<meta name=\"twitter:label2\" content=\"Gesch\u00e4tzte Lesezeit\" \/>\n\t<meta name=\"twitter:data2\" content=\"1\u00a0Minute\" \/>\n<script type=\"application\/ld+json\" class=\"yoast-schema-graph\">{\"@context\":\"https:\\\/\\\/schema.org\",\"@graph\":[{\"@type\":\"Article\",\"@id\":\"https:\\\/\\\/blog.swt-sports.de\\\/index.php\\\/kreuzgelenk-an-bmw-motorrad-kardanwelle-defekt\\\/#article\",\"isPartOf\":{\"@id\":\"https:\\\/\\\/blog.swt-sports.de\\\/index.php\\\/kreuzgelenk-an-bmw-motorrad-kardanwelle-defekt\\\/\"},\"author\":{\"name\":\"Lutz Lindemann\",\"@id\":\"https:\\\/\\\/blog.swt-sports.de\\\/#\\\/schema\\\/person\\\/b1fb20850ef709b5efbd2510a27b50ec\"},\"headline\":\"Kreuzgelenk an BMW Motorrad Kardanwelle defekt\",\"datePublished\":\"2016-01-05T23:09:30+00:00\",\"dateModified\":\"2020-08-11T19:19:22+00:00\",\"mainEntityOfPage\":{\"@id\":\"https:\\\/\\\/blog.swt-sports.de\\\/index.php\\\/kreuzgelenk-an-bmw-motorrad-kardanwelle-defekt\\\/\"},\"wordCount\":236,\"commentCount\":7,\"publisher\":{\"@id\":\"https:\\\/\\\/blog.swt-sports.de\\\/#organization\"},\"image\":{\"@id\":\"https:\\\/\\\/blog.swt-sports.de\\\/index.php\\\/kreuzgelenk-an-bmw-motorrad-kardanwelle-defekt\\\/#primaryimage\"},\"thumbnailUrl\":\"https:\\\/\\\/blog.swt-sports.de\\\/wp-content\\\/uploads\\\/2015\\\/12\\\/261111100_Kardangelenk-Kreuzgelenk_BMW_Kardan.jpg\",\"keywords\":[\"Antriebswelle BMW Motorrad\",\"Kreuzgelenk BMW Boxer\",\"Kaputte Kardanwelle\",\"Kaputte Antriebswelle BMW Motorrad\",\"Kardan\",\"Antriebsstange\",\"Paralever\",\"R 80 - 100\",\"Defektes Kreuzgelenk BMW Motorrad\",\"Defekter Kardan BMW Motorrad\",\"Kradanwellenschaden\"],\"articleSection\":[\"SWT Produkte\"],\"inLanguage\":\"de\",\"potentialAction\":[{\"@type\":\"CommentAction\",\"name\":\"Comment\",\"target\":[\"https:\\\/\\\/blog.swt-sports.de\\\/index.php\\\/kreuzgelenk-an-bmw-motorrad-kardanwelle-defekt\\\/#respond\"]}]},{\"@type\":\"WebPage\",\"@id\":\"https:\\\/\\\/blog.swt-sports.de\\\/index.php\\\/kreuzgelenk-an-bmw-motorrad-kardanwelle-defekt\\\/\",\"url\":\"https:\\\/\\\/blog.swt-sports.de\\\/index.php\\\/kreuzgelenk-an-bmw-motorrad-kardanwelle-defekt\\\/\",\"name\":\"Kreuzgelenk an BMW Motorrad Kardanwelle defekt - SWT-SPORTS Blog\",\"isPartOf\":{\"@id\":\"https:\\\/\\\/blog.swt-sports.de\\\/#website\"},\"primaryImageOfPage\":{\"@id\":\"https:\\\/\\\/blog.swt-sports.de\\\/index.php\\\/kreuzgelenk-an-bmw-motorrad-kardanwelle-defekt\\\/#primaryimage\"},\"image\":{\"@id\":\"https:\\\/\\\/blog.swt-sports.de\\\/index.php\\\/kreuzgelenk-an-bmw-motorrad-kardanwelle-defekt\\\/#primaryimage\"},\"thumbnailUrl\":\"https:\\\/\\\/blog.swt-sports.de\\\/wp-content\\\/uploads\\\/2015\\\/12\\\/261111100_Kardangelenk-Kreuzgelenk_BMW_Kardan.jpg\",\"datePublished\":\"2016-01-05T23:09:30+00:00\",\"dateModified\":\"2020-08-11T19:19:22+00:00\",\"breadcrumb\":{\"@id\":\"https:\\\/\\\/blog.swt-sports.de\\\/index.php\\\/kreuzgelenk-an-bmw-motorrad-kardanwelle-defekt\\\/#breadcrumb\"},\"inLanguage\":\"de\",\"potentialAction\":[{\"@type\":\"ReadAction\",\"target\":[\"https:\\\/\\\/blog.swt-sports.de\\\/index.php\\\/kreuzgelenk-an-bmw-motorrad-kardanwelle-defekt\\\/\"]}]},{\"@type\":\"ImageObject\",\"inLanguage\":\"de\",\"@id\":\"https:\\\/\\\/blog.swt-sports.de\\\/index.php\\\/kreuzgelenk-an-bmw-motorrad-kardanwelle-defekt\\\/#primaryimage\",\"url\":\"https:\\\/\\\/blog.swt-sports.de\\\/wp-content\\\/uploads\\\/2015\\\/12\\\/261111100_Kardangelenk-Kreuzgelenk_BMW_Kardan.jpg\",\"contentUrl\":\"https:\\\/\\\/blog.swt-sports.de\\\/wp-content\\\/uploads\\\/2015\\\/12\\\/261111100_Kardangelenk-Kreuzgelenk_BMW_Kardan.jpg\",\"width\":732,\"height\":546},{\"@type\":\"BreadcrumbList\",\"@id\":\"https:\\\/\\\/blog.swt-sports.de\\\/index.php\\\/kreuzgelenk-an-bmw-motorrad-kardanwelle-defekt\\\/#breadcrumb\",\"itemListElement\":[{\"@type\":\"ListItem\",\"position\":1,\"name\":\"Startseite\",\"item\":\"https:\\\/\\\/blog.swt-sports.de\\\/\"},{\"@type\":\"ListItem\",\"position\":2,\"name\":\"Kreuzgelenk an BMW Motorrad Kardanwelle defekt\"}]},{\"@type\":\"WebSite\",\"@id\":\"https:\\\/\\\/blog.swt-sports.de\\\/#website\",\"url\":\"https:\\\/\\\/blog.swt-sports.de\\\/\",\"name\":\"SWT-SPORTS Blog\",\"description\":\"BMW Motorrad | 2-Ventiler | R80 \\\/ R100GS G\\\/S | Paris Dakar | BMW-Boxer\",\"publisher\":{\"@id\":\"https:\\\/\\\/blog.swt-sports.de\\\/#organization\"},\"potentialAction\":[{\"@type\":\"SearchAction\",\"target\":{\"@type\":\"EntryPoint\",\"urlTemplate\":\"https:\\\/\\\/blog.swt-sports.de\\\/?s={search_term_string}\"},\"query-input\":{\"@type\":\"PropertyValueSpecification\",\"valueRequired\":true,\"valueName\":\"search_term_string\"}}],\"inLanguage\":\"de\"},{\"@type\":\"Organization\",\"@id\":\"https:\\\/\\\/blog.swt-sports.de\\\/#organization\",\"name\":\"SWT Sports\",\"url\":\"https:\\\/\\\/blog.swt-sports.de\\\/\",\"logo\":{\"@type\":\"ImageObject\",\"inLanguage\":\"de\",\"@id\":\"https:\\\/\\\/blog.swt-sports.de\\\/#\\\/schema\\\/logo\\\/image\\\/\",\"url\":\"https:\\\/\\\/blog.swt-sports.de\\\/wp-content\\\/uploads\\\/2020\\\/08\\\/swt_sports_logo.svg\",\"contentUrl\":\"https:\\\/\\\/blog.swt-sports.de\\\/wp-content\\\/uploads\\\/2020\\\/08\\\/swt_sports_logo.svg\",\"width\":306,\"height\":247,\"caption\":\"SWT Sports\"},\"image\":{\"@id\":\"https:\\\/\\\/blog.swt-sports.de\\\/#\\\/schema\\\/logo\\\/image\\\/\"},\"sameAs\":[\"https:\\\/\\\/www.facebook.com\\\/\",\"https:\\\/\\\/x.com\\\/swtsports\",\"https:\\\/\\\/www.instagram.com\\\/swt_sports\\\/\",\"https:\\\/\\\/www.youtube.com\\\/user\\\/SWTsports\"]},{\"@type\":\"Person\",\"@id\":\"https:\\\/\\\/blog.swt-sports.de\\\/#\\\/schema\\\/person\\\/b1fb20850ef709b5efbd2510a27b50ec\",\"name\":\"Lutz Lindemann\",\"image\":{\"@type\":\"ImageObject\",\"inLanguage\":\"de\",\"@id\":\"https:\\\/\\\/secure.gravatar.com\\\/avatar\\\/734a9bedc494f6dc8377999f4d8a7d95539d24428aae22d6a7a829f916324968?s=96&r=g\",\"url\":\"https:\\\/\\\/secure.gravatar.com\\\/avatar\\\/734a9bedc494f6dc8377999f4d8a7d95539d24428aae22d6a7a829f916324968?s=96&r=g\",\"contentUrl\":\"https:\\\/\\\/secure.gravatar.com\\\/avatar\\\/734a9bedc494f6dc8377999f4d8a7d95539d24428aae22d6a7a829f916324968?s=96&r=g\",\"caption\":\"Lutz Lindemann\"},\"sameAs\":[\"http:\\\/\\\/lutzlindemann.com\"]}]}<\/script>\n<!-- \/ Yoast SEO plugin. -->","yoast_head_json":{"title":"Kreuzgelenk an BMW Motorrad Kardanwelle defekt - SWT-SPORTS Blog","robots":{"index":"index","follow":"follow","max-snippet":"max-snippet:-1","max-image-preview":"max-image-preview:large","max-video-preview":"max-video-preview:-1"},"canonical":"https:\/\/blog.swt-sports.de\/index.php\/kreuzgelenk-an-bmw-motorrad-kardanwelle-defekt\/","og_locale":"de_DE","og_type":"article","og_title":"Kreuzgelenk an BMW Motorrad Kardanwelle defekt - SWT-SPORTS Blog","og_description":"Neben dem Verl\u00e4ngern, um 50mm oder 100mm, f\u00fcr verl\u00e4ngerte Stahlschwingen BMW G\/S oder Monolever, der BMW Motorrad Kardanwelle, kommt es [&hellip;]","og_url":"https:\/\/blog.swt-sports.de\/index.php\/kreuzgelenk-an-bmw-motorrad-kardanwelle-defekt\/","og_site_name":"SWT-SPORTS Blog","article_publisher":"https:\/\/www.facebook.com\/","article_published_time":"2016-01-05T23:09:30+00:00","article_modified_time":"2020-08-11T19:19:22+00:00","og_image":[{"width":732,"height":546,"url":"https:\/\/blog.swt-sports.de\/wp-content\/uploads\/2015\/12\/261111100_Kardangelenk-Kreuzgelenk_BMW_Kardan.jpg","type":"image\/jpeg"}],"author":"Lutz Lindemann","twitter_card":"summary_large_image","twitter_creator":"@swtsports","twitter_site":"@swtsports","twitter_misc":{"Verfasst von":"Lutz Lindemann","Gesch\u00e4tzte Lesezeit":"1\u00a0Minute"},"schema":{"@context":"https:\/\/schema.org","@graph":[{"@type":"Article","@id":"https:\/\/blog.swt-sports.de\/index.php\/kreuzgelenk-an-bmw-motorrad-kardanwelle-defekt\/#article","isPartOf":{"@id":"https:\/\/blog.swt-sports.de\/index.php\/kreuzgelenk-an-bmw-motorrad-kardanwelle-defekt\/"},"author":{"name":"Lutz Lindemann","@id":"https:\/\/blog.swt-sports.de\/#\/schema\/person\/b1fb20850ef709b5efbd2510a27b50ec"},"headline":"Kreuzgelenk an BMW Motorrad Kardanwelle defekt","datePublished":"2016-01-05T23:09:30+00:00","dateModified":"2020-08-11T19:19:22+00:00","mainEntityOfPage":{"@id":"https:\/\/blog.swt-sports.de\/index.php\/kreuzgelenk-an-bmw-motorrad-kardanwelle-defekt\/"},"wordCount":236,"commentCount":7,"publisher":{"@id":"https:\/\/blog.swt-sports.de\/#organization"},"image":{"@id":"https:\/\/blog.swt-sports.de\/index.php\/kreuzgelenk-an-bmw-motorrad-kardanwelle-defekt\/#primaryimage"},"thumbnailUrl":"https:\/\/blog.swt-sports.de\/wp-content\/uploads\/2015\/12\/261111100_Kardangelenk-Kreuzgelenk_BMW_Kardan.jpg","keywords":["Antriebswelle BMW Motorrad","Kreuzgelenk BMW Boxer","Kaputte Kardanwelle","Kaputte Antriebswelle BMW Motorrad","Kardan","Antriebsstange","Paralever","R 80 - 100","Defektes Kreuzgelenk BMW Motorrad","Defekter Kardan BMW Motorrad","Kradanwellenschaden"],"articleSection":["SWT Produkte"],"inLanguage":"de","potentialAction":[{"@type":"CommentAction","name":"Comment","target":["https:\/\/blog.swt-sports.de\/index.php\/kreuzgelenk-an-bmw-motorrad-kardanwelle-defekt\/#respond"]}]},{"@type":"WebPage","@id":"https:\/\/blog.swt-sports.de\/index.php\/kreuzgelenk-an-bmw-motorrad-kardanwelle-defekt\/","url":"https:\/\/blog.swt-sports.de\/index.php\/kreuzgelenk-an-bmw-motorrad-kardanwelle-defekt\/","name":"Kreuzgelenk an BMW Motorrad Kardanwelle defekt - SWT-SPORTS Blog","isPartOf":{"@id":"https:\/\/blog.swt-sports.de\/#website"},"primaryImageOfPage":{"@id":"https:\/\/blog.swt-sports.de\/index.php\/kreuzgelenk-an-bmw-motorrad-kardanwelle-defekt\/#primaryimage"},"image":{"@id":"https:\/\/blog.swt-sports.de\/index.php\/kreuzgelenk-an-bmw-motorrad-kardanwelle-defekt\/#primaryimage"},"thumbnailUrl":"https:\/\/blog.swt-sports.de\/wp-content\/uploads\/2015\/12\/261111100_Kardangelenk-Kreuzgelenk_BMW_Kardan.jpg","datePublished":"2016-01-05T23:09:30+00:00","dateModified":"2020-08-11T19:19:22+00:00","breadcrumb":{"@id":"https:\/\/blog.swt-sports.de\/index.php\/kreuzgelenk-an-bmw-motorrad-kardanwelle-defekt\/#breadcrumb"},"inLanguage":"de","potentialAction":[{"@type":"ReadAction","target":["https:\/\/blog.swt-sports.de\/index.php\/kreuzgelenk-an-bmw-motorrad-kardanwelle-defekt\/"]}]},{"@type":"ImageObject","inLanguage":"de","@id":"https:\/\/blog.swt-sports.de\/index.php\/kreuzgelenk-an-bmw-motorrad-kardanwelle-defekt\/#primaryimage","url":"https:\/\/blog.swt-sports.de\/wp-content\/uploads\/2015\/12\/261111100_Kardangelenk-Kreuzgelenk_BMW_Kardan.jpg","contentUrl":"https:\/\/blog.swt-sports.de\/wp-content\/uploads\/2015\/12\/261111100_Kardangelenk-Kreuzgelenk_BMW_Kardan.jpg","width":732,"height":546},{"@type":"BreadcrumbList","@id":"https:\/\/blog.swt-sports.de\/index.php\/kreuzgelenk-an-bmw-motorrad-kardanwelle-defekt\/#breadcrumb","itemListElement":[{"@type":"ListItem","position":1,"name":"Startseite","item":"https:\/\/blog.swt-sports.de\/"},{"@type":"ListItem","position":2,"name":"Kreuzgelenk an BMW Motorrad Kardanwelle defekt"}]},{"@type":"WebSite","@id":"https:\/\/blog.swt-sports.de\/#website","url":"https:\/\/blog.swt-sports.de\/","name":"SWT-SPORTS Blog","description":"BMW Motorrad | 2-Ventiler | R80 \/ R100GS G\/S | Paris Dakar | BMW-Boxer","publisher":{"@id":"https:\/\/blog.swt-sports.de\/#organization"},"potentialAction":[{"@type":"SearchAction","target":{"@type":"EntryPoint","urlTemplate":"https:\/\/blog.swt-sports.de\/?s={search_term_string}"},"query-input":{"@type":"PropertyValueSpecification","valueRequired":true,"valueName":"search_term_string"}}],"inLanguage":"de"},{"@type":"Organization","@id":"https:\/\/blog.swt-sports.de\/#organization","name":"SWT Sports","url":"https:\/\/blog.swt-sports.de\/","logo":{"@type":"ImageObject","inLanguage":"de","@id":"https:\/\/blog.swt-sports.de\/#\/schema\/logo\/image\/","url":"https:\/\/blog.swt-sports.de\/wp-content\/uploads\/2020\/08\/swt_sports_logo.svg","contentUrl":"https:\/\/blog.swt-sports.de\/wp-content\/uploads\/2020\/08\/swt_sports_logo.svg","width":306,"height":247,"caption":"SWT Sports"},"image":{"@id":"https:\/\/blog.swt-sports.de\/#\/schema\/logo\/image\/"},"sameAs":["https:\/\/www.facebook.com\/","https:\/\/x.com\/swtsports","https:\/\/www.instagram.com\/swt_sports\/","https:\/\/www.youtube.com\/user\/SWTsports"]},{"@type":"Person","@id":"https:\/\/blog.swt-sports.de\/#\/schema\/person\/b1fb20850ef709b5efbd2510a27b50ec","name":"Lutz Lindemann","image":{"@type":"ImageObject","inLanguage":"de","@id":"https:\/\/secure.gravatar.com\/avatar\/734a9bedc494f6dc8377999f4d8a7d95539d24428aae22d6a7a829f916324968?s=96&r=g","url":"https:\/\/secure.gravatar.com\/avatar\/734a9bedc494f6dc8377999f4d8a7d95539d24428aae22d6a7a829f916324968?s=96&r=g","contentUrl":"https:\/\/secure.gravatar.com\/avatar\/734a9bedc494f6dc8377999f4d8a7d95539d24428aae22d6a7a829f916324968?s=96&r=g","caption":"Lutz Lindemann"},"sameAs":["http:\/\/lutzlindemann.com"]}]}},"_links":{"self":[{"href":"https:\/\/blog.swt-sports.de\/index.php\/wp-json\/wp\/v2\/posts\/1069","targetHints":{"allow":["GET"]}}],"collection":[{"href":"https:\/\/blog.swt-sports.de\/index.php\/wp-json\/wp\/v2\/posts"}],"about":[{"href":"https:\/\/blog.swt-sports.de\/index.php\/wp-json\/wp\/v2\/types\/post"}],"author":[{"embeddable":true,"href":"https:\/\/blog.swt-sports.de\/index.php\/wp-json\/wp\/v2\/users\/26194"}],"replies":[{"embeddable":true,"href":"https:\/\/blog.swt-sports.de\/index.php\/wp-json\/wp\/v2\/comments?post=1069"}],"version-history":[{"count":5,"href":"https:\/\/blog.swt-sports.de\/index.php\/wp-json\/wp\/v2\/posts\/1069\/revisions"}],"predecessor-version":[{"id":1737,"href":"https:\/\/blog.swt-sports.de\/index.php\/wp-json\/wp\/v2\/posts\/1069\/revisions\/1737"}],"wp:featuredmedia":[{"embeddable":true,"href":"https:\/\/blog.swt-sports.de\/index.php\/wp-json\/wp\/v2\/media\/1070"}],"wp:attachment":[{"href":"https:\/\/blog.swt-sports.de\/index.php\/wp-json\/wp\/v2\/media?parent=1069"}],"wp:term":[{"taxonomy":"category","embeddable":true,"href":"https:\/\/blog.swt-sports.de\/index.php\/wp-json\/wp\/v2\/categories?post=1069"},{"taxonomy":"post_tag","embeddable":true,"href":"https:\/\/blog.swt-sports.de\/index.php\/wp-json\/wp\/v2\/tags?post=1069"}],"curies":[{"name":"wp","href":"https:\/\/api.w.org\/{rel}","templated":true}]}}