{"id":1060,"date":"2015-12-20T13:22:13","date_gmt":"2015-12-20T12:22:13","guid":{"rendered":"http:\/\/blog.swt-sports.de\/?p=1060"},"modified":"2020-08-11T20:03:14","modified_gmt":"2020-08-11T19:03:14","slug":"telefix-stabi-fuer-bmw-motorrad-2-ventil-modell","status":"publish","type":"post","link":"https:\/\/blog.swt-sports.de\/index.php\/telefix-stabi-fuer-bmw-motorrad-2-ventil-modell\/","title":{"rendered":"Telefix Stabi f\u00fcr BMW Motorrad 2-Ventil Modell"},"content":{"rendered":"<figure id=\"attachment_1067\" aria-describedby=\"caption-attachment-1067\" style=\"width: 640px\" class=\"wp-caption aligncenter\"><img decoding=\"async\" class=\"wp-image-1067 size-large\" src=\"http:\/\/blog.swt-sports.de\/wp-content\/uploads\/2015\/12\/31416610_Gabelstabi_BMW_Telefix-1024x734.jpg\" alt=\"31416610_Gabelstabi_BMW_Telefix\" width=\"640\" height=\"459\" srcset=\"https:\/\/blog.swt-sports.de\/wp-content\/uploads\/2015\/12\/31416610_Gabelstabi_BMW_Telefix-1024x734.jpg 1024w, https:\/\/blog.swt-sports.de\/wp-content\/uploads\/2015\/12\/31416610_Gabelstabi_BMW_Telefix-300x215.jpg 300w, https:\/\/blog.swt-sports.de\/wp-content\/uploads\/2015\/12\/31416610_Gabelstabi_BMW_Telefix.jpg 1200w\" sizes=\"(max-width: 640px) 100vw, 640px\" \/><figcaption id=\"caption-attachment-1067\" class=\"wp-caption-text\">Telefix Gabelstabi f\u00fcr BMW Boxer Modell<\/figcaption><\/figure>\n<p>Der <a href=\"http:\/\/www.swt-sports.de\/de\/gabelstabilisator-gabelstabi-bmw-2v\"><strong>Stabilisator<\/strong><\/a> f\u00fcr den <strong>BMW Boxer von <a href=\"http:\/\/www.swt-sports.de\/de\/gabelstabilisator-gabelstabi-bmw-2v\">Telefix<\/a><\/strong> wird immer noch gern f\u00fcr die 2-Ventil Umbauten genutzt. Telefix hat hier f\u00fcr uns das richtige Produkt. Dieser Stabilisator verhindert das Verdrehen der Gabel komplett. F\u00fcr die <strong>BMW Motorrad R80ST R80RT R100\/7 R100S R100RS R100RT R100CS<\/strong> gibt es ein <strong>T\u00dcV Gutachten<\/strong>. Somit ist der Anbau legal.<\/p>\n<p>Beim Anschrauben sollte man vorsichtig sein. So kann das Verspannen der Gabel durch unsachgerechtem Einbau verhindert werden. Durch den Anbau dieses Gabelstabis konnten bis jetzt durchwegs gute Ergebnisse erzielt werden.<\/p>\n<p>Auch der <strong>Bobber<\/strong> und <strong>Custom Boom<\/strong> in der BMW Szene hat diesem Produkt noch einen richtigen Auftrieb gegeben.<\/p>\n<figure id=\"attachment_1061\" aria-describedby=\"caption-attachment-1061\" style=\"width: 576px\" class=\"wp-caption aligncenter\"><a href=\"http:\/\/blog.swt-sports.de\/wp-content\/uploads\/2015\/12\/20151204_173346.jpg\"><img decoding=\"async\" class=\"wp-image-1061 size-large\" src=\"http:\/\/blog.swt-sports.de\/wp-content\/uploads\/2015\/12\/20151204_173346-576x1024.jpg\" alt=\"20151204_173346\" width=\"576\" height=\"1024\" srcset=\"https:\/\/blog.swt-sports.de\/wp-content\/uploads\/2015\/12\/20151204_173346.jpg 576w, https:\/\/blog.swt-sports.de\/wp-content\/uploads\/2015\/12\/20151204_173346-169x300.jpg 169w\" sizes=\"(max-width: 576px) 100vw, 576px\" \/><\/a><figcaption id=\"caption-attachment-1061\" class=\"wp-caption-text\">Telefix Stabi am Boxer<\/figcaption><\/figure>\n<figure id=\"attachment_1062\" aria-describedby=\"caption-attachment-1062\" style=\"width: 576px\" class=\"wp-caption aligncenter\"><a href=\"http:\/\/blog.swt-sports.de\/wp-content\/uploads\/2015\/12\/20151204_173356.jpg\"><img decoding=\"async\" class=\"wp-image-1062 size-large\" src=\"http:\/\/blog.swt-sports.de\/wp-content\/uploads\/2015\/12\/20151204_173356-576x1024.jpg\" alt=\"20151204_173356\" width=\"576\" height=\"1024\" srcset=\"https:\/\/blog.swt-sports.de\/wp-content\/uploads\/2015\/12\/20151204_173356.jpg 576w, https:\/\/blog.swt-sports.de\/wp-content\/uploads\/2015\/12\/20151204_173356-169x300.jpg 169w\" sizes=\"(max-width: 576px) 100vw, 576px\" \/><\/a><figcaption id=\"caption-attachment-1062\" class=\"wp-caption-text\">Telefix Stabilisator am Boxer<\/figcaption><\/figure>\n<figure id=\"attachment_1063\" aria-describedby=\"caption-attachment-1063\" style=\"width: 576px\" class=\"wp-caption aligncenter\"><a href=\"http:\/\/blog.swt-sports.de\/wp-content\/uploads\/2015\/12\/20151204_173414.jpg\"><img decoding=\"async\" class=\"wp-image-1063 size-large\" src=\"http:\/\/blog.swt-sports.de\/wp-content\/uploads\/2015\/12\/20151204_173414-576x1024.jpg\" alt=\"20151204_173414\" width=\"576\" height=\"1024\" srcset=\"https:\/\/blog.swt-sports.de\/wp-content\/uploads\/2015\/12\/20151204_173414.jpg 576w, https:\/\/blog.swt-sports.de\/wp-content\/uploads\/2015\/12\/20151204_173414-169x300.jpg 169w\" sizes=\"(max-width: 576px) 100vw, 576px\" \/><\/a><figcaption id=\"caption-attachment-1063\" class=\"wp-caption-text\">Telefix Stabilisator am Boxer<\/figcaption><\/figure>\n<figure id=\"attachment_1064\" aria-describedby=\"caption-attachment-1064\" style=\"width: 576px\" class=\"wp-caption aligncenter\"><a href=\"http:\/\/blog.swt-sports.de\/wp-content\/uploads\/2015\/12\/20151204_173458.jpg\"><img decoding=\"async\" class=\"wp-image-1064 size-large\" src=\"http:\/\/blog.swt-sports.de\/wp-content\/uploads\/2015\/12\/20151204_173458-576x1024.jpg\" alt=\"20151204_173458\" width=\"576\" height=\"1024\" srcset=\"https:\/\/blog.swt-sports.de\/wp-content\/uploads\/2015\/12\/20151204_173458.jpg 576w, https:\/\/blog.swt-sports.de\/wp-content\/uploads\/2015\/12\/20151204_173458-169x300.jpg 169w\" sizes=\"(max-width: 576px) 100vw, 576px\" \/><\/a><figcaption id=\"caption-attachment-1064\" class=\"wp-caption-text\">Stabilisator f\u00fcr die Gabel am 2-Ventiler<\/figcaption><\/figure>\n<figure id=\"attachment_1066\" aria-describedby=\"caption-attachment-1066\" style=\"width: 576px\" class=\"wp-caption aligncenter\"><a href=\"http:\/\/blog.swt-sports.de\/wp-content\/uploads\/2015\/12\/20151204_173530.jpg\"><img decoding=\"async\" class=\"wp-image-1066 size-large\" src=\"http:\/\/blog.swt-sports.de\/wp-content\/uploads\/2015\/12\/20151204_173530-576x1024.jpg\" alt=\"20151204_173530\" width=\"576\" height=\"1024\" srcset=\"https:\/\/blog.swt-sports.de\/wp-content\/uploads\/2015\/12\/20151204_173530.jpg 576w, https:\/\/blog.swt-sports.de\/wp-content\/uploads\/2015\/12\/20151204_173530-169x300.jpg 169w\" sizes=\"(max-width: 576px) 100vw, 576px\" \/><\/a><figcaption id=\"caption-attachment-1066\" class=\"wp-caption-text\">Gabelstabilisator am 2-V Boxer<\/figcaption><\/figure>\n<p><b>Wir sind begeistert und haben deshalb den Stabi ins Programm genommen!<\/b><\/p>\n<p><a href=\"http:\/\/www.swt-sports.de\/de\/gabelstabilisator-gabelstabi-bmw-2v\">LINK zum Produkt -&gt; STABI<\/a><\/p>\n","protected":false},"excerpt":{"rendered":"<p>Der Stabilisator f\u00fcr den BMW Boxer von Telefix wird immer noch gern f\u00fcr die 2-Ventil Umbauten genutzt. Telefix hat hier [&hellip;]<\/p>\n","protected":false},"author":26194,"featured_media":1067,"comment_status":"open","ping_status":"closed","sticky":false,"template":"","format":"standard","meta":{"footnotes":""},"categories":[1303],"tags":[415,416,417,418,419,681,682,683,684],"class_list":["post-1060","post","type-post","status-publish","format-standard","has-post-thumbnail","hentry","category-swt-produkte","tag-gabelstabilisator-bmw","tag-gabelstabi-bmw","tag-telefix-bmw","tag-stabilisator-bmw","tag-stabi-bmw","tag-stabilisator","tag-gabel-bmw","tag-motorradgabel","tag-stabilisator-fuer-motorrad"],"yoast_head":"<!-- This site is optimized with the Yoast SEO plugin v27.5 - https:\/\/yoast.com\/product\/yoast-seo-wordpress\/ -->\n<title>Telefix Stabi f\u00fcr BMW Motorrad 2-Ventil Modell - SWT-SPORTS Blog<\/title>\n<meta name=\"robots\" content=\"index, follow, max-snippet:-1, max-image-preview:large, max-video-preview:-1\" \/>\n<link rel=\"canonical\" href=\"https:\/\/blog.swt-sports.de\/index.php\/telefix-stabi-fuer-bmw-motorrad-2-ventil-modell\/\" \/>\n<meta property=\"og:locale\" content=\"de_DE\" \/>\n<meta property=\"og:type\" content=\"article\" \/>\n<meta property=\"og:title\" content=\"Telefix Stabi f\u00fcr BMW Motorrad 2-Ventil Modell - SWT-SPORTS Blog\" \/>\n<meta property=\"og:description\" content=\"Der Stabilisator f\u00fcr den BMW Boxer von Telefix wird immer noch gern f\u00fcr die 2-Ventil Umbauten genutzt. Telefix hat hier [&hellip;]\" \/>\n<meta property=\"og:url\" content=\"https:\/\/blog.swt-sports.de\/index.php\/telefix-stabi-fuer-bmw-motorrad-2-ventil-modell\/\" \/>\n<meta property=\"og:site_name\" content=\"SWT-SPORTS Blog\" \/>\n<meta property=\"article:publisher\" content=\"https:\/\/www.facebook.com\/\" \/>\n<meta property=\"article:published_time\" content=\"2015-12-20T12:22:13+00:00\" \/>\n<meta property=\"article:modified_time\" content=\"2020-08-11T19:03:14+00:00\" \/>\n<meta property=\"og:image\" content=\"https:\/\/blog.swt-sports.de\/wp-content\/uploads\/2015\/12\/31416610_Gabelstabi_BMW_Telefix.jpg\" \/>\n\t<meta property=\"og:image:width\" content=\"1200\" \/>\n\t<meta property=\"og:image:height\" content=\"860\" \/>\n\t<meta property=\"og:image:type\" content=\"image\/jpeg\" \/>\n<meta name=\"author\" content=\"Lutz Lindemann\" \/>\n<meta name=\"twitter:card\" content=\"summary_large_image\" \/>\n<meta name=\"twitter:creator\" content=\"@swtsports\" \/>\n<meta name=\"twitter:site\" content=\"@swtsports\" \/>\n<meta name=\"twitter:label1\" content=\"Verfasst von\" \/>\n\t<meta name=\"twitter:data1\" content=\"Lutz Lindemann\" \/>\n\t<meta name=\"twitter:label2\" content=\"Gesch\u00e4tzte Lesezeit\" \/>\n\t<meta name=\"twitter:data2\" content=\"1\u00a0Minute\" \/>\n<script type=\"application\/ld+json\" class=\"yoast-schema-graph\">{\"@context\":\"https:\\\/\\\/schema.org\",\"@graph\":[{\"@type\":\"Article\",\"@id\":\"https:\\\/\\\/blog.swt-sports.de\\\/index.php\\\/telefix-stabi-fuer-bmw-motorrad-2-ventil-modell\\\/#article\",\"isPartOf\":{\"@id\":\"https:\\\/\\\/blog.swt-sports.de\\\/index.php\\\/telefix-stabi-fuer-bmw-motorrad-2-ventil-modell\\\/\"},\"author\":{\"name\":\"Lutz Lindemann\",\"@id\":\"https:\\\/\\\/blog.swt-sports.de\\\/#\\\/schema\\\/person\\\/b1fb20850ef709b5efbd2510a27b50ec\"},\"headline\":\"Telefix Stabi f\u00fcr BMW Motorrad 2-Ventil Modell\",\"datePublished\":\"2015-12-20T12:22:13+00:00\",\"dateModified\":\"2020-08-11T19:03:14+00:00\",\"mainEntityOfPage\":{\"@id\":\"https:\\\/\\\/blog.swt-sports.de\\\/index.php\\\/telefix-stabi-fuer-bmw-motorrad-2-ventil-modell\\\/\"},\"wordCount\":210,\"commentCount\":0,\"publisher\":{\"@id\":\"https:\\\/\\\/blog.swt-sports.de\\\/#organization\"},\"image\":{\"@id\":\"https:\\\/\\\/blog.swt-sports.de\\\/index.php\\\/telefix-stabi-fuer-bmw-motorrad-2-ventil-modell\\\/#primaryimage\"},\"thumbnailUrl\":\"https:\\\/\\\/blog.swt-sports.de\\\/wp-content\\\/uploads\\\/2015\\\/12\\\/31416610_Gabelstabi_BMW_Telefix.jpg\",\"keywords\":[\"Gabelstabilisator BMW\",\"Gabelstabi BMW\",\"Telefix BMW\",\"Stabilisator BMW\",\"Stabi BMW\",\"Stabilisator\",\"Gabel BMW\",\"Motorradgabel\",\"Stabilisator f\u00fcr Motorrad\"],\"articleSection\":[\"SWT Produkte\"],\"inLanguage\":\"de\",\"potentialAction\":[{\"@type\":\"CommentAction\",\"name\":\"Comment\",\"target\":[\"https:\\\/\\\/blog.swt-sports.de\\\/index.php\\\/telefix-stabi-fuer-bmw-motorrad-2-ventil-modell\\\/#respond\"]}]},{\"@type\":\"WebPage\",\"@id\":\"https:\\\/\\\/blog.swt-sports.de\\\/index.php\\\/telefix-stabi-fuer-bmw-motorrad-2-ventil-modell\\\/\",\"url\":\"https:\\\/\\\/blog.swt-sports.de\\\/index.php\\\/telefix-stabi-fuer-bmw-motorrad-2-ventil-modell\\\/\",\"name\":\"Telefix Stabi f\u00fcr BMW Motorrad 2-Ventil Modell - SWT-SPORTS Blog\",\"isPartOf\":{\"@id\":\"https:\\\/\\\/blog.swt-sports.de\\\/#website\"},\"primaryImageOfPage\":{\"@id\":\"https:\\\/\\\/blog.swt-sports.de\\\/index.php\\\/telefix-stabi-fuer-bmw-motorrad-2-ventil-modell\\\/#primaryimage\"},\"image\":{\"@id\":\"https:\\\/\\\/blog.swt-sports.de\\\/index.php\\\/telefix-stabi-fuer-bmw-motorrad-2-ventil-modell\\\/#primaryimage\"},\"thumbnailUrl\":\"https:\\\/\\\/blog.swt-sports.de\\\/wp-content\\\/uploads\\\/2015\\\/12\\\/31416610_Gabelstabi_BMW_Telefix.jpg\",\"datePublished\":\"2015-12-20T12:22:13+00:00\",\"dateModified\":\"2020-08-11T19:03:14+00:00\",\"breadcrumb\":{\"@id\":\"https:\\\/\\\/blog.swt-sports.de\\\/index.php\\\/telefix-stabi-fuer-bmw-motorrad-2-ventil-modell\\\/#breadcrumb\"},\"inLanguage\":\"de\",\"potentialAction\":[{\"@type\":\"ReadAction\",\"target\":[\"https:\\\/\\\/blog.swt-sports.de\\\/index.php\\\/telefix-stabi-fuer-bmw-motorrad-2-ventil-modell\\\/\"]}]},{\"@type\":\"ImageObject\",\"inLanguage\":\"de\",\"@id\":\"https:\\\/\\\/blog.swt-sports.de\\\/index.php\\\/telefix-stabi-fuer-bmw-motorrad-2-ventil-modell\\\/#primaryimage\",\"url\":\"https:\\\/\\\/blog.swt-sports.de\\\/wp-content\\\/uploads\\\/2015\\\/12\\\/31416610_Gabelstabi_BMW_Telefix.jpg\",\"contentUrl\":\"https:\\\/\\\/blog.swt-sports.de\\\/wp-content\\\/uploads\\\/2015\\\/12\\\/31416610_Gabelstabi_BMW_Telefix.jpg\",\"width\":1200,\"height\":860},{\"@type\":\"BreadcrumbList\",\"@id\":\"https:\\\/\\\/blog.swt-sports.de\\\/index.php\\\/telefix-stabi-fuer-bmw-motorrad-2-ventil-modell\\\/#breadcrumb\",\"itemListElement\":[{\"@type\":\"ListItem\",\"position\":1,\"name\":\"Startseite\",\"item\":\"https:\\\/\\\/blog.swt-sports.de\\\/\"},{\"@type\":\"ListItem\",\"position\":2,\"name\":\"Telefix Stabi f\u00fcr BMW Motorrad 2-Ventil Modell\"}]},{\"@type\":\"WebSite\",\"@id\":\"https:\\\/\\\/blog.swt-sports.de\\\/#website\",\"url\":\"https:\\\/\\\/blog.swt-sports.de\\\/\",\"name\":\"SWT-SPORTS Blog\",\"description\":\"BMW Motorrad | 2-Ventiler | R80 \\\/ R100GS G\\\/S | Paris Dakar | BMW-Boxer\",\"publisher\":{\"@id\":\"https:\\\/\\\/blog.swt-sports.de\\\/#organization\"},\"potentialAction\":[{\"@type\":\"SearchAction\",\"target\":{\"@type\":\"EntryPoint\",\"urlTemplate\":\"https:\\\/\\\/blog.swt-sports.de\\\/?s={search_term_string}\"},\"query-input\":{\"@type\":\"PropertyValueSpecification\",\"valueRequired\":true,\"valueName\":\"search_term_string\"}}],\"inLanguage\":\"de\"},{\"@type\":\"Organization\",\"@id\":\"https:\\\/\\\/blog.swt-sports.de\\\/#organization\",\"name\":\"SWT Sports\",\"url\":\"https:\\\/\\\/blog.swt-sports.de\\\/\",\"logo\":{\"@type\":\"ImageObject\",\"inLanguage\":\"de\",\"@id\":\"https:\\\/\\\/blog.swt-sports.de\\\/#\\\/schema\\\/logo\\\/image\\\/\",\"url\":\"https:\\\/\\\/blog.swt-sports.de\\\/wp-content\\\/uploads\\\/2020\\\/08\\\/swt_sports_logo.svg\",\"contentUrl\":\"https:\\\/\\\/blog.swt-sports.de\\\/wp-content\\\/uploads\\\/2020\\\/08\\\/swt_sports_logo.svg\",\"width\":306,\"height\":247,\"caption\":\"SWT Sports\"},\"image\":{\"@id\":\"https:\\\/\\\/blog.swt-sports.de\\\/#\\\/schema\\\/logo\\\/image\\\/\"},\"sameAs\":[\"https:\\\/\\\/www.facebook.com\\\/\",\"https:\\\/\\\/x.com\\\/swtsports\",\"https:\\\/\\\/www.instagram.com\\\/swt_sports\\\/\",\"https:\\\/\\\/www.youtube.com\\\/user\\\/SWTsports\"]},{\"@type\":\"Person\",\"@id\":\"https:\\\/\\\/blog.swt-sports.de\\\/#\\\/schema\\\/person\\\/b1fb20850ef709b5efbd2510a27b50ec\",\"name\":\"Lutz Lindemann\",\"image\":{\"@type\":\"ImageObject\",\"inLanguage\":\"de\",\"@id\":\"https:\\\/\\\/secure.gravatar.com\\\/avatar\\\/734a9bedc494f6dc8377999f4d8a7d95539d24428aae22d6a7a829f916324968?s=96&r=g\",\"url\":\"https:\\\/\\\/secure.gravatar.com\\\/avatar\\\/734a9bedc494f6dc8377999f4d8a7d95539d24428aae22d6a7a829f916324968?s=96&r=g\",\"contentUrl\":\"https:\\\/\\\/secure.gravatar.com\\\/avatar\\\/734a9bedc494f6dc8377999f4d8a7d95539d24428aae22d6a7a829f916324968?s=96&r=g\",\"caption\":\"Lutz Lindemann\"},\"sameAs\":[\"http:\\\/\\\/lutzlindemann.com\"]}]}<\/script>\n<!-- \/ Yoast SEO plugin. -->","yoast_head_json":{"title":"Telefix Stabi f\u00fcr BMW Motorrad 2-Ventil Modell - SWT-SPORTS Blog","robots":{"index":"index","follow":"follow","max-snippet":"max-snippet:-1","max-image-preview":"max-image-preview:large","max-video-preview":"max-video-preview:-1"},"canonical":"https:\/\/blog.swt-sports.de\/index.php\/telefix-stabi-fuer-bmw-motorrad-2-ventil-modell\/","og_locale":"de_DE","og_type":"article","og_title":"Telefix Stabi f\u00fcr BMW Motorrad 2-Ventil Modell - SWT-SPORTS Blog","og_description":"Der Stabilisator f\u00fcr den BMW Boxer von Telefix wird immer noch gern f\u00fcr die 2-Ventil Umbauten genutzt. Telefix hat hier [&hellip;]","og_url":"https:\/\/blog.swt-sports.de\/index.php\/telefix-stabi-fuer-bmw-motorrad-2-ventil-modell\/","og_site_name":"SWT-SPORTS Blog","article_publisher":"https:\/\/www.facebook.com\/","article_published_time":"2015-12-20T12:22:13+00:00","article_modified_time":"2020-08-11T19:03:14+00:00","og_image":[{"width":1200,"height":860,"url":"https:\/\/blog.swt-sports.de\/wp-content\/uploads\/2015\/12\/31416610_Gabelstabi_BMW_Telefix.jpg","type":"image\/jpeg"}],"author":"Lutz Lindemann","twitter_card":"summary_large_image","twitter_creator":"@swtsports","twitter_site":"@swtsports","twitter_misc":{"Verfasst von":"Lutz Lindemann","Gesch\u00e4tzte Lesezeit":"1\u00a0Minute"},"schema":{"@context":"https:\/\/schema.org","@graph":[{"@type":"Article","@id":"https:\/\/blog.swt-sports.de\/index.php\/telefix-stabi-fuer-bmw-motorrad-2-ventil-modell\/#article","isPartOf":{"@id":"https:\/\/blog.swt-sports.de\/index.php\/telefix-stabi-fuer-bmw-motorrad-2-ventil-modell\/"},"author":{"name":"Lutz Lindemann","@id":"https:\/\/blog.swt-sports.de\/#\/schema\/person\/b1fb20850ef709b5efbd2510a27b50ec"},"headline":"Telefix Stabi f\u00fcr BMW Motorrad 2-Ventil Modell","datePublished":"2015-12-20T12:22:13+00:00","dateModified":"2020-08-11T19:03:14+00:00","mainEntityOfPage":{"@id":"https:\/\/blog.swt-sports.de\/index.php\/telefix-stabi-fuer-bmw-motorrad-2-ventil-modell\/"},"wordCount":210,"commentCount":0,"publisher":{"@id":"https:\/\/blog.swt-sports.de\/#organization"},"image":{"@id":"https:\/\/blog.swt-sports.de\/index.php\/telefix-stabi-fuer-bmw-motorrad-2-ventil-modell\/#primaryimage"},"thumbnailUrl":"https:\/\/blog.swt-sports.de\/wp-content\/uploads\/2015\/12\/31416610_Gabelstabi_BMW_Telefix.jpg","keywords":["Gabelstabilisator BMW","Gabelstabi BMW","Telefix BMW","Stabilisator BMW","Stabi BMW","Stabilisator","Gabel BMW","Motorradgabel","Stabilisator f\u00fcr Motorrad"],"articleSection":["SWT Produkte"],"inLanguage":"de","potentialAction":[{"@type":"CommentAction","name":"Comment","target":["https:\/\/blog.swt-sports.de\/index.php\/telefix-stabi-fuer-bmw-motorrad-2-ventil-modell\/#respond"]}]},{"@type":"WebPage","@id":"https:\/\/blog.swt-sports.de\/index.php\/telefix-stabi-fuer-bmw-motorrad-2-ventil-modell\/","url":"https:\/\/blog.swt-sports.de\/index.php\/telefix-stabi-fuer-bmw-motorrad-2-ventil-modell\/","name":"Telefix Stabi f\u00fcr BMW Motorrad 2-Ventil Modell - SWT-SPORTS Blog","isPartOf":{"@id":"https:\/\/blog.swt-sports.de\/#website"},"primaryImageOfPage":{"@id":"https:\/\/blog.swt-sports.de\/index.php\/telefix-stabi-fuer-bmw-motorrad-2-ventil-modell\/#primaryimage"},"image":{"@id":"https:\/\/blog.swt-sports.de\/index.php\/telefix-stabi-fuer-bmw-motorrad-2-ventil-modell\/#primaryimage"},"thumbnailUrl":"https:\/\/blog.swt-sports.de\/wp-content\/uploads\/2015\/12\/31416610_Gabelstabi_BMW_Telefix.jpg","datePublished":"2015-12-20T12:22:13+00:00","dateModified":"2020-08-11T19:03:14+00:00","breadcrumb":{"@id":"https:\/\/blog.swt-sports.de\/index.php\/telefix-stabi-fuer-bmw-motorrad-2-ventil-modell\/#breadcrumb"},"inLanguage":"de","potentialAction":[{"@type":"ReadAction","target":["https:\/\/blog.swt-sports.de\/index.php\/telefix-stabi-fuer-bmw-motorrad-2-ventil-modell\/"]}]},{"@type":"ImageObject","inLanguage":"de","@id":"https:\/\/blog.swt-sports.de\/index.php\/telefix-stabi-fuer-bmw-motorrad-2-ventil-modell\/#primaryimage","url":"https:\/\/blog.swt-sports.de\/wp-content\/uploads\/2015\/12\/31416610_Gabelstabi_BMW_Telefix.jpg","contentUrl":"https:\/\/blog.swt-sports.de\/wp-content\/uploads\/2015\/12\/31416610_Gabelstabi_BMW_Telefix.jpg","width":1200,"height":860},{"@type":"BreadcrumbList","@id":"https:\/\/blog.swt-sports.de\/index.php\/telefix-stabi-fuer-bmw-motorrad-2-ventil-modell\/#breadcrumb","itemListElement":[{"@type":"ListItem","position":1,"name":"Startseite","item":"https:\/\/blog.swt-sports.de\/"},{"@type":"ListItem","position":2,"name":"Telefix Stabi f\u00fcr BMW Motorrad 2-Ventil Modell"}]},{"@type":"WebSite","@id":"https:\/\/blog.swt-sports.de\/#website","url":"https:\/\/blog.swt-sports.de\/","name":"SWT-SPORTS Blog","description":"BMW Motorrad | 2-Ventiler | R80 \/ R100GS G\/S | Paris Dakar | BMW-Boxer","publisher":{"@id":"https:\/\/blog.swt-sports.de\/#organization"},"potentialAction":[{"@type":"SearchAction","target":{"@type":"EntryPoint","urlTemplate":"https:\/\/blog.swt-sports.de\/?s={search_term_string}"},"query-input":{"@type":"PropertyValueSpecification","valueRequired":true,"valueName":"search_term_string"}}],"inLanguage":"de"},{"@type":"Organization","@id":"https:\/\/blog.swt-sports.de\/#organization","name":"SWT Sports","url":"https:\/\/blog.swt-sports.de\/","logo":{"@type":"ImageObject","inLanguage":"de","@id":"https:\/\/blog.swt-sports.de\/#\/schema\/logo\/image\/","url":"https:\/\/blog.swt-sports.de\/wp-content\/uploads\/2020\/08\/swt_sports_logo.svg","contentUrl":"https:\/\/blog.swt-sports.de\/wp-content\/uploads\/2020\/08\/swt_sports_logo.svg","width":306,"height":247,"caption":"SWT Sports"},"image":{"@id":"https:\/\/blog.swt-sports.de\/#\/schema\/logo\/image\/"},"sameAs":["https:\/\/www.facebook.com\/","https:\/\/x.com\/swtsports","https:\/\/www.instagram.com\/swt_sports\/","https:\/\/www.youtube.com\/user\/SWTsports"]},{"@type":"Person","@id":"https:\/\/blog.swt-sports.de\/#\/schema\/person\/b1fb20850ef709b5efbd2510a27b50ec","name":"Lutz Lindemann","image":{"@type":"ImageObject","inLanguage":"de","@id":"https:\/\/secure.gravatar.com\/avatar\/734a9bedc494f6dc8377999f4d8a7d95539d24428aae22d6a7a829f916324968?s=96&r=g","url":"https:\/\/secure.gravatar.com\/avatar\/734a9bedc494f6dc8377999f4d8a7d95539d24428aae22d6a7a829f916324968?s=96&r=g","contentUrl":"https:\/\/secure.gravatar.com\/avatar\/734a9bedc494f6dc8377999f4d8a7d95539d24428aae22d6a7a829f916324968?s=96&r=g","caption":"Lutz Lindemann"},"sameAs":["http:\/\/lutzlindemann.com"]}]}},"_links":{"self":[{"href":"https:\/\/blog.swt-sports.de\/index.php\/wp-json\/wp\/v2\/posts\/1060","targetHints":{"allow":["GET"]}}],"collection":[{"href":"https:\/\/blog.swt-sports.de\/index.php\/wp-json\/wp\/v2\/posts"}],"about":[{"href":"https:\/\/blog.swt-sports.de\/index.php\/wp-json\/wp\/v2\/types\/post"}],"author":[{"embeddable":true,"href":"https:\/\/blog.swt-sports.de\/index.php\/wp-json\/wp\/v2\/users\/26194"}],"replies":[{"embeddable":true,"href":"https:\/\/blog.swt-sports.de\/index.php\/wp-json\/wp\/v2\/comments?post=1060"}],"version-history":[{"count":4,"href":"https:\/\/blog.swt-sports.de\/index.php\/wp-json\/wp\/v2\/posts\/1060\/revisions"}],"predecessor-version":[{"id":1740,"href":"https:\/\/blog.swt-sports.de\/index.php\/wp-json\/wp\/v2\/posts\/1060\/revisions\/1740"}],"wp:featuredmedia":[{"embeddable":true,"href":"https:\/\/blog.swt-sports.de\/index.php\/wp-json\/wp\/v2\/media\/1067"}],"wp:attachment":[{"href":"https:\/\/blog.swt-sports.de\/index.php\/wp-json\/wp\/v2\/media?parent=1060"}],"wp:term":[{"taxonomy":"category","embeddable":true,"href":"https:\/\/blog.swt-sports.de\/index.php\/wp-json\/wp\/v2\/categories?post=1060"},{"taxonomy":"post_tag","embeddable":true,"href":"https:\/\/blog.swt-sports.de\/index.php\/wp-json\/wp\/v2\/tags?post=1060"}],"curies":[{"name":"wp","href":"https:\/\/api.w.org\/{rel}","templated":true}]}}